{"id":16077,"date":"2026-04-28T09:45:35","date_gmt":"2026-04-28T12:45:35","guid":{"rendered":"https:\/\/www.tribunanf.com.br\/blogdoralfereis\/?p=16077"},"modified":"2026-04-28T09:45:35","modified_gmt":"2026-04-28T12:45:35","slug":"governo-ricardo-couto-exonera-igor-marques-subsecretario-de-comunicacao-e-outros-membros-da-equipe","status":"publish","type":"post","link":"https:\/\/www.tribunanf.com.br\/blogdoralfereis\/2026\/04\/28\/governo-ricardo-couto-exonera-igor-marques-subsecretario-de-comunicacao-e-outros-membros-da-equipe\/","title":{"rendered":"Governo Ricardo Couto exonera Igor Marques, subsecret\u00e1rio de Comunica\u00e7\u00e3o, e outros membros da equipe"},"content":{"rendered":"<p><img loading=\"lazy\" decoding=\"async\" class=\"aligncenter size-large wp-image-11756\" src=\"https:\/\/www.tribunanf.com.br\/blogdoralfereis\/wp-content\/uploads\/sites\/11\/2023\/10\/a_palacio_guanabara_Easy-Resize.com_-1024x590.jpg\" alt=\"\" width=\"800\" height=\"461\" srcset=\"https:\/\/www.tribunanf.com.br\/blogdoralfereis\/wp-content\/uploads\/sites\/11\/2023\/10\/a_palacio_guanabara_Easy-Resize.com_-1024x590.jpg 1024w, https:\/\/www.tribunanf.com.br\/blogdoralfereis\/wp-content\/uploads\/sites\/11\/2023\/10\/a_palacio_guanabara_Easy-Resize.com_-300x173.jpg 300w, https:\/\/www.tribunanf.com.br\/blogdoralfereis\/wp-content\/uploads\/sites\/11\/2023\/10\/a_palacio_guanabara_Easy-Resize.com_-768x443.jpg 768w, https:\/\/www.tribunanf.com.br\/blogdoralfereis\/wp-content\/uploads\/sites\/11\/2023\/10\/a_palacio_guanabara_Easy-Resize.com_.jpg 1280w\" sizes=\"auto, (max-width: 800px) 100vw, 800px\" \/><\/p>\n<p style=\"text-align: justify;\">O governador em exerc\u00edcio, desembargador Ricardo Couto, exonerou o subsecret\u00e1rio de Comunica\u00e7\u00e3o do Estado, Igor Marques.<\/p>\n<p style=\"text-align: justify;\">No dia de ontem, a Casa Civil j\u00e1 havia exonerado dois membros da equipe de Marques. Ap\u00f3s as exonera\u00e7\u00f5es, Igor foi exonerado &#8220;a pedido&#8221;.<\/p>\n<p style=\"text-align: justify;\">Igor Marques foi exonerado do cargo de subsecret\u00e1rio, s\u00edmbolo SS, da Subsecretaria de Comunica\u00e7\u00e3o Social e Publicidade, vinculada \u00e0 Secretaria de Estado da Casa Civil.<\/p>\n<p style=\"text-align: justify;\">Como a subsecretaria est\u00e1 vinculada \u00e0 Secretaria da Casa Civil, o secret\u00e1rio deveria auditar o robusto contrato de publicidade. Vai encontrar muita coisas de arrepiar.<\/p>\n","protected":false},"excerpt":{"rendered":"<p>O governador em exerc\u00edcio, desembargador Ricardo Couto, exonerou o subsecret\u00e1rio de Comunica\u00e7\u00e3o do Estado, Igor Marques. No dia de ontem,&#8230;<\/p>\n","protected":false},"author":2,"featured_media":11756,"comment_status":"open","ping_status":"open","sticky":false,"template":"","format":"standard","meta":{"colormag_page_container_layout":"default_layout","colormag_page_sidebar_layout":"default_layout","jetpack_post_was_ever_published":false,"_jetpack_newsletter_access":"","_jetpack_dont_email_post_to_subs":false,"_jetpack_newsletter_tier_id":0,"_jetpack_memberships_contains_paywalled_content":false,"_jetpack_memberships_contains_paid_content":false,"footnotes":""},"categories":[2],"tags":[],"class_list":["post-16077","post","type-post","status-publish","format-standard","has-post-thumbnail","hentry","category-politica"],"jetpack_featured_media_url":"https:\/\/www.tribunanf.com.br\/blogdoralfereis\/wp-content\/uploads\/sites\/11\/2023\/10\/a_palacio_guanabara_Easy-Resize.com_.jpg","jetpack_sharing_enabled":true,"_links":{"self":[{"href":"https:\/\/www.tribunanf.com.br\/blogdoralfereis\/wp-json\/wp\/v2\/posts\/16077","targetHints":{"allow":["GET"]}}],"collection":[{"href":"https:\/\/www.tribunanf.com.br\/blogdoralfereis\/wp-json\/wp\/v2\/posts"}],"about":[{"href":"https:\/\/www.tribunanf.com.br\/blogdoralfereis\/wp-json\/wp\/v2\/types\/post"}],"author":[{"embeddable":true,"href":"https:\/\/www.tribunanf.com.br\/blogdoralfereis\/wp-json\/wp\/v2\/users\/2"}],"replies":[{"embeddable":true,"href":"https:\/\/www.tribunanf.com.br\/blogdoralfereis\/wp-json\/wp\/v2\/comments?post=16077"}],"version-history":[{"count":2,"href":"https:\/\/www.tribunanf.com.br\/blogdoralfereis\/wp-json\/wp\/v2\/posts\/16077\/revisions"}],"predecessor-version":[{"id":16079,"href":"https:\/\/www.tribunanf.com.br\/blogdoralfereis\/wp-json\/wp\/v2\/posts\/16077\/revisions\/16079"}],"wp:featuredmedia":[{"embeddable":true,"href":"https:\/\/www.tribunanf.com.br\/blogdoralfereis\/wp-json\/wp\/v2\/media\/11756"}],"wp:attachment":[{"href":"https:\/\/www.tribunanf.com.br\/blogdoralfereis\/wp-json\/wp\/v2\/media?parent=16077"}],"wp:term":[{"taxonomy":"category","embeddable":true,"href":"https:\/\/www.tribunanf.com.br\/blogdoralfereis\/wp-json\/wp\/v2\/categories?post=16077"},{"taxonomy":"post_tag","embeddable":true,"href":"https:\/\/www.tribunanf.com.br\/blogdoralfereis\/wp-json\/wp\/v2\/tags?post=16077"}],"curies":[{"name":"wp","href":"https:\/\/api.w.org\/{rel}","templated":true}]}}