{"id":16072,"date":"2026-04-27T10:52:23","date_gmt":"2026-04-27T13:52:23","guid":{"rendered":"https:\/\/www.tribunanf.com.br\/blogdoralfereis\/?p=16072"},"modified":"2026-04-27T11:06:55","modified_gmt":"2026-04-27T14:06:55","slug":"rio-de-janeiro-quase-60-pode-mudar-o-voto-aponta-diretor-da-quaest","status":"publish","type":"post","link":"https:\/\/www.tribunanf.com.br\/blogdoralfereis\/2026\/04\/27\/rio-de-janeiro-quase-60-pode-mudar-o-voto-aponta-diretor-da-quaest\/","title":{"rendered":"Rio de Janeiro: &#8220;Quase 60% pode mudar o voto&#8221;, aponta diretor da Quaest"},"content":{"rendered":"<p><img loading=\"lazy\" decoding=\"async\" class=\"aligncenter size-large wp-image-10508\" src=\"https:\/\/www.tribunanf.com.br\/blogdoralfereis\/wp-content\/uploads\/sites\/11\/2022\/11\/palacio-guanabara-2017-32_Easy-Resize.com_-1024x682.jpg\" alt=\"Pal\u00e1cio Guanabara\" width=\"800\" height=\"533\" srcset=\"https:\/\/www.tribunanf.com.br\/blogdoralfereis\/wp-content\/uploads\/sites\/11\/2022\/11\/palacio-guanabara-2017-32_Easy-Resize.com_-1024x682.jpg 1024w, https:\/\/www.tribunanf.com.br\/blogdoralfereis\/wp-content\/uploads\/sites\/11\/2022\/11\/palacio-guanabara-2017-32_Easy-Resize.com_-300x200.jpg 300w, https:\/\/www.tribunanf.com.br\/blogdoralfereis\/wp-content\/uploads\/sites\/11\/2022\/11\/palacio-guanabara-2017-32_Easy-Resize.com_-768x512.jpg 768w, https:\/\/www.tribunanf.com.br\/blogdoralfereis\/wp-content\/uploads\/sites\/11\/2022\/11\/palacio-guanabara-2017-32_Easy-Resize.com_.jpg 1280w\" sizes=\"auto, (max-width: 800px) 100vw, 800px\" \/><\/p>\n<p style=\"text-align: justify;\">O diretor da Quaest Pesquisa e Consultoria, Felipe Nunes, comentou sobre o cen\u00e1rio eleitoral do Rio de Janeiro com base na pesquisa divulgada nesta segunda-feira.<\/p>\n<p style=\"text-align: justify;\">Apesar da vantagem de Eduardo Paes, Felipe Nunes aponta para alto \u00edndice de possibilidade de mudan\u00e7a de voto dos eleitores.<\/p>\n<p style=\"text-align: justify;\">&#8220;No Rio, a vantagem de Eduardo Paes continua muito grande. Ele tem entre 34% e 40% das inten\u00e7\u00f5es de voto, a depender do cen\u00e1rio testado. Douglas Ruas tem entre 9% e 11%. O ex-governador Garotinho tem 8%. Os outros nomes testados somam entre 7 e 9%.<\/p>\n<p style=\"text-align: justify;\">A vantagem de Paes na simula\u00e7\u00e3o de segundo turno \u00e9 significativa neste momento: ele tem 49% contra 16% de Douglas Ruas.<\/p>\n<p style=\"text-align: justify;\">Este \u00e9 um cen\u00e1rio que ainda pode mudar muito. Primeiro, h\u00e1 aproximadamente 20% de indecisos nos cen\u00e1rios estimulados. Segundo, quase 60% dizem que podem mudar sua declara\u00e7\u00e3o de voto durante a elei\u00e7\u00e3o.&#8221;, disse Nunes.<\/p>\n<p style=\"text-align: justify;\">Outro dado relevante na pesquisa \u00e9 alto percentual de eleitores que n\u00e3o sabem em quem votar no cen\u00e1rio espont\u00e2neo: 87% de indecisos.<\/p>\n<p>Leia tamb\u00e9m:<\/p>\n<blockquote class=\"wp-embedded-content\" data-secret=\"jtWbYEczob\"><p><a href=\"https:\/\/www.tribunanf.com.br\/pesquisa-quaest-paes-lidera-para-o-governo-do-rio-de-janeiro-douglas-ruas-e-garotinho-empatados-em-segundo-lugar\/\">Pesquisa Quaest: Paes lidera para o governo do Rio de Janeiro. Douglas Ruas e Garotinho empatados em segundo lugar<\/a><\/p><\/blockquote>\n<p><iframe loading=\"lazy\" class=\"wp-embedded-content\" sandbox=\"allow-scripts\" security=\"restricted\" style=\"position: absolute; visibility: hidden;\" title=\"&#8220;Pesquisa Quaest: Paes lidera para o governo do Rio de Janeiro. Douglas Ruas e Garotinho empatados em segundo lugar&#8221; &#8212; Tribuna NF\" src=\"https:\/\/www.tribunanf.com.br\/pesquisa-quaest-paes-lidera-para-o-governo-do-rio-de-janeiro-douglas-ruas-e-garotinho-empatados-em-segundo-lugar\/embed\/#?secret=YEQJDFH0Ss#?secret=jtWbYEczob\" data-secret=\"jtWbYEczob\" width=\"600\" height=\"338\" frameborder=\"0\" marginwidth=\"0\" marginheight=\"0\" scrolling=\"no\"><\/iframe><\/p>\n<blockquote class=\"wp-embedded-content\" data-secret=\"iYv1UFuKpk\"><p><a href=\"https:\/\/www.tribunanf.com.br\/blogdoralfereis\/2026\/04\/27\/pesquisa-quaest-53-dos-eleitores-dizem-que-claudio-castro-nao-merece-eleger-o-sucessor-desaprovacao-do-ex-governador-sobe-para-47\/\">Pesquisa Quaest: 53% dos eleitores dizem que Cl\u00e1udio Castro n\u00e3o merece eleger o sucessor. Desaprova\u00e7\u00e3o do ex-governador sobe para 47%.<\/a><\/p><\/blockquote>\n<p><iframe loading=\"lazy\" class=\"wp-embedded-content\" sandbox=\"allow-scripts\" security=\"restricted\" style=\"position: absolute; visibility: hidden;\" title=\"&#8220;Pesquisa Quaest: 53% dos eleitores dizem que Cl\u00e1udio Castro n\u00e3o merece eleger o sucessor. Desaprova\u00e7\u00e3o do ex-governador sobe para 47%.&#8221; &#8212; Blog do Ralfe Reis\" src=\"https:\/\/www.tribunanf.com.br\/blogdoralfereis\/2026\/04\/27\/pesquisa-quaest-53-dos-eleitores-dizem-que-claudio-castro-nao-merece-eleger-o-sucessor-desaprovacao-do-ex-governador-sobe-para-47\/embed\/#?secret=ic9Rli3dXr#?secret=iYv1UFuKpk\" data-secret=\"iYv1UFuKpk\" width=\"600\" height=\"338\" frameborder=\"0\" marginwidth=\"0\" marginheight=\"0\" scrolling=\"no\"><\/iframe><\/p>\n","protected":false},"excerpt":{"rendered":"<p>O diretor da Quaest Pesquisa e Consultoria, Felipe Nunes, comentou sobre o cen\u00e1rio eleitoral do Rio de Janeiro com base&#8230;<\/p>\n","protected":false},"author":2,"featured_media":10508,"comment_status":"open","ping_status":"open","sticky":false,"template":"","format":"standard","meta":{"colormag_page_container_layout":"default_layout","colormag_page_sidebar_layout":"default_layout","jetpack_post_was_ever_published":false,"_jetpack_newsletter_access":"","_jetpack_dont_email_post_to_subs":false,"_jetpack_newsletter_tier_id":0,"_jetpack_memberships_contains_paywalled_content":false,"_jetpack_memberships_contains_paid_content":false,"footnotes":""},"categories":[2],"tags":[],"class_list":["post-16072","post","type-post","status-publish","format-standard","has-post-thumbnail","hentry","category-politica"],"jetpack_featured_media_url":"https:\/\/www.tribunanf.com.br\/blogdoralfereis\/wp-content\/uploads\/sites\/11\/2022\/11\/palacio-guanabara-2017-32_Easy-Resize.com_.jpg","jetpack_sharing_enabled":true,"_links":{"self":[{"href":"https:\/\/www.tribunanf.com.br\/blogdoralfereis\/wp-json\/wp\/v2\/posts\/16072","targetHints":{"allow":["GET"]}}],"collection":[{"href":"https:\/\/www.tribunanf.com.br\/blogdoralfereis\/wp-json\/wp\/v2\/posts"}],"about":[{"href":"https:\/\/www.tribunanf.com.br\/blogdoralfereis\/wp-json\/wp\/v2\/types\/post"}],"author":[{"embeddable":true,"href":"https:\/\/www.tribunanf.com.br\/blogdoralfereis\/wp-json\/wp\/v2\/users\/2"}],"replies":[{"embeddable":true,"href":"https:\/\/www.tribunanf.com.br\/blogdoralfereis\/wp-json\/wp\/v2\/comments?post=16072"}],"version-history":[{"count":2,"href":"https:\/\/www.tribunanf.com.br\/blogdoralfereis\/wp-json\/wp\/v2\/posts\/16072\/revisions"}],"predecessor-version":[{"id":16076,"href":"https:\/\/www.tribunanf.com.br\/blogdoralfereis\/wp-json\/wp\/v2\/posts\/16072\/revisions\/16076"}],"wp:featuredmedia":[{"embeddable":true,"href":"https:\/\/www.tribunanf.com.br\/blogdoralfereis\/wp-json\/wp\/v2\/media\/10508"}],"wp:attachment":[{"href":"https:\/\/www.tribunanf.com.br\/blogdoralfereis\/wp-json\/wp\/v2\/media?parent=16072"}],"wp:term":[{"taxonomy":"category","embeddable":true,"href":"https:\/\/www.tribunanf.com.br\/blogdoralfereis\/wp-json\/wp\/v2\/categories?post=16072"},{"taxonomy":"post_tag","embeddable":true,"href":"https:\/\/www.tribunanf.com.br\/blogdoralfereis\/wp-json\/wp\/v2\/tags?post=16072"}],"curies":[{"name":"wp","href":"https:\/\/api.w.org\/{rel}","templated":true}]}}