{"id":16068,"date":"2026-04-27T09:39:38","date_gmt":"2026-04-27T12:39:38","guid":{"rendered":"https:\/\/www.tribunanf.com.br\/blogdoralfereis\/?p=16068"},"modified":"2026-04-27T09:39:38","modified_gmt":"2026-04-27T12:39:38","slug":"pesquisa-quaest-53-dos-eleitores-dizem-que-claudio-castro-nao-merece-eleger-o-sucessor-desaprovacao-do-ex-governador-sobe-para-47","status":"publish","type":"post","link":"https:\/\/www.tribunanf.com.br\/blogdoralfereis\/2026\/04\/27\/pesquisa-quaest-53-dos-eleitores-dizem-que-claudio-castro-nao-merece-eleger-o-sucessor-desaprovacao-do-ex-governador-sobe-para-47\/","title":{"rendered":"Pesquisa Quaest: 53% dos eleitores dizem que Cl\u00e1udio Castro n\u00e3o merece eleger o sucessor. Desaprova\u00e7\u00e3o do ex-governador sobe para 47%."},"content":{"rendered":"<p><img loading=\"lazy\" decoding=\"async\" class=\"aligncenter size-large wp-image-11152\" src=\"https:\/\/www.tribunanf.com.br\/blogdoralfereis\/wp-content\/uploads\/sites\/11\/2023\/05\/castro_Easy-Resize.com_-1024x683.jpg\" alt=\"\" width=\"800\" height=\"534\" srcset=\"https:\/\/www.tribunanf.com.br\/blogdoralfereis\/wp-content\/uploads\/sites\/11\/2023\/05\/castro_Easy-Resize.com_-1024x683.jpg 1024w, https:\/\/www.tribunanf.com.br\/blogdoralfereis\/wp-content\/uploads\/sites\/11\/2023\/05\/castro_Easy-Resize.com_-300x200.jpg 300w, https:\/\/www.tribunanf.com.br\/blogdoralfereis\/wp-content\/uploads\/sites\/11\/2023\/05\/castro_Easy-Resize.com_-768x512.jpg 768w, https:\/\/www.tribunanf.com.br\/blogdoralfereis\/wp-content\/uploads\/sites\/11\/2023\/05\/castro_Easy-Resize.com_.jpg 1280w\" sizes=\"auto, (max-width: 800px) 100vw, 800px\" \/><\/p>\n<p style=\"text-align: justify;\">A pouco mais de cinco meses das elei\u00e7\u00f5es, a aprova\u00e7\u00e3o do governo Cl\u00e1udio Castro (PL) caiu 18 pontos percentuais. Em outubro do ano passado \u2014 quando foi realizada a opera\u00e7\u00e3o Conten\u00e7\u00e3o nos complexos da Penha e do Alem\u00e3o, resultando em 122 mortos \u2014 o governo era aprovado por 53% dos fluminenses; j\u00e1 no levantamento divulgado nesta segunda-feira (27), o \u00edndice caiu para 35%.<\/p>\n<p style=\"text-align: justify;\">A desaprova\u00e7\u00e3o cresceu de 40% para 47%.<\/p>\n<p style=\"text-align: justify;\">Castro renunciou ao governo, no dia 24 de mar\u00e7o, para disputar a elei\u00e7\u00e3o para o Senado \u2014 mas, no dia seguinte, foi considerado ineleg\u00edvel pelo Tribunal Superior Eleitora (TSE), como resultado do julgamento do caso Ceperj. Ele recorreu da condena\u00e7\u00e3o. Como a aprova\u00e7\u00e3o do governo havia sido catapultada pela opera\u00e7\u00e3o na Penha e no Alem\u00e3o, Castro \u00e9 dado como um trunfo eleitoral pelo seu partido, o PL.<\/p>\n<p style=\"text-align: justify;\">O ex-governador n\u00e3o aparece como um bom cabo eleitoral<\/p>\n<p style=\"text-align: justify;\">Na pesquisa Quaest, 53% dos eleitores dizem que Cl\u00e1udio Castro n\u00e3o merece eleger o sucessor que indicar. Outros 36% responderam que sim, Castro deveria eleger o pr\u00f3ximo governador. E 11% dizem n\u00e3o saber, ou preferir n\u00e3o responder.<\/p>\n<p style=\"text-align: justify;\">Para 43% dos eleitores, inclusive, o pr\u00f3ximo governador deve mudar totalmente os rumos da administra\u00e7\u00e3o estadual. Outros 34% acham que deve mudar apenas o que n\u00e3o est\u00e1 bom. Apenas 17% consideram que vale continuar o trabalho que vem sendo feito.<\/p>\n<p style=\"text-align: justify;\">Como foi feita a pesquisa<\/p>\n<p style=\"text-align: justify;\">A pesquisa Quaest, encomendada pela Genial Investimentos, ouviu 1.200 pessoas, em entrevistas pessoais, domiciliares e presenciais, entre os dias 21 e 25 de abril. A margem de erro \u00e9 de 3 pontos percentuais, para mais ou para menos. Ela foi registrada no Tribunal Regional Eleitoral sob o n\u00famero RJ-00613\/20026.<\/p>\n<p style=\"text-align: justify;\">Com informa\u00e7\u00f5es do site Tempo Real.<\/p>\n","protected":false},"excerpt":{"rendered":"<p>A pouco mais de cinco meses das elei\u00e7\u00f5es, a aprova\u00e7\u00e3o do governo Cl\u00e1udio Castro (PL) caiu 18 pontos percentuais. Em&#8230;<\/p>\n","protected":false},"author":2,"featured_media":11152,"comment_status":"open","ping_status":"open","sticky":false,"template":"","format":"standard","meta":{"colormag_page_container_layout":"default_layout","colormag_page_sidebar_layout":"default_layout","jetpack_post_was_ever_published":false,"_jetpack_newsletter_access":"","_jetpack_dont_email_post_to_subs":false,"_jetpack_newsletter_tier_id":0,"_jetpack_memberships_contains_paywalled_content":false,"_jetpack_memberships_contains_paid_content":false,"footnotes":""},"categories":[2],"tags":[],"class_list":["post-16068","post","type-post","status-publish","format-standard","has-post-thumbnail","hentry","category-politica"],"jetpack_featured_media_url":"https:\/\/www.tribunanf.com.br\/blogdoralfereis\/wp-content\/uploads\/sites\/11\/2023\/05\/castro_Easy-Resize.com_.jpg","jetpack_sharing_enabled":true,"_links":{"self":[{"href":"https:\/\/www.tribunanf.com.br\/blogdoralfereis\/wp-json\/wp\/v2\/posts\/16068","targetHints":{"allow":["GET"]}}],"collection":[{"href":"https:\/\/www.tribunanf.com.br\/blogdoralfereis\/wp-json\/wp\/v2\/posts"}],"about":[{"href":"https:\/\/www.tribunanf.com.br\/blogdoralfereis\/wp-json\/wp\/v2\/types\/post"}],"author":[{"embeddable":true,"href":"https:\/\/www.tribunanf.com.br\/blogdoralfereis\/wp-json\/wp\/v2\/users\/2"}],"replies":[{"embeddable":true,"href":"https:\/\/www.tribunanf.com.br\/blogdoralfereis\/wp-json\/wp\/v2\/comments?post=16068"}],"version-history":[{"count":3,"href":"https:\/\/www.tribunanf.com.br\/blogdoralfereis\/wp-json\/wp\/v2\/posts\/16068\/revisions"}],"predecessor-version":[{"id":16071,"href":"https:\/\/www.tribunanf.com.br\/blogdoralfereis\/wp-json\/wp\/v2\/posts\/16068\/revisions\/16071"}],"wp:featuredmedia":[{"embeddable":true,"href":"https:\/\/www.tribunanf.com.br\/blogdoralfereis\/wp-json\/wp\/v2\/media\/11152"}],"wp:attachment":[{"href":"https:\/\/www.tribunanf.com.br\/blogdoralfereis\/wp-json\/wp\/v2\/media?parent=16068"}],"wp:term":[{"taxonomy":"category","embeddable":true,"href":"https:\/\/www.tribunanf.com.br\/blogdoralfereis\/wp-json\/wp\/v2\/categories?post=16068"},{"taxonomy":"post_tag","embeddable":true,"href":"https:\/\/www.tribunanf.com.br\/blogdoralfereis\/wp-json\/wp\/v2\/tags?post=16068"}],"curies":[{"name":"wp","href":"https:\/\/api.w.org\/{rel}","templated":true}]}}