{"id":1589,"date":"2019-02-28T08:43:43","date_gmt":"2019-02-28T11:43:43","guid":{"rendered":"http:\/\/www.tribunanf.com.br\/blogdoralfereis\/?p=1589"},"modified":"2019-02-28T08:45:18","modified_gmt":"2019-02-28T11:45:18","slug":"mpf-reafirma-pedido-de-cassacao-de-marcao-gomes-e-processo-fica-apto-para-julgamento","status":"publish","type":"post","link":"https:\/\/www.tribunanf.com.br\/blogdoralfereis\/2019\/02\/28\/mpf-reafirma-pedido-de-cassacao-de-marcao-gomes-e-processo-fica-apto-para-julgamento\/","title":{"rendered":"MPF reafirma pedido de cassa\u00e7\u00e3o de Marc\u00e3o Gomes e processo fica apto para julgamento"},"content":{"rendered":"<p><img loading=\"lazy\" decoding=\"async\" class=\"aligncenter size-full wp-image-1592\" src=\"http:\/\/www.tribunanf.com.br\/blogdoralfereis\/wp-content\/uploads\/sites\/11\/2019\/02\/rafael-marc\u00e3o.jpg\" alt=\"\" width=\"1024\" height=\"682\" srcset=\"https:\/\/www.tribunanf.com.br\/blogdoralfereis\/wp-content\/uploads\/sites\/11\/2019\/02\/rafael-marc\u00e3o.jpg 1024w, https:\/\/www.tribunanf.com.br\/blogdoralfereis\/wp-content\/uploads\/sites\/11\/2019\/02\/rafael-marc\u00e3o-300x200.jpg 300w, https:\/\/www.tribunanf.com.br\/blogdoralfereis\/wp-content\/uploads\/sites\/11\/2019\/02\/rafael-marc\u00e3o-768x512.jpg 768w\" sizes=\"auto, (max-width: 1024px) 100vw, 1024px\" \/><\/p>\n<p style=\"text-align: justify;\">O Minist\u00e9rio P\u00fablico Federal, atrav\u00e9s da Procuradoria Regional Eleitoral, ratificou (reafirmou) nesta quarta-feira (27) o parecer favor\u00e1vel \u00e0 a\u00e7\u00e3o que pede a cassa\u00e7\u00e3o do mandato do ex-presidente da C\u00e2mara Municipal de Campos e atual secret\u00e1rio de Desenvolvimento Humano, vereador Marc\u00e3o Gomes.<\/p>\n<p style=\"text-align: justify;\">Em julho de 2018, o jornal online <a href=\"http:\/\/www.tribunanf.com.br\/\"><strong>Tribunal NF<\/strong><\/a> publicou em primeira m\u00e3o o parecer favor\u00e1vel ao processo de cassa\u00e7\u00e3o de Marc\u00e3o (<strong><a href=\"http:\/\/www.tribunanf.com.br\/exclusivo-mpf-da-parecer-favoravel-a-acao-para-cassar-marcao-gomes\/\">MPF d\u00e1 parecer favor\u00e1vel a a\u00e7\u00e3o para cassar Marc\u00e3o Gomes<\/a>).<\/strong><\/p>\n<p style=\"text-align: justify;\">A a\u00e7\u00e3o de Perda de Mandato Eletivo por infidelidade partid\u00e1ria foi proposta pelo ex-partido de Marc\u00e3o, a Rede Sustentabilidade, e pelo primeiro suplente da sigla, Thiago Miquilito.<\/p>\n<p style=\"text-align: justify;\">Marc\u00e3o Gomes saiu da Rede e filiou-se ao PR para concorrer a uma vaga de deputado federal sem justa causa e fora do prazo permitido por lei, recebeu mais de R$ 1 milh\u00e3o do fundo partid\u00e1rio e perdeu a elei\u00e7\u00e3o.<\/p>\n<p style=\"text-align: justify;\">Com a nova peti\u00e7\u00e3o juntada aos autos, o processo fica pronto para o desembargador relator Ant\u00f4nio Aur\u00e9lio Abi Ramia preparar o seu voto e levar ao plen\u00e1rio do TRE.<\/p>\n<p style=\"text-align: justify;\">Confira o parecer:\u00a0<a href=\"http:\/\/www.tribunanf.com.br\/blogdoralfereis\/wp-content\/uploads\/sites\/11\/2019\/02\/Parecer-Marc\u00e3o-julho-2018.pdf\">Parecer Marc\u00e3o<\/a><\/p>\n<p><img loading=\"lazy\" decoding=\"async\" class=\"aligncenter size-full wp-image-1590\" src=\"http:\/\/www.tribunanf.com.br\/blogdoralfereis\/wp-content\/uploads\/sites\/11\/2019\/02\/0001-98.jpg\" alt=\"\" width=\"2480\" height=\"3509\" srcset=\"https:\/\/www.tribunanf.com.br\/blogdoralfereis\/wp-content\/uploads\/sites\/11\/2019\/02\/0001-98.jpg 2480w, https:\/\/www.tribunanf.com.br\/blogdoralfereis\/wp-content\/uploads\/sites\/11\/2019\/02\/0001-98-212x300.jpg 212w, https:\/\/www.tribunanf.com.br\/blogdoralfereis\/wp-content\/uploads\/sites\/11\/2019\/02\/0001-98-768x1087.jpg 768w, https:\/\/www.tribunanf.com.br\/blogdoralfereis\/wp-content\/uploads\/sites\/11\/2019\/02\/0001-98-724x1024.jpg 724w\" sizes=\"auto, (max-width: 2480px) 100vw, 2480px\" \/><\/p>\n","protected":false},"excerpt":{"rendered":"<p>O Minist\u00e9rio P\u00fablico Federal, atrav\u00e9s da Procuradoria Regional Eleitoral, ratificou (reafirmou) nesta quarta-feira (27) o parecer favor\u00e1vel \u00e0 a\u00e7\u00e3o que&#8230;<\/p>\n","protected":false},"author":2,"featured_media":1592,"comment_status":"open","ping_status":"open","sticky":false,"template":"","format":"standard","meta":{"colormag_page_container_layout":"default_layout","colormag_page_sidebar_layout":"default_layout","jetpack_post_was_ever_published":false,"_jetpack_newsletter_access":"","_jetpack_dont_email_post_to_subs":false,"_jetpack_newsletter_tier_id":0,"_jetpack_memberships_contains_paywalled_content":false,"_jetpack_memberships_contains_paid_content":false,"footnotes":""},"categories":[2],"tags":[5,4],"class_list":["post-1589","post","type-post","status-publish","format-standard","has-post-thumbnail","hentry","category-politica","tag-marcao-gomes","tag-rafael-diniz"],"jetpack_featured_media_url":"https:\/\/www.tribunanf.com.br\/blogdoralfereis\/wp-content\/uploads\/sites\/11\/2019\/02\/rafael-marc\u00e3o.jpg","jetpack_sharing_enabled":true,"_links":{"self":[{"href":"https:\/\/www.tribunanf.com.br\/blogdoralfereis\/wp-json\/wp\/v2\/posts\/1589","targetHints":{"allow":["GET"]}}],"collection":[{"href":"https:\/\/www.tribunanf.com.br\/blogdoralfereis\/wp-json\/wp\/v2\/posts"}],"about":[{"href":"https:\/\/www.tribunanf.com.br\/blogdoralfereis\/wp-json\/wp\/v2\/types\/post"}],"author":[{"embeddable":true,"href":"https:\/\/www.tribunanf.com.br\/blogdoralfereis\/wp-json\/wp\/v2\/users\/2"}],"replies":[{"embeddable":true,"href":"https:\/\/www.tribunanf.com.br\/blogdoralfereis\/wp-json\/wp\/v2\/comments?post=1589"}],"version-history":[{"count":0,"href":"https:\/\/www.tribunanf.com.br\/blogdoralfereis\/wp-json\/wp\/v2\/posts\/1589\/revisions"}],"wp:featuredmedia":[{"embeddable":true,"href":"https:\/\/www.tribunanf.com.br\/blogdoralfereis\/wp-json\/wp\/v2\/media\/1592"}],"wp:attachment":[{"href":"https:\/\/www.tribunanf.com.br\/blogdoralfereis\/wp-json\/wp\/v2\/media?parent=1589"}],"wp:term":[{"taxonomy":"category","embeddable":true,"href":"https:\/\/www.tribunanf.com.br\/blogdoralfereis\/wp-json\/wp\/v2\/categories?post=1589"},{"taxonomy":"post_tag","embeddable":true,"href":"https:\/\/www.tribunanf.com.br\/blogdoralfereis\/wp-json\/wp\/v2\/tags?post=1589"}],"curies":[{"name":"wp","href":"https:\/\/api.w.org\/{rel}","templated":true}]}}