{"id":15737,"date":"2026-03-17T08:23:46","date_gmt":"2026-03-17T11:23:46","guid":{"rendered":"https:\/\/www.tribunanf.com.br\/blogdoralfereis\/?p=15737"},"modified":"2026-03-17T08:23:46","modified_gmt":"2026-03-17T11:23:46","slug":"wladimir-garotinho-nega-briga-com-caio-vianna-e-cita-acordo-politico-para-2026","status":"publish","type":"post","link":"https:\/\/www.tribunanf.com.br\/blogdoralfereis\/2026\/03\/17\/wladimir-garotinho-nega-briga-com-caio-vianna-e-cita-acordo-politico-para-2026\/","title":{"rendered":"Wladimir Garotinho nega briga com Caio Vianna e cita acordo pol\u00edtico para 2026"},"content":{"rendered":"<p><img loading=\"lazy\" decoding=\"async\" class=\"aligncenter size-large wp-image-15738\" src=\"https:\/\/www.tribunanf.com.br\/blogdoralfereis\/wp-content\/uploads\/sites\/11\/2026\/03\/WhatsApp-Image-2026-03-17-at-08.18.40_Easy-Resize.com_-899x1024.jpg\" alt=\"\" width=\"800\" height=\"911\" srcset=\"https:\/\/www.tribunanf.com.br\/blogdoralfereis\/wp-content\/uploads\/sites\/11\/2026\/03\/WhatsApp-Image-2026-03-17-at-08.18.40_Easy-Resize.com_-899x1024.jpg 899w, https:\/\/www.tribunanf.com.br\/blogdoralfereis\/wp-content\/uploads\/sites\/11\/2026\/03\/WhatsApp-Image-2026-03-17-at-08.18.40_Easy-Resize.com_-263x300.jpg 263w, https:\/\/www.tribunanf.com.br\/blogdoralfereis\/wp-content\/uploads\/sites\/11\/2026\/03\/WhatsApp-Image-2026-03-17-at-08.18.40_Easy-Resize.com_-768x875.jpg 768w, https:\/\/www.tribunanf.com.br\/blogdoralfereis\/wp-content\/uploads\/sites\/11\/2026\/03\/WhatsApp-Image-2026-03-17-at-08.18.40_Easy-Resize.com_.jpg 1124w\" sizes=\"auto, (max-width: 800px) 100vw, 800px\" \/><\/p>\n<p style=\"text-align: justify;\">O prefeito de Campos dos Goytacazes, Wladimir Garotinho, afirmou que n\u00e3o existe briga com o deputado federal Caio Vianna. A declara\u00e7\u00e3o foi feita durante entrevista ao Portal Mais RJ, ao comentar as articula\u00e7\u00f5es pol\u00edticas relacionadas \u00e0s elei\u00e7\u00f5es de 2026.<\/p>\n<p style=\"text-align: justify;\">Segundo o prefeito, apesar de especula\u00e7\u00f5es nas redes sociais, n\u00e3o houve ruptura pessoal entre os dois. Ele afirmou que a situa\u00e7\u00e3o envolve apenas defini\u00e7\u00f5es pol\u00edticas que precisam ser tomadas nos pr\u00f3ximos meses.<\/p>\n<p style=\"text-align: justify;\">&#8220;Nada contra o Caio. N\u00e3o briguei com ele e nem vou brigar.&#8221;<\/p>\n<p style=\"text-align: justify;\">Acordo pol\u00edtico ap\u00f3s elei\u00e7\u00e3o de 2024<\/p>\n<p style=\"text-align: justify;\">Wladimir explicou que a alian\u00e7a constru\u00edda durante a elei\u00e7\u00e3o municipal de 2024 incluiu um entendimento sobre o cen\u00e1rio eleitoral seguinte. De acordo com ele, havia a expectativa de divis\u00e3o de candidaturas.<\/p>\n<p style=\"text-align: justify;\">\u201cEu fiz uma alian\u00e7a com o Caio para a elei\u00e7\u00e3o de 2024 e existia um compromisso p\u00fablico de que, se eu fosse candidato a deputado federal, ele seria candidato a deputado estadual.\u201d<\/p>\n<p style=\"text-align: justify;\">Com a aproxima\u00e7\u00e3o das elei\u00e7\u00f5es, o prefeito afirmou que ainda n\u00e3o houve sinaliza\u00e7\u00e3o clara sobre essa possibilidade.<\/p>\n<p style=\"text-align: justify;\">\u201cEle mesmo disse que desceria para estadual e at\u00e9 agora n\u00e3o fez movimento nenhum. Ent\u00e3o eu n\u00e3o tenho o que dizer. Pergunte para ele.\u201d<\/p>\n<p style=\"text-align: justify;\">Conversa ocorreu no Farol de S\u00e3o Tom\u00e9<\/p>\n<p style=\"text-align: justify;\">O prefeito tamb\u00e9m relatou que o assunto j\u00e1 havia sido tratado diretamente com Caio Vianna durante um encontro no Farol de S\u00e3o Tom\u00e9 no \u00faltimo ver\u00e3o.<\/p>\n<p style=\"text-align: justify;\">\u201cO que eu tinha de falar com ele eu j\u00e1 disse pessoalmente, inclusive nesse ver\u00e3o l\u00e1 no Farol de S\u00e3o Tom\u00e9.\u201d<\/p>\n<p style=\"text-align: justify;\">Segundo Wladimir, naquele momento ele chegou a convidar o deputado para registrar uma foto juntos, o que n\u00e3o aconteceu.<\/p>\n<p style=\"text-align: justify;\">\u201cInclusive queria ter tirado uma foto com ele, mas ele n\u00e3o quis.\u201d<\/p>\n<p style=\"text-align: justify;\">Prefeito afirma que cada um far\u00e1 sua escolha<\/p>\n<p style=\"text-align: justify;\">Apesar do impasse pol\u00edtico, Wladimir disse que n\u00e3o pretende transformar a situa\u00e7\u00e3o em conflito e que respeita as decis\u00f5es individuais.<\/p>\n<p style=\"text-align: justify;\">\u201cN\u00e3o tenho nada contra o Caio. Estivemos juntos em 2024 e s\u00f3 n\u00e3o estamos juntos em 2026 porque chegou a hora de decidir.\u201d<\/p>\n<p style=\"text-align: justify;\">Para o prefeito, o cen\u00e1rio eleitoral tende a se definir naturalmente nos pr\u00f3ximos meses, conforme cada lideran\u00e7a pol\u00edtica decidir seu caminho para a disputa de 2026.<\/p>\n<p style=\"text-align: justify;\">Fonte: Diego Machado, Portal Mais RJ<\/p>\n","protected":false},"excerpt":{"rendered":"<p>O prefeito de Campos dos Goytacazes, Wladimir Garotinho, afirmou que n\u00e3o existe briga com o deputado federal Caio Vianna. A&#8230;<\/p>\n","protected":false},"author":2,"featured_media":15738,"comment_status":"open","ping_status":"open","sticky":false,"template":"","format":"standard","meta":{"colormag_page_container_layout":"default_layout","colormag_page_sidebar_layout":"default_layout","jetpack_post_was_ever_published":false,"_jetpack_newsletter_access":"","_jetpack_dont_email_post_to_subs":false,"_jetpack_newsletter_tier_id":0,"_jetpack_memberships_contains_paywalled_content":false,"_jetpack_memberships_contains_paid_content":false,"footnotes":""},"categories":[2],"tags":[],"class_list":["post-15737","post","type-post","status-publish","format-standard","has-post-thumbnail","hentry","category-politica"],"jetpack_featured_media_url":"https:\/\/www.tribunanf.com.br\/blogdoralfereis\/wp-content\/uploads\/sites\/11\/2026\/03\/WhatsApp-Image-2026-03-17-at-08.18.40_Easy-Resize.com_.jpg","jetpack_sharing_enabled":true,"_links":{"self":[{"href":"https:\/\/www.tribunanf.com.br\/blogdoralfereis\/wp-json\/wp\/v2\/posts\/15737","targetHints":{"allow":["GET"]}}],"collection":[{"href":"https:\/\/www.tribunanf.com.br\/blogdoralfereis\/wp-json\/wp\/v2\/posts"}],"about":[{"href":"https:\/\/www.tribunanf.com.br\/blogdoralfereis\/wp-json\/wp\/v2\/types\/post"}],"author":[{"embeddable":true,"href":"https:\/\/www.tribunanf.com.br\/blogdoralfereis\/wp-json\/wp\/v2\/users\/2"}],"replies":[{"embeddable":true,"href":"https:\/\/www.tribunanf.com.br\/blogdoralfereis\/wp-json\/wp\/v2\/comments?post=15737"}],"version-history":[{"count":1,"href":"https:\/\/www.tribunanf.com.br\/blogdoralfereis\/wp-json\/wp\/v2\/posts\/15737\/revisions"}],"predecessor-version":[{"id":15739,"href":"https:\/\/www.tribunanf.com.br\/blogdoralfereis\/wp-json\/wp\/v2\/posts\/15737\/revisions\/15739"}],"wp:featuredmedia":[{"embeddable":true,"href":"https:\/\/www.tribunanf.com.br\/blogdoralfereis\/wp-json\/wp\/v2\/media\/15738"}],"wp:attachment":[{"href":"https:\/\/www.tribunanf.com.br\/blogdoralfereis\/wp-json\/wp\/v2\/media?parent=15737"}],"wp:term":[{"taxonomy":"category","embeddable":true,"href":"https:\/\/www.tribunanf.com.br\/blogdoralfereis\/wp-json\/wp\/v2\/categories?post=15737"},{"taxonomy":"post_tag","embeddable":true,"href":"https:\/\/www.tribunanf.com.br\/blogdoralfereis\/wp-json\/wp\/v2\/tags?post=15737"}],"curies":[{"name":"wp","href":"https:\/\/api.w.org\/{rel}","templated":true}]}}