{"id":15732,"date":"2026-03-16T21:34:27","date_gmt":"2026-03-17T00:34:27","guid":{"rendered":"https:\/\/www.tribunanf.com.br\/blogdoralfereis\/?p=15732"},"modified":"2026-03-16T21:39:32","modified_gmt":"2026-03-17T00:39:32","slug":"moraes-mantem-medidas-cautelares-contra-bacellar-e-prisao-do-desembargador-macario-judice","status":"publish","type":"post","link":"https:\/\/www.tribunanf.com.br\/blogdoralfereis\/2026\/03\/16\/moraes-mantem-medidas-cautelares-contra-bacellar-e-prisao-do-desembargador-macario-judice\/","title":{"rendered":"Moraes mant\u00e9m medidas cautelares contra Bacellar e pris\u00e3o do desembargador Mac\u00e1rio J\u00fadice"},"content":{"rendered":"<figure id=\"attachment_15161\" aria-describedby=\"caption-attachment-15161\" style=\"width: 800px\" class=\"wp-caption aligncenter\"><img loading=\"lazy\" decoding=\"async\" class=\"size-large wp-image-15161\" src=\"https:\/\/www.tribunanf.com.br\/blogdoralfereis\/wp-content\/uploads\/sites\/11\/2025\/12\/bacellar_Easy-Resize.com-3-1024x682.jpg\" alt=\"\" width=\"800\" height=\"533\" srcset=\"https:\/\/www.tribunanf.com.br\/blogdoralfereis\/wp-content\/uploads\/sites\/11\/2025\/12\/bacellar_Easy-Resize.com-3-1024x682.jpg 1024w, https:\/\/www.tribunanf.com.br\/blogdoralfereis\/wp-content\/uploads\/sites\/11\/2025\/12\/bacellar_Easy-Resize.com-3-300x200.jpg 300w, https:\/\/www.tribunanf.com.br\/blogdoralfereis\/wp-content\/uploads\/sites\/11\/2025\/12\/bacellar_Easy-Resize.com-3-768x512.jpg 768w, https:\/\/www.tribunanf.com.br\/blogdoralfereis\/wp-content\/uploads\/sites\/11\/2025\/12\/bacellar_Easy-Resize.com-3.jpg 1280w\" sizes=\"auto, (max-width: 800px) 100vw, 800px\" \/><figcaption id=\"caption-attachment-15161\" class=\"wp-caption-text\">Presidente da Alerj Rodrigo Bacellar<\/figcaption><\/figure>\n<p style=\"text-align: justify;\">O ministro Alexandre de Moraes, do Supremo Tribunal Federal, decidiu, na noite desta segunda-feira (16), pela manuten\u00e7\u00e3o das medidas cautelares contra o deputado Rodrigo Bacellar, e a pris\u00e3o do desembargador federal Mac\u00e1rio J\u00fadice.<\/p>\n<p style=\"text-align: justify;\">A decis\u00e3o, ao qual o<strong><em> blog do Ralfe Reis<\/em><\/strong>, hospedado em <strong><em>Tribuna NF<\/em><\/strong>, teve acesso, consta no \u00e2mbito da investiga\u00e7\u00e3o sobre obstru\u00e7\u00e3o de justi\u00e7a. O caso apura suposto vazamento da opera\u00e7\u00e3o Zargun, que prendeu TH Joias.<\/p>\n<p style=\"text-align: justify;\">A nova decis\u00e3o de Moraes acorre ap\u00f3s \u00e0 Procuradoria-Geral da Rep\u00fablica indiciar os investigados.<\/p>\n<p style=\"text-align: justify;\">&#8220;As medidas cautelares aplicadas se mostravam, e ainda se mostram, necess\u00e1rias e adequadas, bem como proporcionais em sentido estrito, na medida em que imp\u00f5em limita\u00e7\u00f5es \u00e0 liberdade dos investigados RODRIGO DA SILVA BACELLAR e de TH\u00c1RCIO NASCIMENTO SALGADO, que s\u00e3o menos gravosas do que aquelas decorrentes da pris\u00e3o preventiva, ao mesmo tempo em que se mostram suficientes para acautelar a ordem p\u00fablica, bem como a evitar embara\u00e7os \u00e0 aplica\u00e7\u00e3o da lei penal (RHC 198.180\/SC, Rel. Min. GILMAR MENDES, Dje de 18\/3\/2021; Pet 10.066 AgR-segundo, Red. p\/ Ac\u00f3rd\u00e3o ALEXANDRE DE MORAES, Tribunal Pleno, DJe de 15\/8\/2023).<\/p>\n<p style=\"text-align: justify;\">De igual modo, permanecem inalterados os fundamentos que justificaram a decreta\u00e7\u00e3o da pris\u00e3o preventiva de MAC\u00c1RIO RAMOS J\u00daDICE NETO, a qual se revela adequada e necess\u00e1ria diante das circunst\u00e2ncias do caso concreto, inclusive mantida em decis\u00e3o proferida no dia 9\/3\/2026, nos autos da Pet 14.959\/RJ.&#8221;, decidiu o ministro, que ainda deferiu uma s\u00e9rie de comunica\u00e7\u00f5es a outros \u00f3rg\u00e3o, entre eles a Alerj e ao TRF-2.<\/p>\n","protected":false},"excerpt":{"rendered":"<p>O ministro Alexandre de Moraes, do Supremo Tribunal Federal, decidiu, na noite desta segunda-feira (16), pela manuten\u00e7\u00e3o das medidas cautelares&#8230;<\/p>\n","protected":false},"author":2,"featured_media":15161,"comment_status":"open","ping_status":"open","sticky":false,"template":"","format":"standard","meta":{"colormag_page_container_layout":"default_layout","colormag_page_sidebar_layout":"default_layout","jetpack_post_was_ever_published":false,"_jetpack_newsletter_access":"","_jetpack_dont_email_post_to_subs":false,"_jetpack_newsletter_tier_id":0,"_jetpack_memberships_contains_paywalled_content":false,"_jetpack_memberships_contains_paid_content":false,"footnotes":""},"categories":[2],"tags":[],"class_list":["post-15732","post","type-post","status-publish","format-standard","has-post-thumbnail","hentry","category-politica"],"jetpack_featured_media_url":"https:\/\/www.tribunanf.com.br\/blogdoralfereis\/wp-content\/uploads\/sites\/11\/2025\/12\/bacellar_Easy-Resize.com-3.jpg","jetpack_sharing_enabled":true,"_links":{"self":[{"href":"https:\/\/www.tribunanf.com.br\/blogdoralfereis\/wp-json\/wp\/v2\/posts\/15732","targetHints":{"allow":["GET"]}}],"collection":[{"href":"https:\/\/www.tribunanf.com.br\/blogdoralfereis\/wp-json\/wp\/v2\/posts"}],"about":[{"href":"https:\/\/www.tribunanf.com.br\/blogdoralfereis\/wp-json\/wp\/v2\/types\/post"}],"author":[{"embeddable":true,"href":"https:\/\/www.tribunanf.com.br\/blogdoralfereis\/wp-json\/wp\/v2\/users\/2"}],"replies":[{"embeddable":true,"href":"https:\/\/www.tribunanf.com.br\/blogdoralfereis\/wp-json\/wp\/v2\/comments?post=15732"}],"version-history":[{"count":4,"href":"https:\/\/www.tribunanf.com.br\/blogdoralfereis\/wp-json\/wp\/v2\/posts\/15732\/revisions"}],"predecessor-version":[{"id":15736,"href":"https:\/\/www.tribunanf.com.br\/blogdoralfereis\/wp-json\/wp\/v2\/posts\/15732\/revisions\/15736"}],"wp:featuredmedia":[{"embeddable":true,"href":"https:\/\/www.tribunanf.com.br\/blogdoralfereis\/wp-json\/wp\/v2\/media\/15161"}],"wp:attachment":[{"href":"https:\/\/www.tribunanf.com.br\/blogdoralfereis\/wp-json\/wp\/v2\/media?parent=15732"}],"wp:term":[{"taxonomy":"category","embeddable":true,"href":"https:\/\/www.tribunanf.com.br\/blogdoralfereis\/wp-json\/wp\/v2\/categories?post=15732"},{"taxonomy":"post_tag","embeddable":true,"href":"https:\/\/www.tribunanf.com.br\/blogdoralfereis\/wp-json\/wp\/v2\/tags?post=15732"}],"curies":[{"name":"wp","href":"https:\/\/api.w.org\/{rel}","templated":true}]}}