{"id":15727,"date":"2026-03-16T16:23:15","date_gmt":"2026-03-16T19:23:15","guid":{"rendered":"https:\/\/www.tribunanf.com.br\/blogdoralfereis\/?p=15727"},"modified":"2026-03-16T16:24:18","modified_gmt":"2026-03-16T19:24:18","slug":"alexandre-de-moraes-retira-sigilo-de-investigacao-contra-bacellar-th-joias-e-desembargador-macario-judice","status":"publish","type":"post","link":"https:\/\/www.tribunanf.com.br\/blogdoralfereis\/2026\/03\/16\/alexandre-de-moraes-retira-sigilo-de-investigacao-contra-bacellar-th-joias-e-desembargador-macario-judice\/","title":{"rendered":"Alexandre de Moraes retira sigilo de investiga\u00e7\u00e3o contra Bacellar, TH Joias e desembargador Mac\u00e1rio Judice"},"content":{"rendered":"<p><img loading=\"lazy\" decoding=\"async\" class=\"aligncenter size-full wp-image-4248\" src=\"https:\/\/www.tribunanf.com.br\/blogdoralfereis\/wp-content\/uploads\/sites\/11\/2020\/06\/alexande-de-moraes.jpg\" alt=\"\" width=\"984\" height=\"656\" srcset=\"https:\/\/www.tribunanf.com.br\/blogdoralfereis\/wp-content\/uploads\/sites\/11\/2020\/06\/alexande-de-moraes.jpg 984w, https:\/\/www.tribunanf.com.br\/blogdoralfereis\/wp-content\/uploads\/sites\/11\/2020\/06\/alexande-de-moraes-300x200.jpg 300w, https:\/\/www.tribunanf.com.br\/blogdoralfereis\/wp-content\/uploads\/sites\/11\/2020\/06\/alexande-de-moraes-768x512.jpg 768w\" sizes=\"auto, (max-width: 984px) 100vw, 984px\" \/><\/p>\n<p style=\"text-align: justify;\">O ministro Alexandre de Moraes, do Supremo Tribunal Federal, retirou o sigilo das investiga\u00e7\u00f5es contra o deputado Rodrigo Bacellar, o ex-deputado TH Joias, o desembargador Mac\u00e1rio Judice e outros investigados. O caso apura suposto vazamento da opera\u00e7\u00e3o Zargun, que prendeu TH Joias.<\/p>\n<p style=\"text-align: justify;\">A decis\u00e3o de Moraes acorre ap\u00f3s \u00e0 Procuradoria-Geral da Rep\u00fablica indiciar os investigados. O ministro ainda vai decidir se recebe ou n\u00e3o a den\u00fancia.<\/p>\n<p style=\"text-align: justify;\">&#8220;Em 13\/3\/2026, a Procuradoria-Geral da Rep\u00fablica ofereceu den\u00fancia face de J\u00c9SSICA DE OLIVEIRA SANTOS, MAC\u00c1RIO RAMOS J\u00daDICE NETO, RODRIGO DA SILVA BACELLAR, TH\u00c1RCIO NASCIMENTO SALGADO e THIEGO RAIMUNDO DE OLIVEIRA SANTOS pelo crime de obstru\u00e7\u00e3o de investiga\u00e7\u00e3o de infra\u00e7\u00e3o penal que envolva organiza\u00e7\u00e3o criminosa armada, mediante o concurso de funcion\u00e1rio p\u00fablico, valendo-se a organiza\u00e7\u00e3o dessa condi\u00e7\u00e3o para a pr\u00e1tica de infra\u00e7\u00e3o penal (art. 2\u00ba, \u00a7\u00a71\u00ba, 2\u00ba e 4\u00ba, II, da Lei n. 12.850\/2013); MAC\u00c1RIO RAMOS J\u00daDICE NETO pelo crime de viola\u00e7\u00e3o de sigilo funcional (art. 325 do C\u00f3digo Penal); e TH\u00c1RCIO NASCIMENTO SALGADO pelo crime de favorecimento pessoal (art. 348 do C\u00f3digo Penal), observadas as regras de concurso material (art. 69, caput, do CP).<\/p>\n<p style=\"text-align: justify;\">\u00c9 o relat\u00f3rio. DECIDO. Nos termos do inciso IX do art. 93 da Constitui\u00e7\u00e3o Federal de 1988, todos os julgamentos dos \u00f3rg\u00e3os do Poder Judici\u00e1rio ser\u00e3o p\u00fablicos, e fundamentadas todas as decis\u00f5es, sob pena de nulidade, podendo a lei limitar a presen\u00e7a, em determinados atos, \u00e0s pr\u00f3prias partes e a seus advogados, ou somente a estes, em casos nos quais a preserva\u00e7\u00e3o do direito \u00e0 intimidade do interessado no sigilo n\u00e3o prejudique o interesse p\u00fablico \u00e0 informa\u00e7\u00e3o. No caso dos autos, embora inicialmente houvesse a necessidade de sigilo, o esgotamento da instru\u00e7\u00e3o desta peti\u00e7\u00e3o, com oferecimento da Den\u00fancia pela Procuradoria-Geral da Rep\u00fablica autorizam o levantamento da restri\u00e7\u00e3o, pelo que DETERMINO O LEVANTAMENTO DO SIGILO. Cumpra-se.&#8221;, decidiu o ministro.<\/p>\n<p style=\"text-align: justify;\">Leia tamb\u00e9m:<\/p>\n<blockquote class=\"wp-embedded-content\" data-secret=\"2BH21aNxqp\"><p><a href=\"https:\/\/www.tribunanf.com.br\/pgr-denuncia-bacellar-th-joias-e-desembargador-por-obstrucao-de-investigacoes\/\">PGR denuncia Bacellar, TH Joias e desembargador por obstru\u00e7\u00e3o de investiga\u00e7\u00f5es<\/a><\/p><\/blockquote>\n<p><iframe loading=\"lazy\" class=\"wp-embedded-content\" sandbox=\"allow-scripts\" security=\"restricted\" style=\"position: absolute; visibility: hidden;\" title=\"&#8220;PGR denuncia Bacellar, TH Joias e desembargador por obstru\u00e7\u00e3o de investiga\u00e7\u00f5es&#8221; &#8212; Tribuna NF\" src=\"https:\/\/www.tribunanf.com.br\/pgr-denuncia-bacellar-th-joias-e-desembargador-por-obstrucao-de-investigacoes\/embed\/#?secret=dVf5yxTrnL#?secret=2BH21aNxqp\" data-secret=\"2BH21aNxqp\" width=\"600\" height=\"338\" frameborder=\"0\" marginwidth=\"0\" marginheight=\"0\" scrolling=\"no\"><\/iframe><\/p>\n","protected":false},"excerpt":{"rendered":"<p>O ministro Alexandre de Moraes, do Supremo Tribunal Federal, retirou o sigilo das investiga\u00e7\u00f5es contra o deputado Rodrigo Bacellar, o&#8230;<\/p>\n","protected":false},"author":2,"featured_media":4248,"comment_status":"open","ping_status":"open","sticky":false,"template":"","format":"standard","meta":{"colormag_page_container_layout":"default_layout","colormag_page_sidebar_layout":"default_layout","jetpack_post_was_ever_published":false,"_jetpack_newsletter_access":"","_jetpack_dont_email_post_to_subs":false,"_jetpack_newsletter_tier_id":0,"_jetpack_memberships_contains_paywalled_content":false,"_jetpack_memberships_contains_paid_content":false,"footnotes":""},"categories":[2],"tags":[],"class_list":["post-15727","post","type-post","status-publish","format-standard","has-post-thumbnail","hentry","category-politica"],"jetpack_featured_media_url":"https:\/\/www.tribunanf.com.br\/blogdoralfereis\/wp-content\/uploads\/sites\/11\/2020\/06\/alexande-de-moraes.jpg","jetpack_sharing_enabled":true,"_links":{"self":[{"href":"https:\/\/www.tribunanf.com.br\/blogdoralfereis\/wp-json\/wp\/v2\/posts\/15727","targetHints":{"allow":["GET"]}}],"collection":[{"href":"https:\/\/www.tribunanf.com.br\/blogdoralfereis\/wp-json\/wp\/v2\/posts"}],"about":[{"href":"https:\/\/www.tribunanf.com.br\/blogdoralfereis\/wp-json\/wp\/v2\/types\/post"}],"author":[{"embeddable":true,"href":"https:\/\/www.tribunanf.com.br\/blogdoralfereis\/wp-json\/wp\/v2\/users\/2"}],"replies":[{"embeddable":true,"href":"https:\/\/www.tribunanf.com.br\/blogdoralfereis\/wp-json\/wp\/v2\/comments?post=15727"}],"version-history":[{"count":3,"href":"https:\/\/www.tribunanf.com.br\/blogdoralfereis\/wp-json\/wp\/v2\/posts\/15727\/revisions"}],"predecessor-version":[{"id":15731,"href":"https:\/\/www.tribunanf.com.br\/blogdoralfereis\/wp-json\/wp\/v2\/posts\/15727\/revisions\/15731"}],"wp:featuredmedia":[{"embeddable":true,"href":"https:\/\/www.tribunanf.com.br\/blogdoralfereis\/wp-json\/wp\/v2\/media\/4248"}],"wp:attachment":[{"href":"https:\/\/www.tribunanf.com.br\/blogdoralfereis\/wp-json\/wp\/v2\/media?parent=15727"}],"wp:term":[{"taxonomy":"category","embeddable":true,"href":"https:\/\/www.tribunanf.com.br\/blogdoralfereis\/wp-json\/wp\/v2\/categories?post=15727"},{"taxonomy":"post_tag","embeddable":true,"href":"https:\/\/www.tribunanf.com.br\/blogdoralfereis\/wp-json\/wp\/v2\/tags?post=15727"}],"curies":[{"name":"wp","href":"https:\/\/api.w.org\/{rel}","templated":true}]}}