{"id":15724,"date":"2026-03-16T12:44:30","date_gmt":"2026-03-16T15:44:30","guid":{"rendered":"https:\/\/www.tribunanf.com.br\/blogdoralfereis\/?p=15724"},"modified":"2026-03-16T12:45:54","modified_gmt":"2026-03-16T15:45:54","slug":"ministra-carmen-lucia-sofre-ataques-ao-cumprir-a-lei-eleitoral-e-dar-celeridade-no-julgamento-de-claudio-castro","status":"publish","type":"post","link":"https:\/\/www.tribunanf.com.br\/blogdoralfereis\/2026\/03\/16\/ministra-carmen-lucia-sofre-ataques-ao-cumprir-a-lei-eleitoral-e-dar-celeridade-no-julgamento-de-claudio-castro\/","title":{"rendered":"Ministra C\u00e1rmen L\u00facia sofre ataques ao cumprir a lei Eleitoral e dar celeridade no julgamento de Cl\u00e1udio Castro"},"content":{"rendered":"<p><img loading=\"lazy\" decoding=\"async\" class=\"aligncenter size-large wp-image-13397\" src=\"https:\/\/www.tribunanf.com.br\/blogdoralfereis\/wp-content\/uploads\/sites\/11\/2024\/08\/carmem_Easy-Resize.com_-1024x495.jpg\" alt=\"\" width=\"800\" height=\"387\" srcset=\"https:\/\/www.tribunanf.com.br\/blogdoralfereis\/wp-content\/uploads\/sites\/11\/2024\/08\/carmem_Easy-Resize.com_-1024x495.jpg 1024w, https:\/\/www.tribunanf.com.br\/blogdoralfereis\/wp-content\/uploads\/sites\/11\/2024\/08\/carmem_Easy-Resize.com_-300x145.jpg 300w, https:\/\/www.tribunanf.com.br\/blogdoralfereis\/wp-content\/uploads\/sites\/11\/2024\/08\/carmem_Easy-Resize.com_-768x371.jpg 768w, https:\/\/www.tribunanf.com.br\/blogdoralfereis\/wp-content\/uploads\/sites\/11\/2024\/08\/carmem_Easy-Resize.com_.jpg 1280w\" sizes=\"auto, (max-width: 800px) 100vw, 800px\" \/><\/p>\n<p style=\"text-align: justify;\">A Presidente do Tribunal Superior Eleitoral, ministra C\u00e1rmen L\u00facia, vem sofrendo ataques de setores da m\u00eddia ao determinar prazo para continuidade do julgamento do ainda governador do\u00a0 Rio de Janeiro, Cl\u00e1udio Castro.<\/p>\n<p style=\"text-align: justify;\">Colunas de sites e jornais levantaram questionamentos apontando &#8220;pressa&#8221; da presidente do TSE para finaliza\u00e7\u00e3o do julgamento.<\/p>\n<p style=\"text-align: justify;\">A ministra est\u00e1, na verdade, cumprindo o que determina a lei eleitoral.<\/p>\n<p style=\"text-align: justify;\">\u00c9 que, segundo a lei eleitoral, a A\u00e7\u00e3o de Investiga\u00e7\u00e3o Judicial Eleitoral (AIJE) deve ser julgada em todas as inst\u00e2ncias no prazo de um ano.<\/p>\n<p style=\"text-align: justify;\">A AIJE contra Cl\u00e1udio Castro j\u00e1 se arrasta por quase quatro anos sem julgamento definitivo.<\/p>\n<p style=\"text-align: justify;\">Veja o que diz a lei:<\/p>\n<p style=\"text-align: justify;\">&#8220;O art. 97-A, inclu\u00eddo na Lei das Elei\u00e7\u00f5es (Lei n. 9.504\/1997) estabelece que, nos termos do inciso LXXVIII do art. 5\u00ba da Constitui\u00e7\u00e3o Federal, dura\u00e7\u00e3o razo\u00e1vel que possa resultar em perda de mandato eletivo \u00e9 mensurada no per\u00edodo m\u00e1ximo de 1 (um) ano, contado da sua apresenta\u00e7\u00e3o \u00e0 Justi\u00e7a Eleitoral.<\/p>\n<p style=\"text-align: justify;\">O \u00a7 1\u00ba do mesmo artigo esclarece que tal dura\u00e7\u00e3o abrange a tramita\u00e7\u00e3o em todas as inst\u00e2ncias da Justi\u00e7a Eleitoral.<\/p>\n<p style=\"text-align: justify;\">Por fim, na hip\u00f3tese de descumprimento desse prazo, o legislador ordin\u00e1rio estabeleceu, no \u00a7 2\u00ba do art. 97-A a faculdade aos candidatos, partidos ou coliga\u00e7\u00f5es de representar ao Tribunal Regional Eleitoral contra o Juiz Eleitoral que n\u00e3o observar tal regra.<\/p>\n<p style=\"text-align: justify;\">Percebe-se, neste aspecto, a absoluta preocupa\u00e7\u00e3o do Congresso Nacional com a seguran\u00e7a jur\u00eddica do direito eleitoral nas hip\u00f3teses em que est\u00e1 judicializada mat\u00e9ria que envolva o direito pol\u00edtico de ser votado, ou seja a capacidade eleitoral passiva.<\/p>\n<p style=\"text-align: justify;\">Preocupa\u00e7\u00e3o esta que decorre do respeito \u00e0 vontade emanada das urnas, tudo sem descuidar do controle da equidade e da lisura dos pleitos eleitorais.&#8221;<\/p>\n<p style=\"text-align: justify;\">Conforme descrito na lei, a ministra C\u00e1rmen L\u00facia est\u00e1 simplesmente cumprindo a legisla\u00e7\u00e3o eleitoral.<\/p>\n","protected":false},"excerpt":{"rendered":"<p>A Presidente do Tribunal Superior Eleitoral, ministra C\u00e1rmen L\u00facia, vem sofrendo ataques de setores da m\u00eddia ao determinar prazo para&#8230;<\/p>\n","protected":false},"author":2,"featured_media":13397,"comment_status":"open","ping_status":"open","sticky":false,"template":"","format":"standard","meta":{"colormag_page_container_layout":"default_layout","colormag_page_sidebar_layout":"default_layout","jetpack_post_was_ever_published":false,"_jetpack_newsletter_access":"","_jetpack_dont_email_post_to_subs":false,"_jetpack_newsletter_tier_id":0,"_jetpack_memberships_contains_paywalled_content":false,"_jetpack_memberships_contains_paid_content":false,"footnotes":""},"categories":[2],"tags":[],"class_list":["post-15724","post","type-post","status-publish","format-standard","has-post-thumbnail","hentry","category-politica"],"jetpack_featured_media_url":"https:\/\/www.tribunanf.com.br\/blogdoralfereis\/wp-content\/uploads\/sites\/11\/2024\/08\/carmem_Easy-Resize.com_.jpg","jetpack_sharing_enabled":true,"_links":{"self":[{"href":"https:\/\/www.tribunanf.com.br\/blogdoralfereis\/wp-json\/wp\/v2\/posts\/15724","targetHints":{"allow":["GET"]}}],"collection":[{"href":"https:\/\/www.tribunanf.com.br\/blogdoralfereis\/wp-json\/wp\/v2\/posts"}],"about":[{"href":"https:\/\/www.tribunanf.com.br\/blogdoralfereis\/wp-json\/wp\/v2\/types\/post"}],"author":[{"embeddable":true,"href":"https:\/\/www.tribunanf.com.br\/blogdoralfereis\/wp-json\/wp\/v2\/users\/2"}],"replies":[{"embeddable":true,"href":"https:\/\/www.tribunanf.com.br\/blogdoralfereis\/wp-json\/wp\/v2\/comments?post=15724"}],"version-history":[{"count":2,"href":"https:\/\/www.tribunanf.com.br\/blogdoralfereis\/wp-json\/wp\/v2\/posts\/15724\/revisions"}],"predecessor-version":[{"id":15726,"href":"https:\/\/www.tribunanf.com.br\/blogdoralfereis\/wp-json\/wp\/v2\/posts\/15724\/revisions\/15726"}],"wp:featuredmedia":[{"embeddable":true,"href":"https:\/\/www.tribunanf.com.br\/blogdoralfereis\/wp-json\/wp\/v2\/media\/13397"}],"wp:attachment":[{"href":"https:\/\/www.tribunanf.com.br\/blogdoralfereis\/wp-json\/wp\/v2\/media?parent=15724"}],"wp:term":[{"taxonomy":"category","embeddable":true,"href":"https:\/\/www.tribunanf.com.br\/blogdoralfereis\/wp-json\/wp\/v2\/categories?post=15724"},{"taxonomy":"post_tag","embeddable":true,"href":"https:\/\/www.tribunanf.com.br\/blogdoralfereis\/wp-json\/wp\/v2\/tags?post=15724"}],"curies":[{"name":"wp","href":"https:\/\/api.w.org\/{rel}","templated":true}]}}