{"id":15703,"date":"2026-03-12T13:28:11","date_gmt":"2026-03-12T16:28:11","guid":{"rendered":"https:\/\/www.tribunanf.com.br\/blogdoralfereis\/?p=15703"},"modified":"2026-03-12T13:28:11","modified_gmt":"2026-03-12T16:28:11","slug":"psd-pede-investigacao-contra-claudio-castro-e-felipe-curi-por-suposto-uso-politico-da-policia","status":"publish","type":"post","link":"https:\/\/www.tribunanf.com.br\/blogdoralfereis\/2026\/03\/12\/psd-pede-investigacao-contra-claudio-castro-e-felipe-curi-por-suposto-uso-politico-da-policia\/","title":{"rendered":"PSD pede investiga\u00e7\u00e3o contra Cl\u00e1udio Castro e Felipe Curi por suposto uso pol\u00edtico da pol\u00edcia"},"content":{"rendered":"<figure id=\"attachment_15704\" aria-describedby=\"caption-attachment-15704\" style=\"width: 800px\" class=\"wp-caption aligncenter\"><img loading=\"lazy\" decoding=\"async\" class=\"size-large wp-image-15704\" src=\"https:\/\/www.tribunanf.com.br\/blogdoralfereis\/wp-content\/uploads\/sites\/11\/2026\/03\/castro-e-curi_Easy-Resize.com-1-1024x682.jpg\" alt=\"\" width=\"800\" height=\"533\" srcset=\"https:\/\/www.tribunanf.com.br\/blogdoralfereis\/wp-content\/uploads\/sites\/11\/2026\/03\/castro-e-curi_Easy-Resize.com-1-1024x682.jpg 1024w, https:\/\/www.tribunanf.com.br\/blogdoralfereis\/wp-content\/uploads\/sites\/11\/2026\/03\/castro-e-curi_Easy-Resize.com-1-300x200.jpg 300w, https:\/\/www.tribunanf.com.br\/blogdoralfereis\/wp-content\/uploads\/sites\/11\/2026\/03\/castro-e-curi_Easy-Resize.com-1-768x512.jpg 768w, https:\/\/www.tribunanf.com.br\/blogdoralfereis\/wp-content\/uploads\/sites\/11\/2026\/03\/castro-e-curi_Easy-Resize.com-1.jpg 1280w\" sizes=\"auto, (max-width: 800px) 100vw, 800px\" \/><figcaption id=\"caption-attachment-15704\" class=\"wp-caption-text\">Claudio Castro e Felipe Curi<\/figcaption><\/figure>\n<p style=\"text-align: justify;\">O diret\u00f3rio regional do Partido Social Democr\u00e1tico no Rio de Janeiro anunciou que apresentar\u00e1 representa\u00e7\u00e3o criminal contra o governador Cl\u00e1udio Castro e o secret\u00e1rio da Pol\u00edcia Civil do Estado do Rio, Felipe Curi.<\/p>\n<p style=\"text-align: justify;\">A informa\u00e7\u00e3o \u00e9 do colunista Lauro Jardim, de O Globo. O pedido ser\u00e1 encaminhado ao Superior Tribunal de Justi\u00e7a e \u00e0 Procuradoria-Geral da Rep\u00fablica para apura\u00e7\u00e3o de poss\u00edveis responsabilidades por suposto uso do aparato policial do estado contra advers\u00e1rios pol\u00edticos.<\/p>\n<p style=\"text-align: justify;\">Al\u00e9m da representa\u00e7\u00e3o criminal, o partido tamb\u00e9m informou que acionar\u00e1 o Minist\u00e9rio P\u00fablico do Estado do Rio de Janeiro para investigar eventual pr\u00e1tica de improbidade administrativa.<\/p>\n<p style=\"text-align: justify;\">A legenda, ligada ao prefeito Eduardo Paes, aponta ind\u00edcios de abuso de poder, prevarica\u00e7\u00e3o e crimes eleitorais. Entre os pedidos apresentados est\u00e1 a possibilidade de afastamento cautelar do governador e do secret\u00e1rio, caso seja considerado necess\u00e1rio para evitar interfer\u00eancia no processo eleitoral.<\/p>\n<p style=\"text-align: justify;\">O movimento ocorre ap\u00f3s a pris\u00e3o do vereador Salvino Oliveira, filiado ao PSD e ex-secret\u00e1rio da prefeitura.<\/p>\n<p style=\"text-align: justify;\">Segundo as investiga\u00e7\u00f5es, o parlamentar \u00e9 suspeito de ter negociado diretamente com o traficante conhecido como Doca autoriza\u00e7\u00e3o para realizar campanha eleitoral em uma comunidade dominada pelo Comando Vermelho.<\/p>\n","protected":false},"excerpt":{"rendered":"<p>O diret\u00f3rio regional do Partido Social Democr\u00e1tico no Rio de Janeiro anunciou que apresentar\u00e1 representa\u00e7\u00e3o criminal contra o governador Cl\u00e1udio&#8230;<\/p>\n","protected":false},"author":2,"featured_media":15704,"comment_status":"open","ping_status":"open","sticky":false,"template":"","format":"standard","meta":{"colormag_page_container_layout":"default_layout","colormag_page_sidebar_layout":"default_layout","jetpack_post_was_ever_published":false,"_jetpack_newsletter_access":"","_jetpack_dont_email_post_to_subs":false,"_jetpack_newsletter_tier_id":0,"_jetpack_memberships_contains_paywalled_content":false,"_jetpack_memberships_contains_paid_content":false,"footnotes":""},"categories":[2],"tags":[],"class_list":["post-15703","post","type-post","status-publish","format-standard","has-post-thumbnail","hentry","category-politica"],"jetpack_featured_media_url":"https:\/\/www.tribunanf.com.br\/blogdoralfereis\/wp-content\/uploads\/sites\/11\/2026\/03\/castro-e-curi_Easy-Resize.com-1.jpg","jetpack_sharing_enabled":true,"_links":{"self":[{"href":"https:\/\/www.tribunanf.com.br\/blogdoralfereis\/wp-json\/wp\/v2\/posts\/15703","targetHints":{"allow":["GET"]}}],"collection":[{"href":"https:\/\/www.tribunanf.com.br\/blogdoralfereis\/wp-json\/wp\/v2\/posts"}],"about":[{"href":"https:\/\/www.tribunanf.com.br\/blogdoralfereis\/wp-json\/wp\/v2\/types\/post"}],"author":[{"embeddable":true,"href":"https:\/\/www.tribunanf.com.br\/blogdoralfereis\/wp-json\/wp\/v2\/users\/2"}],"replies":[{"embeddable":true,"href":"https:\/\/www.tribunanf.com.br\/blogdoralfereis\/wp-json\/wp\/v2\/comments?post=15703"}],"version-history":[{"count":2,"href":"https:\/\/www.tribunanf.com.br\/blogdoralfereis\/wp-json\/wp\/v2\/posts\/15703\/revisions"}],"predecessor-version":[{"id":15706,"href":"https:\/\/www.tribunanf.com.br\/blogdoralfereis\/wp-json\/wp\/v2\/posts\/15703\/revisions\/15706"}],"wp:featuredmedia":[{"embeddable":true,"href":"https:\/\/www.tribunanf.com.br\/blogdoralfereis\/wp-json\/wp\/v2\/media\/15704"}],"wp:attachment":[{"href":"https:\/\/www.tribunanf.com.br\/blogdoralfereis\/wp-json\/wp\/v2\/media?parent=15703"}],"wp:term":[{"taxonomy":"category","embeddable":true,"href":"https:\/\/www.tribunanf.com.br\/blogdoralfereis\/wp-json\/wp\/v2\/categories?post=15703"},{"taxonomy":"post_tag","embeddable":true,"href":"https:\/\/www.tribunanf.com.br\/blogdoralfereis\/wp-json\/wp\/v2\/tags?post=15703"}],"curies":[{"name":"wp","href":"https:\/\/api.w.org\/{rel}","templated":true}]}}