{"id":15700,"date":"2026-03-11T21:19:13","date_gmt":"2026-03-12T00:19:13","guid":{"rendered":"https:\/\/www.tribunanf.com.br\/blogdoralfereis\/?p=15700"},"modified":"2026-03-11T21:19:13","modified_gmt":"2026-03-12T00:19:13","slug":"mprj-recomenda-ao-estado-acoes-imediatas-contra-fraudes-fiscais-graves-e-condutas-de-devedores-contumazes","status":"publish","type":"post","link":"https:\/\/www.tribunanf.com.br\/blogdoralfereis\/2026\/03\/11\/mprj-recomenda-ao-estado-acoes-imediatas-contra-fraudes-fiscais-graves-e-condutas-de-devedores-contumazes\/","title":{"rendered":"MPRJ recomenda ao Estado a\u00e7\u00f5es imediatas contra fraudes fiscais graves e condutas de devedores contumazes"},"content":{"rendered":"<p><img loading=\"lazy\" decoding=\"async\" class=\"aligncenter size-large wp-image-11756\" src=\"https:\/\/www.tribunanf.com.br\/blogdoralfereis\/wp-content\/uploads\/sites\/11\/2023\/10\/a_palacio_guanabara_Easy-Resize.com_-1024x590.jpg\" alt=\"\" width=\"800\" height=\"461\" srcset=\"https:\/\/www.tribunanf.com.br\/blogdoralfereis\/wp-content\/uploads\/sites\/11\/2023\/10\/a_palacio_guanabara_Easy-Resize.com_-1024x590.jpg 1024w, https:\/\/www.tribunanf.com.br\/blogdoralfereis\/wp-content\/uploads\/sites\/11\/2023\/10\/a_palacio_guanabara_Easy-Resize.com_-300x173.jpg 300w, https:\/\/www.tribunanf.com.br\/blogdoralfereis\/wp-content\/uploads\/sites\/11\/2023\/10\/a_palacio_guanabara_Easy-Resize.com_-768x443.jpg 768w, https:\/\/www.tribunanf.com.br\/blogdoralfereis\/wp-content\/uploads\/sites\/11\/2023\/10\/a_palacio_guanabara_Easy-Resize.com_.jpg 1280w\" sizes=\"auto, (max-width: 800px) 100vw, 800px\" \/><\/p>\n<p style=\"text-align: justify;\">O Grupo de Atua\u00e7\u00e3o Especializada de Defesa da Integridade e Repress\u00e3o \u00e0 Sonega\u00e7\u00e3o Fiscal do Minist\u00e9rio P\u00fablico do Estado do Rio de Janeiro (GAESF\/MPRJ) recomendou \u00e0 Secretaria de Estado de Fazenda (SEFAZ-RJ) e \u00e0 Procuradoria-Geral do Estado (PGE-RJ) a ado\u00e7\u00e3o imediata de medidas para identificar, monitorar e comunicar condutas que evidenciem fraude fiscal estruturada e contum\u00e1cia delitiva. A iniciativa baseia-se na Lei Complementar n\u00ba 225\/26, que disciplinou nacionalmente a figura do &#8220;Devedor Contumaz&#8221;. Embora os entes federados tenham o prazo de um ano para adaptar suas legisla\u00e7\u00f5es, o GAESF\/MPRJ entende que o Estado n\u00e3o pode permanecer inerte nesse per\u00edodo.<\/p>\n<p style=\"text-align: justify;\">A recomenda\u00e7\u00e3o enfatiza que as situa\u00e7\u00f5es descritas no \u00a75\u00ba do art. 12 da nova lei exigem resposta imediata por indicarem um atuar preordenado ao il\u00edcito, onde expostas as formas mais graves de viola\u00e7\u00e3o do sistema tribut\u00e1rio e da ordem econ\u00f4mica. Entre essas condutas est\u00e3o: uso de pessoas jur\u00eddicas para fraude, conluio ou sonega\u00e7\u00e3o; participa\u00e7\u00e3o em organiza\u00e7\u00f5es constitu\u00eddas para burlar a cobran\u00e7a de tributos; uso de insumos roubados, falsificados ou contrabandeados; utiliza\u00e7\u00e3o de interpostas pessoas (&#8220;laranjas&#8221;) na gest\u00e3o da empresa; Inexist\u00eancia f\u00e1tica no domic\u00edlio fiscal declarado e oculta\u00e7\u00e3o deliberada de bens, al\u00e9m de ind\u00edcios de crimes conexos.<\/p>\n<p style=\"text-align: justify;\">Assim, entre as medidas recomendadas \u00e0 SEFAZ-RJ e \u00e0 PGE-RJ est\u00e1 a orienta\u00e7\u00e3o imediata para que Auditores Fiscais e Procuradores do Estado adotem provid\u00eancias para identificar as situa\u00e7\u00f5es acima indicadas e, nesses casos, comuniquem imediatamente o Minist\u00e9rio P\u00fablico, uma vez que tais condutas podem configurar crimes e permitir atua\u00e7\u00e3o penal imediata. Os \u00f3rg\u00e3os mencionados t\u00eam o prazo de 10 dias para comunicar o in\u00edcio das provid\u00eancias recomendadas.<\/p>\n<p style=\"text-align: justify;\">A compreens\u00e3o do GAESF\/MPRJ \u00e9 que as medidas recomendadas diferem o agente econ\u00f4mico em situa\u00e7\u00e3o de inadimplemento tribut\u00e1rio ocasional dos agentes que atuam com o inadimplemento tribut\u00e1rio como elemento essencial do seu modelo de neg\u00f3cios e s\u00e3o essenciais para a defesa de um ambiente econ\u00f4mico saud\u00e1vel, no qual os agentes que orientam seus esfor\u00e7os para a conformidade com legisla\u00e7\u00e3o tenham assegurado o direito \u00e0 livre concorr\u00eancia, enquanto agentes que praticam as condutas elencadas como de maior gravidade pelo legislador sejam identificados para futura aplica\u00e7\u00e3o do regime jur\u00eddico e san\u00e7\u00f5es da LC n\u00ba 225\/26 e imediatas provid\u00eancias penais e c\u00edveis.<\/p>\n<p>Cria\u00e7\u00e3o de banco de dados em at\u00e9 30 dias<\/p>\n<p style=\"text-align: justify;\">O GAESF\/MPRJ tamb\u00e9m recomendou que a SEFAZ crie, no prazo de at\u00e9 30 dias, um banco de dados espec\u00edfico para registrar informa\u00e7\u00f5es sobre fiscaliza\u00e7\u00f5es e processos administrativos que envolvam essas hip\u00f3teses. \u00c0 PGE-RJ, o Minist\u00e9rio P\u00fablico recomendou a ado\u00e7\u00e3o de medidas semelhantes. Os procuradores dever\u00e3o verificar, em processos administrativos e judiciais, especialmente nas execu\u00e7\u00f5es fiscais, a exist\u00eancia de ind\u00edcios de fraude fiscal estruturada. A recomenda\u00e7\u00e3o tamb\u00e9m determina que a Procuradoria crie, em at\u00e9 30 dias, um banco de dados pr\u00f3prio sobre esses casos.<\/p>\n<p style=\"text-align: justify;\">Al\u00e9m disso, a PGE-RJ dever\u00e1 apresentar levantamento de processos em que tenham sido identificadas fraudes \u00e0 execu\u00e7\u00e3o fiscal ou estrat\u00e9gias para frustrar o pagamento de tributos, como oculta\u00e7\u00e3o patrimonial, altern\u00e2ncia de titularidade de bens e uso sucessivo de empresas do mesmo grupo econ\u00f4mico para evitar a cobran\u00e7a. Os bancos de dados criados pelos \u00f3rg\u00e3os dever\u00e3o ser compartilhados com o GAESF\/MPRJ para acompanhamento.<\/p>\n<p style=\"text-align: justify;\">Por MPRJ<\/p>\n","protected":false},"excerpt":{"rendered":"<p>O Grupo de Atua\u00e7\u00e3o Especializada de Defesa da Integridade e Repress\u00e3o \u00e0 Sonega\u00e7\u00e3o Fiscal do Minist\u00e9rio P\u00fablico do Estado do&#8230;<\/p>\n","protected":false},"author":2,"featured_media":11756,"comment_status":"open","ping_status":"open","sticky":false,"template":"","format":"standard","meta":{"colormag_page_container_layout":"default_layout","colormag_page_sidebar_layout":"default_layout","jetpack_post_was_ever_published":false,"_jetpack_newsletter_access":"","_jetpack_dont_email_post_to_subs":false,"_jetpack_newsletter_tier_id":0,"_jetpack_memberships_contains_paywalled_content":false,"_jetpack_memberships_contains_paid_content":false,"footnotes":""},"categories":[2],"tags":[],"class_list":["post-15700","post","type-post","status-publish","format-standard","has-post-thumbnail","hentry","category-politica"],"jetpack_featured_media_url":"https:\/\/www.tribunanf.com.br\/blogdoralfereis\/wp-content\/uploads\/sites\/11\/2023\/10\/a_palacio_guanabara_Easy-Resize.com_.jpg","jetpack_sharing_enabled":true,"_links":{"self":[{"href":"https:\/\/www.tribunanf.com.br\/blogdoralfereis\/wp-json\/wp\/v2\/posts\/15700","targetHints":{"allow":["GET"]}}],"collection":[{"href":"https:\/\/www.tribunanf.com.br\/blogdoralfereis\/wp-json\/wp\/v2\/posts"}],"about":[{"href":"https:\/\/www.tribunanf.com.br\/blogdoralfereis\/wp-json\/wp\/v2\/types\/post"}],"author":[{"embeddable":true,"href":"https:\/\/www.tribunanf.com.br\/blogdoralfereis\/wp-json\/wp\/v2\/users\/2"}],"replies":[{"embeddable":true,"href":"https:\/\/www.tribunanf.com.br\/blogdoralfereis\/wp-json\/wp\/v2\/comments?post=15700"}],"version-history":[{"count":2,"href":"https:\/\/www.tribunanf.com.br\/blogdoralfereis\/wp-json\/wp\/v2\/posts\/15700\/revisions"}],"predecessor-version":[{"id":15702,"href":"https:\/\/www.tribunanf.com.br\/blogdoralfereis\/wp-json\/wp\/v2\/posts\/15700\/revisions\/15702"}],"wp:featuredmedia":[{"embeddable":true,"href":"https:\/\/www.tribunanf.com.br\/blogdoralfereis\/wp-json\/wp\/v2\/media\/11756"}],"wp:attachment":[{"href":"https:\/\/www.tribunanf.com.br\/blogdoralfereis\/wp-json\/wp\/v2\/media?parent=15700"}],"wp:term":[{"taxonomy":"category","embeddable":true,"href":"https:\/\/www.tribunanf.com.br\/blogdoralfereis\/wp-json\/wp\/v2\/categories?post=15700"},{"taxonomy":"post_tag","embeddable":true,"href":"https:\/\/www.tribunanf.com.br\/blogdoralfereis\/wp-json\/wp\/v2\/tags?post=15700"}],"curies":[{"name":"wp","href":"https:\/\/api.w.org\/{rel}","templated":true}]}}