{"id":15695,"date":"2026-03-11T15:11:11","date_gmt":"2026-03-11T18:11:11","guid":{"rendered":"https:\/\/www.tribunanf.com.br\/blogdoralfereis\/?p=15695"},"modified":"2026-03-11T15:11:11","modified_gmt":"2026-03-11T18:11:11","slug":"castro-reage-a-prisao-do-vereador-salvino-oliveira-aliado-de-paes-braco-direito-do-cv-dentro-da-prefeitura-do-rio","status":"publish","type":"post","link":"https:\/\/www.tribunanf.com.br\/blogdoralfereis\/2026\/03\/11\/castro-reage-a-prisao-do-vereador-salvino-oliveira-aliado-de-paes-braco-direito-do-cv-dentro-da-prefeitura-do-rio\/","title":{"rendered":"Castro reage \u00e0 pris\u00e3o do vereador Salvino Oliveira, aliado de Paes: \u2018bra\u00e7o direito do CV dentro da Prefeitura do Rio\u2019"},"content":{"rendered":"<figure id=\"attachment_15697\" aria-describedby=\"caption-attachment-15697\" style=\"width: 800px\" class=\"wp-caption aligncenter\"><img loading=\"lazy\" decoding=\"async\" class=\"wp-image-15697 size-large\" src=\"https:\/\/www.tribunanf.com.br\/blogdoralfereis\/wp-content\/uploads\/sites\/11\/2026\/03\/Captura-de-tela-2026-03-11-124859-e1773244166838_Easy-Resize.com_-1024x693.jpg\" alt=\"\" width=\"800\" height=\"541\" srcset=\"https:\/\/www.tribunanf.com.br\/blogdoralfereis\/wp-content\/uploads\/sites\/11\/2026\/03\/Captura-de-tela-2026-03-11-124859-e1773244166838_Easy-Resize.com_-1024x693.jpg 1024w, https:\/\/www.tribunanf.com.br\/blogdoralfereis\/wp-content\/uploads\/sites\/11\/2026\/03\/Captura-de-tela-2026-03-11-124859-e1773244166838_Easy-Resize.com_-300x203.jpg 300w, https:\/\/www.tribunanf.com.br\/blogdoralfereis\/wp-content\/uploads\/sites\/11\/2026\/03\/Captura-de-tela-2026-03-11-124859-e1773244166838_Easy-Resize.com_-768x520.jpg 768w, https:\/\/www.tribunanf.com.br\/blogdoralfereis\/wp-content\/uploads\/sites\/11\/2026\/03\/Captura-de-tela-2026-03-11-124859-e1773244166838_Easy-Resize.com_.jpg 1280w\" sizes=\"auto, (max-width: 800px) 100vw, 800px\" \/><figcaption id=\"caption-attachment-15697\" class=\"wp-caption-text\">Governador lembrou que Salvino j\u00e1 ocupou o cargo de secret\u00e1rio municipal da Juventude na gest\u00e3o de Paes- Foto: Reprodu\u00e7\u00e3o\/Redes<\/figcaption><\/figure>\n<p style=\"text-align: justify;\">O governador Cl\u00e1udio Castro (PL) reagiu \u00e0 pris\u00e3o do vereador Salvino Oliveira (PSD), aliado do prefeito Eduardo Paes (PSD). Nas redes sociais, o chefe do Pal\u00e1cio Guanabara subiu o tom e classificou o parlamentar como \u201co bra\u00e7o direito do Comando Vermelho dentro da Prefeitura do Rio\u201d.<\/p>\n<p style=\"text-align: justify;\">Salvino foi preso na manh\u00e3 desta quarta-feira (11), durante uma opera\u00e7\u00e3o da Pol\u00edcia Civil que investiga lavagem de dinheiro e apoio log\u00edstico ao CV. Segundo as investiga\u00e7\u00f5es, o vereador teria negociado com traficantes da Gard\u00eania Azul autoriza\u00e7\u00e3o para fazer campanha na regi\u00e3o em troca da instala\u00e7\u00e3o de quiosques na comunidade.<\/p>\n<p style=\"text-align: justify;\">Castro ataca gest\u00e3o de Paes no munic\u00edpio<br \/>\nO governador fez duras cr\u00edticas ao parlamentar e lembrou que Salvino j\u00e1 ocupou o cargo de secret\u00e1rio municipal da Juventude na gest\u00e3o de Paes \u2014 pr\u00e9-candidato ao governo do estado e principal advers\u00e1rio do grupo pol\u00edtico do alcaide fluminense.<\/p>\n<p style=\"text-align: justify;\">\u201cEsse \u00e9 o mesmo vereador que vivia atacando nosso governo e as pol\u00edcias. Hoje, finalmente, todos estamos conhecendo o seu real lado: trabalhava para bandido e n\u00e3o para o povo! [\u2026] Esse tal de Salvino tamb\u00e9m atacou brutalmente a Pol\u00edcia Militar durante uma opera\u00e7\u00e3o na Cidade de Deus\u201d, escreveu.<\/p>\n<p style=\"text-align: justify;\">\u2018A verdade sempre prevalece\u2019<\/p>\n<p style=\"text-align: justify;\">Castro tamb\u00e9m aproveitou a publica\u00e7\u00e3o para disparar contra a gest\u00e3o municipal.<\/p>\n<p style=\"text-align: justify;\">\u201cDa mil\u00edcia ao Comando Vermelho, essas organiza\u00e7\u00f5es criminosas v\u00eam se infiltrando na Prefeitura do Rio de Janeiro h\u00e1 d\u00e9cadas. Basta ver o dom\u00ednio territorial que alcan\u00e7aram ao longo dos anos. \u00c9 o que sempre digo: n\u00e3o adianta, a verdade sempre prevalece!\u201d, afirmou.<\/p>\n<p><img loading=\"lazy\" decoding=\"async\" class=\"aligncenter size-large wp-image-15696\" src=\"https:\/\/www.tribunanf.com.br\/blogdoralfereis\/wp-content\/uploads\/sites\/11\/2026\/03\/Captura-de-tela-2026-03-11-124429_Easy-Resize.com_-1024x904.jpg\" alt=\"\" width=\"800\" height=\"706\" srcset=\"https:\/\/www.tribunanf.com.br\/blogdoralfereis\/wp-content\/uploads\/sites\/11\/2026\/03\/Captura-de-tela-2026-03-11-124429_Easy-Resize.com_-1024x904.jpg 1024w, https:\/\/www.tribunanf.com.br\/blogdoralfereis\/wp-content\/uploads\/sites\/11\/2026\/03\/Captura-de-tela-2026-03-11-124429_Easy-Resize.com_-300x265.jpg 300w, https:\/\/www.tribunanf.com.br\/blogdoralfereis\/wp-content\/uploads\/sites\/11\/2026\/03\/Captura-de-tela-2026-03-11-124429_Easy-Resize.com_-768x678.jpg 768w, https:\/\/www.tribunanf.com.br\/blogdoralfereis\/wp-content\/uploads\/sites\/11\/2026\/03\/Captura-de-tela-2026-03-11-124429_Easy-Resize.com_.jpg 1280w\" sizes=\"auto, (max-width: 800px) 100vw, 800px\" \/><\/p>\n<p>Com informa\u00e7\u00f5es do Tempo Real.<\/p>\n","protected":false},"excerpt":{"rendered":"<p>O governador Cl\u00e1udio Castro (PL) reagiu \u00e0 pris\u00e3o do vereador Salvino Oliveira (PSD), aliado do prefeito Eduardo Paes (PSD). Nas&#8230;<\/p>\n","protected":false},"author":2,"featured_media":15697,"comment_status":"open","ping_status":"open","sticky":false,"template":"","format":"standard","meta":{"colormag_page_container_layout":"default_layout","colormag_page_sidebar_layout":"default_layout","jetpack_post_was_ever_published":false,"_jetpack_newsletter_access":"","_jetpack_dont_email_post_to_subs":false,"_jetpack_newsletter_tier_id":0,"_jetpack_memberships_contains_paywalled_content":false,"_jetpack_memberships_contains_paid_content":false,"footnotes":""},"categories":[2],"tags":[],"class_list":["post-15695","post","type-post","status-publish","format-standard","has-post-thumbnail","hentry","category-politica"],"jetpack_featured_media_url":"https:\/\/www.tribunanf.com.br\/blogdoralfereis\/wp-content\/uploads\/sites\/11\/2026\/03\/Captura-de-tela-2026-03-11-124859-e1773244166838_Easy-Resize.com_.jpg","jetpack_sharing_enabled":true,"_links":{"self":[{"href":"https:\/\/www.tribunanf.com.br\/blogdoralfereis\/wp-json\/wp\/v2\/posts\/15695","targetHints":{"allow":["GET"]}}],"collection":[{"href":"https:\/\/www.tribunanf.com.br\/blogdoralfereis\/wp-json\/wp\/v2\/posts"}],"about":[{"href":"https:\/\/www.tribunanf.com.br\/blogdoralfereis\/wp-json\/wp\/v2\/types\/post"}],"author":[{"embeddable":true,"href":"https:\/\/www.tribunanf.com.br\/blogdoralfereis\/wp-json\/wp\/v2\/users\/2"}],"replies":[{"embeddable":true,"href":"https:\/\/www.tribunanf.com.br\/blogdoralfereis\/wp-json\/wp\/v2\/comments?post=15695"}],"version-history":[{"count":2,"href":"https:\/\/www.tribunanf.com.br\/blogdoralfereis\/wp-json\/wp\/v2\/posts\/15695\/revisions"}],"predecessor-version":[{"id":15699,"href":"https:\/\/www.tribunanf.com.br\/blogdoralfereis\/wp-json\/wp\/v2\/posts\/15695\/revisions\/15699"}],"wp:featuredmedia":[{"embeddable":true,"href":"https:\/\/www.tribunanf.com.br\/blogdoralfereis\/wp-json\/wp\/v2\/media\/15697"}],"wp:attachment":[{"href":"https:\/\/www.tribunanf.com.br\/blogdoralfereis\/wp-json\/wp\/v2\/media?parent=15695"}],"wp:term":[{"taxonomy":"category","embeddable":true,"href":"https:\/\/www.tribunanf.com.br\/blogdoralfereis\/wp-json\/wp\/v2\/categories?post=15695"},{"taxonomy":"post_tag","embeddable":true,"href":"https:\/\/www.tribunanf.com.br\/blogdoralfereis\/wp-json\/wp\/v2\/tags?post=15695"}],"curies":[{"name":"wp","href":"https:\/\/api.w.org\/{rel}","templated":true}]}}