{"id":15691,"date":"2026-03-07T09:02:33","date_gmt":"2026-03-07T12:02:33","guid":{"rendered":"https:\/\/www.tribunanf.com.br\/blogdoralfereis\/?p=15691"},"modified":"2026-03-07T09:02:33","modified_gmt":"2026-03-07T12:02:33","slug":"ministro-cristiano-zanin-derruba-censura-previa-e-libera-garotinho-para-manter-reportagens-contra-rodrigo-pimentel","status":"publish","type":"post","link":"https:\/\/www.tribunanf.com.br\/blogdoralfereis\/2026\/03\/07\/ministro-cristiano-zanin-derruba-censura-previa-e-libera-garotinho-para-manter-reportagens-contra-rodrigo-pimentel\/","title":{"rendered":"Ministro Cristiano Zanin derruba censura pr\u00e9via e libera Garotinho para manter reportagens contra Rodrigo Pimentel"},"content":{"rendered":"<figure id=\"attachment_15693\" aria-describedby=\"caption-attachment-15693\" style=\"width: 888px\" class=\"wp-caption aligncenter\"><img loading=\"lazy\" decoding=\"async\" class=\"wp-image-15693 size-full\" src=\"https:\/\/www.tribunanf.com.br\/blogdoralfereis\/wp-content\/uploads\/sites\/11\/2026\/03\/garotinho-x-pimentel.avif\" alt=\"\" width=\"888\" height=\"530\" srcset=\"https:\/\/www.tribunanf.com.br\/blogdoralfereis\/wp-content\/uploads\/sites\/11\/2026\/03\/garotinho-x-pimentel.avif 888w, https:\/\/www.tribunanf.com.br\/blogdoralfereis\/wp-content\/uploads\/sites\/11\/2026\/03\/garotinho-x-pimentel-300x179.avif 300w, https:\/\/www.tribunanf.com.br\/blogdoralfereis\/wp-content\/uploads\/sites\/11\/2026\/03\/garotinho-x-pimentel-768x458.avif 768w\" sizes=\"auto, (max-width: 888px) 100vw, 888px\" \/><figcaption id=\"caption-attachment-15693\" class=\"wp-caption-text\">Rodrigo Pimentel x Garotinho<\/figcaption><\/figure>\n<p style=\"text-align: justify;\">O ministro Cristiano Zanin, do Supremo Tribunal Federal, cassou nessa sexta-feira (6) uma decis\u00e3o do Juiz de Direito do 6\u00ba Juizado Especial C\u00edvel da Comarca de Capital Lagoa\/RJ, que proibiu o ex-governador e jornalista investigativo Anthony Garotinho de citar o nome do ex-policial do Bope Rodrigo Pimentel.<\/p>\n<p style=\"text-align: justify;\">Na a\u00e7\u00e3o que imp\u00f4s censura pr\u00e9via, Rodrigo Pimentel alegou ter sido acusado por Garotinho de receber &#8220;pagamentos ocultos&#8221; da construtora Calper para a realiza\u00e7\u00e3o de palestras.<\/p>\n<p style=\"text-align: justify;\">O ex-governador teria sugerido que o autor atuaria como &#8220;porta-voz remunerado&#8221; para favorecer interesses em quest\u00f5es pol\u00edticas envolvendo o governo estadual e para influenciar a opini\u00e3o p\u00fablica no &#8220;Caso Marielle&#8221; mediante vantagem financeira. Pimentel afirma que as afirma\u00e7\u00f5es s\u00e3o falsas e que lhe causaram abalo \u00e0 honra. O magistrado havia acatado o pedido do ex-Bope para Garotinho apagar as den\u00fancias e o proibiu de citar o nome de Pimentel.<\/p>\n<p style=\"text-align: justify;\">Garotinho ingressou com uma Reclama\u00e7\u00e3o no STF, que foi julgada procedente pelo ministro, garantindo a liberdade de express\u00e3o do ex-governador.<\/p>\n<p style=\"text-align: justify;\">&#8220;&#8230;Nota-se, com o devido respeito, que a decis\u00e3o reclamada n\u00e3o justifica adequadamente a imposi\u00e7\u00e3o da restri\u00e7\u00e3o \u00e0 liberdade de manifesta\u00e7\u00e3o de pensamento.<\/p>\n<p style=\"text-align: justify;\">N\u00e3o h\u00e1, na base emp\u00edrica da decis\u00e3o reclamada, nenhum dado a indicar que a not\u00edcia seja falsa, injuriosa ou difamante, hip\u00f3teses que poderiam justificar a retirada da publica\u00e7\u00e3o, conforme decidido pelo Supremo Tribunal Federal no Tema 995 RG.<\/p>\n<p style=\"text-align: justify;\">Por outro \u00e2ngulo, \u00e9 evidente que existe interesse jornal\u00edstico no relato em quest\u00e3o, pois se referia a uma opera\u00e7\u00e3o da Pol\u00edcia Federal que alcan\u00e7ou repercuss\u00e3o nacional.<\/p>\n<p style=\"text-align: justify;\">No caso em apre\u00e7o, as liberdades de express\u00e3o do reclamante e de informa\u00e7\u00e3o de seu p\u00fablico foram colocadas em segundo plano em rela\u00e7\u00e3o ao direito de imagem do benefici\u00e1rio do ato reclamado, invertendo-se o regime de prioridade que ficou estabelecido no ac\u00f3rd\u00e3o da ADPF 130\/DF para essas gamas de direitos fundamentais.<\/p>\n<p style=\"text-align: justify;\">Assim, a decis\u00e3o reclamada afrontou o precedente vinculante do Supremo Tribunal Federal, proferido nos autos da ADPF 130\/DF.<\/p>\n<p style=\"text-align: justify;\">&#8230;Posto isso, nos termos do art. 161, par\u00e1grafo \u00fanico, do Regimento Interno do Supremo Tribunal Federal e do art. 992 do C\u00f3digo de Processo Civil, julgo procedente o pedido para cassar a decis\u00e3o proferida nos autos 0801285-05.2026.8.19.0252, na parte em que determinou a remo\u00e7\u00e3o dos conte\u00fados publicados pelo reclamante e impediu novas publica\u00e7\u00f5es a respeito do benefici\u00e1rio do ato reclamado.&#8221;, decidiu Zanin.<\/p>\n<p>Confira a decis\u00e3o: <a href=\"https:\/\/www.tribunanf.com.br\/blogdoralfereis\/wp-content\/uploads\/sites\/11\/2026\/03\/STF-Garotinho-x-Rodrigo-Pimentel.pdf\">STF &#8211; Garotinho x Rodrigo Pimentel<\/a><\/p>\n","protected":false},"excerpt":{"rendered":"<p>O ministro Cristiano Zanin, do Supremo Tribunal Federal, cassou nessa sexta-feira (6) uma decis\u00e3o do Juiz de Direito do 6\u00ba&#8230;<\/p>\n","protected":false},"author":2,"featured_media":15693,"comment_status":"open","ping_status":"open","sticky":false,"template":"","format":"standard","meta":{"colormag_page_container_layout":"default_layout","colormag_page_sidebar_layout":"default_layout","jetpack_post_was_ever_published":false,"_jetpack_newsletter_access":"","_jetpack_dont_email_post_to_subs":false,"_jetpack_newsletter_tier_id":0,"_jetpack_memberships_contains_paywalled_content":false,"_jetpack_memberships_contains_paid_content":false,"footnotes":""},"categories":[2],"tags":[],"class_list":["post-15691","post","type-post","status-publish","format-standard","has-post-thumbnail","hentry","category-politica"],"jetpack_featured_media_url":"https:\/\/www.tribunanf.com.br\/blogdoralfereis\/wp-content\/uploads\/sites\/11\/2026\/03\/garotinho-x-pimentel.avif","jetpack_sharing_enabled":true,"_links":{"self":[{"href":"https:\/\/www.tribunanf.com.br\/blogdoralfereis\/wp-json\/wp\/v2\/posts\/15691","targetHints":{"allow":["GET"]}}],"collection":[{"href":"https:\/\/www.tribunanf.com.br\/blogdoralfereis\/wp-json\/wp\/v2\/posts"}],"about":[{"href":"https:\/\/www.tribunanf.com.br\/blogdoralfereis\/wp-json\/wp\/v2\/types\/post"}],"author":[{"embeddable":true,"href":"https:\/\/www.tribunanf.com.br\/blogdoralfereis\/wp-json\/wp\/v2\/users\/2"}],"replies":[{"embeddable":true,"href":"https:\/\/www.tribunanf.com.br\/blogdoralfereis\/wp-json\/wp\/v2\/comments?post=15691"}],"version-history":[{"count":1,"href":"https:\/\/www.tribunanf.com.br\/blogdoralfereis\/wp-json\/wp\/v2\/posts\/15691\/revisions"}],"predecessor-version":[{"id":15694,"href":"https:\/\/www.tribunanf.com.br\/blogdoralfereis\/wp-json\/wp\/v2\/posts\/15691\/revisions\/15694"}],"wp:featuredmedia":[{"embeddable":true,"href":"https:\/\/www.tribunanf.com.br\/blogdoralfereis\/wp-json\/wp\/v2\/media\/15693"}],"wp:attachment":[{"href":"https:\/\/www.tribunanf.com.br\/blogdoralfereis\/wp-json\/wp\/v2\/media?parent=15691"}],"wp:term":[{"taxonomy":"category","embeddable":true,"href":"https:\/\/www.tribunanf.com.br\/blogdoralfereis\/wp-json\/wp\/v2\/categories?post=15691"},{"taxonomy":"post_tag","embeddable":true,"href":"https:\/\/www.tribunanf.com.br\/blogdoralfereis\/wp-json\/wp\/v2\/tags?post=15691"}],"curies":[{"name":"wp","href":"https:\/\/api.w.org\/{rel}","templated":true}]}}