{"id":15450,"date":"2026-01-29T16:53:48","date_gmt":"2026-01-29T19:53:48","guid":{"rendered":"https:\/\/www.tribunanf.com.br\/blogdoralfereis\/?p=15450"},"modified":"2026-01-29T16:53:48","modified_gmt":"2026-01-29T19:53:48","slug":"presidente-do-tjrj-assume-o-governo-do-rio-com-viagem-de-claudio-castro-ao-exterior","status":"publish","type":"post","link":"https:\/\/www.tribunanf.com.br\/blogdoralfereis\/2026\/01\/29\/presidente-do-tjrj-assume-o-governo-do-rio-com-viagem-de-claudio-castro-ao-exterior\/","title":{"rendered":"Presidente do TJRJ assume o governo do Rio com viagem de Cl\u00e1udio Castro ao exterior"},"content":{"rendered":"<p><img loading=\"lazy\" decoding=\"async\" class=\"aligncenter size-large wp-image-15451\" src=\"https:\/\/www.tribunanf.com.br\/blogdoralfereis\/wp-content\/uploads\/sites\/11\/2026\/01\/ricardo-castro_Easy-Resize.com_-1024x682.jpg\" alt=\"\" width=\"800\" height=\"533\" srcset=\"https:\/\/www.tribunanf.com.br\/blogdoralfereis\/wp-content\/uploads\/sites\/11\/2026\/01\/ricardo-castro_Easy-Resize.com_-1024x682.jpg 1024w, https:\/\/www.tribunanf.com.br\/blogdoralfereis\/wp-content\/uploads\/sites\/11\/2026\/01\/ricardo-castro_Easy-Resize.com_-300x200.jpg 300w, https:\/\/www.tribunanf.com.br\/blogdoralfereis\/wp-content\/uploads\/sites\/11\/2026\/01\/ricardo-castro_Easy-Resize.com_-768x512.jpg 768w, https:\/\/www.tribunanf.com.br\/blogdoralfereis\/wp-content\/uploads\/sites\/11\/2026\/01\/ricardo-castro_Easy-Resize.com_.jpg 1280w\" sizes=\"auto, (max-width: 800px) 100vw, 800px\" \/><\/p>\n<p style=\"text-align: justify;\">A partir desta quinta-feira, dia 29 de janeiro, o presidente do Tribunal de Justi\u00e7a do Rio de Janeiro, desembargador Ricardo Couto de Castro assume, interinamente, o governo do Estado do Rio de Janeiro, em decorr\u00eancia da aus\u00eancia tempor\u00e1ria &#8211; por viagem ao exterior, agendada meses atr\u00e1s &#8211; do governador eleito, Cl\u00e1udio Castro.<\/p>\n<p style=\"text-align: justify;\">Terceiro na linha sucess\u00f3ria, conforme prev\u00ea a Constitui\u00e7\u00e3o do Estado, o desembargador assume o cargo interinamente, diante das aus\u00eancias do vice-governador e do presidente da Assembleia Legislativa.<\/p>\n<p style=\"text-align: justify;\">Cumprindo o protocolo oficial, o desembargador Ricardo Couto de Castro assumiu o cargo ap\u00f3s receber of\u00edcio da Assembleia Legislativa cientificando da viagem do governador.<\/p>\n<p style=\"text-align: justify;\">O presidente do Tribunal permanecer\u00e1 no exerc\u00edcio do governo do Rio de Janeiro at\u00e9 o retorno do governador eleito.<\/p>\n<p style=\"text-align: justify;\">Por n\u00e3o se tratar de assun\u00e7\u00e3o de cargo por vac\u00e2ncia , o presidente do Tribunal de Justi\u00e7a n\u00e3o precisar\u00e1 se desincompatibilizar da Presid\u00eancia do Tribunal de Justi\u00e7a do Rio de Janeiro (TJRJ).<\/p>\n<p style=\"text-align: justify;\">Diante da comunica\u00e7\u00e3o da viagem do governador, o presidente do Tribunal de Justi\u00e7a teve que adiar viagem agendada para esse final de semana, tamb\u00e9m ao exterior.<\/p>\n<p style=\"text-align: justify;\">Ascom TJRJ.<\/p>\n","protected":false},"excerpt":{"rendered":"<p>A partir desta quinta-feira, dia 29 de janeiro, o presidente do Tribunal de Justi\u00e7a do Rio de Janeiro, desembargador Ricardo&#8230;<\/p>\n","protected":false},"author":2,"featured_media":15451,"comment_status":"open","ping_status":"open","sticky":false,"template":"","format":"standard","meta":{"colormag_page_container_layout":"default_layout","colormag_page_sidebar_layout":"default_layout","jetpack_post_was_ever_published":false,"_jetpack_newsletter_access":"","_jetpack_dont_email_post_to_subs":false,"_jetpack_newsletter_tier_id":0,"_jetpack_memberships_contains_paywalled_content":false,"_jetpack_memberships_contains_paid_content":false,"footnotes":""},"categories":[2],"tags":[],"class_list":["post-15450","post","type-post","status-publish","format-standard","has-post-thumbnail","hentry","category-politica"],"jetpack_featured_media_url":"https:\/\/www.tribunanf.com.br\/blogdoralfereis\/wp-content\/uploads\/sites\/11\/2026\/01\/ricardo-castro_Easy-Resize.com_.jpg","jetpack_sharing_enabled":true,"_links":{"self":[{"href":"https:\/\/www.tribunanf.com.br\/blogdoralfereis\/wp-json\/wp\/v2\/posts\/15450","targetHints":{"allow":["GET"]}}],"collection":[{"href":"https:\/\/www.tribunanf.com.br\/blogdoralfereis\/wp-json\/wp\/v2\/posts"}],"about":[{"href":"https:\/\/www.tribunanf.com.br\/blogdoralfereis\/wp-json\/wp\/v2\/types\/post"}],"author":[{"embeddable":true,"href":"https:\/\/www.tribunanf.com.br\/blogdoralfereis\/wp-json\/wp\/v2\/users\/2"}],"replies":[{"embeddable":true,"href":"https:\/\/www.tribunanf.com.br\/blogdoralfereis\/wp-json\/wp\/v2\/comments?post=15450"}],"version-history":[{"count":2,"href":"https:\/\/www.tribunanf.com.br\/blogdoralfereis\/wp-json\/wp\/v2\/posts\/15450\/revisions"}],"predecessor-version":[{"id":15453,"href":"https:\/\/www.tribunanf.com.br\/blogdoralfereis\/wp-json\/wp\/v2\/posts\/15450\/revisions\/15453"}],"wp:featuredmedia":[{"embeddable":true,"href":"https:\/\/www.tribunanf.com.br\/blogdoralfereis\/wp-json\/wp\/v2\/media\/15451"}],"wp:attachment":[{"href":"https:\/\/www.tribunanf.com.br\/blogdoralfereis\/wp-json\/wp\/v2\/media?parent=15450"}],"wp:term":[{"taxonomy":"category","embeddable":true,"href":"https:\/\/www.tribunanf.com.br\/blogdoralfereis\/wp-json\/wp\/v2\/categories?post=15450"},{"taxonomy":"post_tag","embeddable":true,"href":"https:\/\/www.tribunanf.com.br\/blogdoralfereis\/wp-json\/wp\/v2\/tags?post=15450"}],"curies":[{"name":"wp","href":"https:\/\/api.w.org\/{rel}","templated":true}]}}