{"id":15434,"date":"2026-01-26T22:00:54","date_gmt":"2026-01-27T01:00:54","guid":{"rendered":"https:\/\/www.tribunanf.com.br\/blogdoralfereis\/?p=15434"},"modified":"2026-01-26T22:00:54","modified_gmt":"2026-01-27T01:00:54","slug":"wladimir-comemora-decreto-para-implantacao-do-batalhao-da-pm-em-guarus-e-oferece-local-para-instalacao","status":"publish","type":"post","link":"https:\/\/www.tribunanf.com.br\/blogdoralfereis\/2026\/01\/26\/wladimir-comemora-decreto-para-implantacao-do-batalhao-da-pm-em-guarus-e-oferece-local-para-instalacao\/","title":{"rendered":"Wladimir comemora decreto para implanta\u00e7\u00e3o do Batalh\u00e3o da PM em Guarus e oferece local para instala\u00e7\u00e3o"},"content":{"rendered":"<p><img loading=\"lazy\" decoding=\"async\" class=\"aligncenter size-large wp-image-15149\" src=\"https:\/\/www.tribunanf.com.br\/blogdoralfereis\/wp-content\/uploads\/sites\/11\/2025\/12\/wlad_Easy-Resize.com-3-1024x682.jpg\" alt=\"\" width=\"800\" height=\"533\" srcset=\"https:\/\/www.tribunanf.com.br\/blogdoralfereis\/wp-content\/uploads\/sites\/11\/2025\/12\/wlad_Easy-Resize.com-3-1024x682.jpg 1024w, https:\/\/www.tribunanf.com.br\/blogdoralfereis\/wp-content\/uploads\/sites\/11\/2025\/12\/wlad_Easy-Resize.com-3-300x200.jpg 300w, https:\/\/www.tribunanf.com.br\/blogdoralfereis\/wp-content\/uploads\/sites\/11\/2025\/12\/wlad_Easy-Resize.com-3-768x512.jpg 768w, https:\/\/www.tribunanf.com.br\/blogdoralfereis\/wp-content\/uploads\/sites\/11\/2025\/12\/wlad_Easy-Resize.com-3.jpg 1280w\" sizes=\"auto, (max-width: 800px) 100vw, 800px\" \/><\/p>\n<p style=\"text-align: justify;\">O prefeito de Campos dos Goytacazes, Wladimir Garotinho, comemorou nas redes sociais a assinatura do decreto para instala\u00e7\u00e3o do Batalh\u00e3o da Pol\u00edcia Militar em Guarus.<\/p>\n<p style=\"text-align: justify;\">Em seu post, Wladimir informou que ofereceu o local para a instala\u00e7\u00e3o do Batalh\u00e3o, para que ocorra o mais breve poss\u00edvel.<\/p>\n<p style=\"text-align: justify;\">&#8220;Foi assinado hoje o decreto de cria\u00e7\u00e3o do 46\u00b0 Batalh\u00e3o de Pol\u00edcia Militar que vai ficar sediado em Guarus, atendendo toda regi\u00e3o at\u00e9 a divisa com o Esp\u00edrito Santo e tamb\u00e9m ao munic\u00edpio de S\u00e3o Francisco de Itabapoana. Eu j\u00e1 havia anunciado essa boa nova junto ao Deputado Estadual Bruno Dauaire pois \u00e9 uma luta nossa juntos desde 2014, mas agora \u00e9 oficial! J\u00e1 reafirmo o compromisso e adianto a popula\u00e7\u00e3o que ofereci um local para que seja colado em pr\u00e1tica de forma r\u00e1pida.&#8221;, disse o prefeito.<\/p>\n<p style=\"text-align: justify;\">O an\u00fancio da assinatura do decreto foi feito na manh\u00e3 desta segunda-feira (26) pelo deputado Bruno Dauaire ao lado do Secret\u00e1rio da Pol\u00edcia Militar Coronel Menezes.<\/p>\n<p style=\"text-align: justify;\">Confira:<\/p>\n<blockquote class=\"wp-embedded-content\" data-secret=\"9ewZeE3dfi\"><p><a href=\"https:\/\/www.tribunanf.com.br\/bruno-dauaire-garante-batalhao-da-pm-em-guarus-e-fortalece-a-seguranca-regional\/\">Bruno Dauaire garante Batalh\u00e3o da PM em Guarus e fortalece a seguran\u00e7a Regional<\/a><\/p><\/blockquote>\n<p><iframe loading=\"lazy\" class=\"wp-embedded-content\" sandbox=\"allow-scripts\" security=\"restricted\" style=\"position: absolute; visibility: hidden;\" title=\"&#8220;Bruno Dauaire garante Batalh\u00e3o da PM em Guarus e fortalece a seguran\u00e7a Regional&#8221; &#8212; Tribuna NF\" src=\"https:\/\/www.tribunanf.com.br\/bruno-dauaire-garante-batalhao-da-pm-em-guarus-e-fortalece-a-seguranca-regional\/embed\/#?secret=erch4sJMBx#?secret=9ewZeE3dfi\" data-secret=\"9ewZeE3dfi\" width=\"600\" height=\"338\" frameborder=\"0\" marginwidth=\"0\" marginheight=\"0\" scrolling=\"no\"><\/iframe><\/p>\n","protected":false},"excerpt":{"rendered":"<p>O prefeito de Campos dos Goytacazes, Wladimir Garotinho, comemorou nas redes sociais a assinatura do decreto para instala\u00e7\u00e3o do Batalh\u00e3o&#8230;<\/p>\n","protected":false},"author":2,"featured_media":15149,"comment_status":"open","ping_status":"open","sticky":false,"template":"","format":"standard","meta":{"colormag_page_container_layout":"default_layout","colormag_page_sidebar_layout":"default_layout","jetpack_post_was_ever_published":false,"_jetpack_newsletter_access":"","_jetpack_dont_email_post_to_subs":false,"_jetpack_newsletter_tier_id":0,"_jetpack_memberships_contains_paywalled_content":false,"_jetpack_memberships_contains_paid_content":false,"footnotes":""},"categories":[2],"tags":[],"class_list":["post-15434","post","type-post","status-publish","format-standard","has-post-thumbnail","hentry","category-politica"],"jetpack_featured_media_url":"https:\/\/www.tribunanf.com.br\/blogdoralfereis\/wp-content\/uploads\/sites\/11\/2025\/12\/wlad_Easy-Resize.com-3.jpg","jetpack_sharing_enabled":true,"_links":{"self":[{"href":"https:\/\/www.tribunanf.com.br\/blogdoralfereis\/wp-json\/wp\/v2\/posts\/15434","targetHints":{"allow":["GET"]}}],"collection":[{"href":"https:\/\/www.tribunanf.com.br\/blogdoralfereis\/wp-json\/wp\/v2\/posts"}],"about":[{"href":"https:\/\/www.tribunanf.com.br\/blogdoralfereis\/wp-json\/wp\/v2\/types\/post"}],"author":[{"embeddable":true,"href":"https:\/\/www.tribunanf.com.br\/blogdoralfereis\/wp-json\/wp\/v2\/users\/2"}],"replies":[{"embeddable":true,"href":"https:\/\/www.tribunanf.com.br\/blogdoralfereis\/wp-json\/wp\/v2\/comments?post=15434"}],"version-history":[{"count":2,"href":"https:\/\/www.tribunanf.com.br\/blogdoralfereis\/wp-json\/wp\/v2\/posts\/15434\/revisions"}],"predecessor-version":[{"id":15437,"href":"https:\/\/www.tribunanf.com.br\/blogdoralfereis\/wp-json\/wp\/v2\/posts\/15434\/revisions\/15437"}],"wp:featuredmedia":[{"embeddable":true,"href":"https:\/\/www.tribunanf.com.br\/blogdoralfereis\/wp-json\/wp\/v2\/media\/15149"}],"wp:attachment":[{"href":"https:\/\/www.tribunanf.com.br\/blogdoralfereis\/wp-json\/wp\/v2\/media?parent=15434"}],"wp:term":[{"taxonomy":"category","embeddable":true,"href":"https:\/\/www.tribunanf.com.br\/blogdoralfereis\/wp-json\/wp\/v2\/categories?post=15434"},{"taxonomy":"post_tag","embeddable":true,"href":"https:\/\/www.tribunanf.com.br\/blogdoralfereis\/wp-json\/wp\/v2\/tags?post=15434"}],"curies":[{"name":"wp","href":"https:\/\/api.w.org\/{rel}","templated":true}]}}