{"id":15424,"date":"2026-01-26T19:12:24","date_gmt":"2026-01-26T22:12:24","guid":{"rendered":"https:\/\/www.tribunanf.com.br\/blogdoralfereis\/?p=15424"},"modified":"2026-01-26T19:12:24","modified_gmt":"2026-01-26T22:12:24","slug":"mprj-recomenda-educacao-digital-obrigatoria-nas-escolas-de-campos-a-partir-de-2026","status":"publish","type":"post","link":"https:\/\/www.tribunanf.com.br\/blogdoralfereis\/2026\/01\/26\/mprj-recomenda-educacao-digital-obrigatoria-nas-escolas-de-campos-a-partir-de-2026\/","title":{"rendered":"MPRJ recomenda educa\u00e7\u00e3o digital obrigat\u00f3ria nas escolas de Campos a partir de 2026"},"content":{"rendered":"<p><img loading=\"lazy\" decoding=\"async\" class=\"aligncenter size-large wp-image-15425\" src=\"https:\/\/www.tribunanf.com.br\/blogdoralfereis\/wp-content\/uploads\/sites\/11\/2026\/01\/upload_00010632_Easy-Resize.com_-1024x682.jpg\" alt=\"\" width=\"800\" height=\"533\" srcset=\"https:\/\/www.tribunanf.com.br\/blogdoralfereis\/wp-content\/uploads\/sites\/11\/2026\/01\/upload_00010632_Easy-Resize.com_-1024x682.jpg 1024w, https:\/\/www.tribunanf.com.br\/blogdoralfereis\/wp-content\/uploads\/sites\/11\/2026\/01\/upload_00010632_Easy-Resize.com_-300x200.jpg 300w, https:\/\/www.tribunanf.com.br\/blogdoralfereis\/wp-content\/uploads\/sites\/11\/2026\/01\/upload_00010632_Easy-Resize.com_-768x512.jpg 768w, https:\/\/www.tribunanf.com.br\/blogdoralfereis\/wp-content\/uploads\/sites\/11\/2026\/01\/upload_00010632_Easy-Resize.com_.jpg 1280w\" sizes=\"auto, (max-width: 800px) 100vw, 800px\" \/><\/p>\n<p style=\"text-align: justify;\">O Minist\u00e9rio P\u00fablico do Estado do Rio de Janeiro (MPRJ), por meio da Promotoria de Justi\u00e7a de Tutela Coletiva da Inf\u00e2ncia e da Juventude de Campos dos Goytacazes, expediu Recomenda\u00e7\u00e3o para que todas as escolas p\u00fablicas e privadas do munic\u00edpio implementem, a partir de 2026, de forma obrigat\u00f3ria, a educa\u00e7\u00e3o digital e midi\u00e1tica integrada ao curr\u00edculo escolar.<\/p>\n<p style=\"text-align: justify;\">A medida tem como base a Resolu\u00e7\u00e3o n\u00ba 02\/2025 do Conselho Nacional de Educa\u00e7\u00e3o (CNE) e a Lei n\u00ba 14.533\/2023, que estabelecem a educa\u00e7\u00e3o digital e midi\u00e1tica como compet\u00eancia transversal em todas as etapas da educa\u00e7\u00e3o b\u00e1sica. A iniciativa tamb\u00e9m considera o aumento de casos envolvendo suspeitas de viola\u00e7\u00f5es de direitos de crian\u00e7as e adolescentes relacionadas ao uso inadequado, excessivo ou sem supervis\u00e3o de dispositivos digitais e redes sociais.<\/p>\n<p style=\"text-align: justify;\">De acordo com a Promotoria, a forma\u00e7\u00e3o digital \u00e9 fundamental para que estudantes desenvolvam habilidades de uso seguro, cr\u00edtico e respons\u00e1vel da internet e das tecnologias, refor\u00e7ando o papel da escola na forma\u00e7\u00e3o integral dos alunos, que vai al\u00e9m da transmiss\u00e3o de conte\u00fados acad\u00eamicos.<\/p>\n<p style=\"text-align: justify;\">A Recomenda\u00e7\u00e3o tamb\u00e9m prev\u00ea a cria\u00e7\u00e3o de um protocolo institucional, com fichas e formul\u00e1rios padronizados, para o registro e encaminhamento adequados de ocorr\u00eancias e suspeitas de viola\u00e7\u00f5es de direitos no ambiente digital.<\/p>\n<p style=\"text-align: justify;\">Para acompanhar e refor\u00e7ar a implementa\u00e7\u00e3o das medidas, a Promotoria de Tutela Coletiva da Inf\u00e2ncia e da Juventude de Campos dos Goytacazes ir\u00e1 promover um cronograma de eventos e reuni\u00f5es com representantes das redes p\u00fablica e privada de ensino, al\u00e9m de encontros com a Secretaria Municipal de Educa\u00e7\u00e3o e a Coordenadoria Regional Norte Fluminense. As a\u00e7\u00f5es t\u00eam como objetivo sensibilizar a comunidade escolar e garantir o cumprimento integral das medidas previstas para 2026.<\/p>\n<p style=\"text-align: justify;\">Por MPRJ<\/p>\n","protected":false},"excerpt":{"rendered":"<p>O Minist\u00e9rio P\u00fablico do Estado do Rio de Janeiro (MPRJ), por meio da Promotoria de Justi\u00e7a de Tutela Coletiva da&#8230;<\/p>\n","protected":false},"author":2,"featured_media":15425,"comment_status":"open","ping_status":"open","sticky":false,"template":"","format":"standard","meta":{"colormag_page_container_layout":"default_layout","colormag_page_sidebar_layout":"default_layout","jetpack_post_was_ever_published":false,"_jetpack_newsletter_access":"","_jetpack_dont_email_post_to_subs":false,"_jetpack_newsletter_tier_id":0,"_jetpack_memberships_contains_paywalled_content":false,"_jetpack_memberships_contains_paid_content":false,"footnotes":""},"categories":[2],"tags":[],"class_list":["post-15424","post","type-post","status-publish","format-standard","has-post-thumbnail","hentry","category-politica"],"jetpack_featured_media_url":"https:\/\/www.tribunanf.com.br\/blogdoralfereis\/wp-content\/uploads\/sites\/11\/2026\/01\/upload_00010632_Easy-Resize.com_.jpg","jetpack_sharing_enabled":true,"_links":{"self":[{"href":"https:\/\/www.tribunanf.com.br\/blogdoralfereis\/wp-json\/wp\/v2\/posts\/15424","targetHints":{"allow":["GET"]}}],"collection":[{"href":"https:\/\/www.tribunanf.com.br\/blogdoralfereis\/wp-json\/wp\/v2\/posts"}],"about":[{"href":"https:\/\/www.tribunanf.com.br\/blogdoralfereis\/wp-json\/wp\/v2\/types\/post"}],"author":[{"embeddable":true,"href":"https:\/\/www.tribunanf.com.br\/blogdoralfereis\/wp-json\/wp\/v2\/users\/2"}],"replies":[{"embeddable":true,"href":"https:\/\/www.tribunanf.com.br\/blogdoralfereis\/wp-json\/wp\/v2\/comments?post=15424"}],"version-history":[{"count":2,"href":"https:\/\/www.tribunanf.com.br\/blogdoralfereis\/wp-json\/wp\/v2\/posts\/15424\/revisions"}],"predecessor-version":[{"id":15427,"href":"https:\/\/www.tribunanf.com.br\/blogdoralfereis\/wp-json\/wp\/v2\/posts\/15424\/revisions\/15427"}],"wp:featuredmedia":[{"embeddable":true,"href":"https:\/\/www.tribunanf.com.br\/blogdoralfereis\/wp-json\/wp\/v2\/media\/15425"}],"wp:attachment":[{"href":"https:\/\/www.tribunanf.com.br\/blogdoralfereis\/wp-json\/wp\/v2\/media?parent=15424"}],"wp:term":[{"taxonomy":"category","embeddable":true,"href":"https:\/\/www.tribunanf.com.br\/blogdoralfereis\/wp-json\/wp\/v2\/categories?post=15424"},{"taxonomy":"post_tag","embeddable":true,"href":"https:\/\/www.tribunanf.com.br\/blogdoralfereis\/wp-json\/wp\/v2\/tags?post=15424"}],"curies":[{"name":"wp","href":"https:\/\/api.w.org\/{rel}","templated":true}]}}