{"id":15275,"date":"2025-12-16T14:20:08","date_gmt":"2025-12-16T17:20:08","guid":{"rendered":"https:\/\/www.tribunanf.com.br\/blogdoralfereis\/?p=15275"},"modified":"2025-12-16T14:20:08","modified_gmt":"2025-12-16T17:20:08","slug":"ao-vivo-cpi-do-crime-organizado-ouve-ex-governador-anthony-garotinho","status":"publish","type":"post","link":"https:\/\/www.tribunanf.com.br\/blogdoralfereis\/2025\/12\/16\/ao-vivo-cpi-do-crime-organizado-ouve-ex-governador-anthony-garotinho\/","title":{"rendered":"Ao vivo: CPI do Crime Organizado ouve ex-governador Anthony Garotinho"},"content":{"rendered":"<p><img loading=\"lazy\" decoding=\"async\" class=\"aligncenter size-large wp-image-15276\" src=\"https:\/\/www.tribunanf.com.br\/blogdoralfereis\/wp-content\/uploads\/sites\/11\/2025\/12\/garotinho_Easy-Resize.com_-1024x578.jpg\" alt=\"\" width=\"800\" height=\"452\" srcset=\"https:\/\/www.tribunanf.com.br\/blogdoralfereis\/wp-content\/uploads\/sites\/11\/2025\/12\/garotinho_Easy-Resize.com_-1024x578.jpg 1024w, https:\/\/www.tribunanf.com.br\/blogdoralfereis\/wp-content\/uploads\/sites\/11\/2025\/12\/garotinho_Easy-Resize.com_-300x169.jpg 300w, https:\/\/www.tribunanf.com.br\/blogdoralfereis\/wp-content\/uploads\/sites\/11\/2025\/12\/garotinho_Easy-Resize.com_-768x434.jpg 768w, https:\/\/www.tribunanf.com.br\/blogdoralfereis\/wp-content\/uploads\/sites\/11\/2025\/12\/garotinho_Easy-Resize.com_.jpg 1280w\" sizes=\"auto, (max-width: 800px) 100vw, 800px\" \/><\/p>\n<p style=\"text-align: justify;\">A CPI do Crime Organizado ouve o ex-governador e ex-secret\u00e1rio de Seguran\u00e7a P\u00fablica do Rio de Janeiro Anthony Garotinho. Confira a transmiss\u00e3o abaixo.<\/p>\n<p style=\"text-align: justify;\">O convite a Garotinho foi proposto pelo relator da comiss\u00e3o parlamentar de inqu\u00e9rito, senador Alessandro Vieira (MDB-SE). Segundo o parlamentar, o ex-governador \u201cdet\u00e9m conhecimento qualificado sobre a din\u00e2mica de atua\u00e7\u00e3o do crime organizado e suas poss\u00edveis conex\u00f5es com agentes p\u00fablicos\u201d.<\/p>\n<p style=\"text-align: justify;\">\u201cA contribui\u00e7\u00e3o do senhor Anthony Garotinho \u00e9 imprescind\u00edvel para que esta CPI possa aprofundar a compreens\u00e3o sobre os mecanismos de infiltra\u00e7\u00e3o do crime organizado nas estruturas estatais, subsidiando a constru\u00e7\u00e3o de um diagn\u00f3stico fidedigno da gravidade do fen\u00f4meno e permitindo a avalia\u00e7\u00e3o da efic\u00e1cia das pol\u00edticas p\u00fablicas atualmente adotadas no enfrentamento ao crime organizado e \u00e0 corrup\u00e7\u00e3o institucional\u201d, argumentou Alessandro Vieira.<\/p>\n<div class=\"jetpack-video-wrapper\"><iframe loading=\"lazy\" title=\"Ao vivo: CPI do Crime Organizado ouve o ex-governador do Rio, Anthony Garotinho \u2013 16\/12\/25\" width=\"800\" height=\"450\" src=\"https:\/\/www.youtube.com\/embed\/RGhR99Iad0Q?feature=oembed\" frameborder=\"0\" allow=\"accelerometer; autoplay; clipboard-write; encrypted-media; gyroscope; picture-in-picture; web-share\" referrerpolicy=\"strict-origin-when-cross-origin\" allowfullscreen><\/iframe><\/div>\n","protected":false},"excerpt":{"rendered":"<p>A CPI do Crime Organizado ouve o ex-governador e ex-secret\u00e1rio de Seguran\u00e7a P\u00fablica do Rio de Janeiro Anthony Garotinho. Confira&#8230;<\/p>\n","protected":false},"author":2,"featured_media":15276,"comment_status":"open","ping_status":"open","sticky":false,"template":"","format":"standard","meta":{"colormag_page_container_layout":"default_layout","colormag_page_sidebar_layout":"default_layout","jetpack_post_was_ever_published":false,"_jetpack_newsletter_access":"","_jetpack_dont_email_post_to_subs":false,"_jetpack_newsletter_tier_id":0,"_jetpack_memberships_contains_paywalled_content":false,"_jetpack_memberships_contains_paid_content":false,"footnotes":""},"categories":[2],"tags":[],"class_list":["post-15275","post","type-post","status-publish","format-standard","has-post-thumbnail","hentry","category-politica"],"jetpack_featured_media_url":"https:\/\/www.tribunanf.com.br\/blogdoralfereis\/wp-content\/uploads\/sites\/11\/2025\/12\/garotinho_Easy-Resize.com_.jpg","jetpack_sharing_enabled":true,"_links":{"self":[{"href":"https:\/\/www.tribunanf.com.br\/blogdoralfereis\/wp-json\/wp\/v2\/posts\/15275","targetHints":{"allow":["GET"]}}],"collection":[{"href":"https:\/\/www.tribunanf.com.br\/blogdoralfereis\/wp-json\/wp\/v2\/posts"}],"about":[{"href":"https:\/\/www.tribunanf.com.br\/blogdoralfereis\/wp-json\/wp\/v2\/types\/post"}],"author":[{"embeddable":true,"href":"https:\/\/www.tribunanf.com.br\/blogdoralfereis\/wp-json\/wp\/v2\/users\/2"}],"replies":[{"embeddable":true,"href":"https:\/\/www.tribunanf.com.br\/blogdoralfereis\/wp-json\/wp\/v2\/comments?post=15275"}],"version-history":[{"count":2,"href":"https:\/\/www.tribunanf.com.br\/blogdoralfereis\/wp-json\/wp\/v2\/posts\/15275\/revisions"}],"predecessor-version":[{"id":15279,"href":"https:\/\/www.tribunanf.com.br\/blogdoralfereis\/wp-json\/wp\/v2\/posts\/15275\/revisions\/15279"}],"wp:featuredmedia":[{"embeddable":true,"href":"https:\/\/www.tribunanf.com.br\/blogdoralfereis\/wp-json\/wp\/v2\/media\/15276"}],"wp:attachment":[{"href":"https:\/\/www.tribunanf.com.br\/blogdoralfereis\/wp-json\/wp\/v2\/media?parent=15275"}],"wp:term":[{"taxonomy":"category","embeddable":true,"href":"https:\/\/www.tribunanf.com.br\/blogdoralfereis\/wp-json\/wp\/v2\/categories?post=15275"},{"taxonomy":"post_tag","embeddable":true,"href":"https:\/\/www.tribunanf.com.br\/blogdoralfereis\/wp-json\/wp\/v2\/tags?post=15275"}],"curies":[{"name":"wp","href":"https:\/\/api.w.org\/{rel}","templated":true}]}}