{"id":15270,"date":"2025-12-16T10:48:07","date_gmt":"2025-12-16T13:48:07","guid":{"rendered":"https:\/\/www.tribunanf.com.br\/blogdoralfereis\/?p=15270"},"modified":"2025-12-16T10:48:07","modified_gmt":"2025-12-16T13:48:07","slug":"defesa-do-desembargador-do-caso-th-joias-diz-que-prisao-e-ilegal-e-pede-soltura","status":"publish","type":"post","link":"https:\/\/www.tribunanf.com.br\/blogdoralfereis\/2025\/12\/16\/defesa-do-desembargador-do-caso-th-joias-diz-que-prisao-e-ilegal-e-pede-soltura\/","title":{"rendered":"Defesa do desembargador do caso TH Joias diz que pris\u00e3o \u00e9 ilegal e pede soltura"},"content":{"rendered":"<figure id=\"attachment_15271\" aria-describedby=\"caption-attachment-15271\" style=\"width: 800px\" class=\"wp-caption aligncenter\"><img loading=\"lazy\" decoding=\"async\" class=\"size-large wp-image-15271\" src=\"https:\/\/www.tribunanf.com.br\/blogdoralfereis\/wp-content\/uploads\/sites\/11\/2025\/12\/desembargador-macario-ramos-de-judice-neto_Easy-Resize.com_-1024x577.jpg\" alt=\"desembargador Mac\u00e1rio J\u00fadice Neto\" width=\"800\" height=\"451\" srcset=\"https:\/\/www.tribunanf.com.br\/blogdoralfereis\/wp-content\/uploads\/sites\/11\/2025\/12\/desembargador-macario-ramos-de-judice-neto_Easy-Resize.com_-1024x577.jpg 1024w, https:\/\/www.tribunanf.com.br\/blogdoralfereis\/wp-content\/uploads\/sites\/11\/2025\/12\/desembargador-macario-ramos-de-judice-neto_Easy-Resize.com_-300x169.jpg 300w, https:\/\/www.tribunanf.com.br\/blogdoralfereis\/wp-content\/uploads\/sites\/11\/2025\/12\/desembargador-macario-ramos-de-judice-neto_Easy-Resize.com_-768x433.jpg 768w, https:\/\/www.tribunanf.com.br\/blogdoralfereis\/wp-content\/uploads\/sites\/11\/2025\/12\/desembargador-macario-ramos-de-judice-neto_Easy-Resize.com_.jpg 1280w\" sizes=\"auto, (max-width: 800px) 100vw, 800px\" \/><figcaption id=\"caption-attachment-15271\" class=\"wp-caption-text\">Desembargador Mac\u00e1rio J\u00fadice Neto<\/figcaption><\/figure>\n<p style=\"text-align: justify;\">A defesa do desembargador Mac\u00e1rio J\u00fadice Neto, preso pela Pol\u00edcia Federal (PF) na manh\u00e3 desta ter\u00e7a-feira (16), manifestou-se pela soltura imediata do magistrado. Segundo o advogado criminalista Fernando Augusto Fernandes, a defesa n\u00e3o teve sequer acesso \u00e0 decis\u00e3o que determinou a pris\u00e3o, o que seria ilegal.<\/p>\n<p style=\"text-align: justify;\">O desembargador foi um dos alvos da opera\u00e7\u00e3o Unha e Carne, deflagrada nesta ter\u00e7a (16). Segundo os investigadores, ele \u00e9 suspeito de repassar informa\u00e7\u00f5es de modo a favorecer o Comando Vermelho. Mac\u00e1rio J\u00fadice \u00e9 o relator do caso do deputado estadual carioca TH Joias, suspeito de liga\u00e7\u00e3o com a fac\u00e7\u00e3o.<\/p>\n<p style=\"text-align: justify;\">\u201cA defesa apresentar\u00e1 os devidos esclarecimentos nos autos e requerer\u00e1 a sua imediata soltura\u201d, disse Fernando Fernandes em nota \u00e0 coluna. Segundo o caus\u00eddico, o mandado de pris\u00e3o apresentado pela PF dizia trazer em anexo a decis\u00e3o. No entanto, os agentes que cumpriram a pris\u00e3o disseram n\u00e3o ter o despacho de Alexandre de Moraes.<\/p>\n<p style=\"text-align: justify;\">\u201c\u00c9 preciso investigar a quem interessa o afastamento do desembargador que determinou pris\u00f5es no Rio de Janeiro e a cria\u00e7\u00e3o de vers\u00f5es mentirosas que levaram aos fatos de hoje\u201d, disse Fernando Fernandes. Ele nega que seu cliente tenha agido para favorecer a fac\u00e7\u00e3o Comando Vermelho.<\/p>\n<p style=\"text-align: justify;\">Denunciado por corrup\u00e7\u00e3o, desembargador foi nomeado por Lula<\/p>\n<p style=\"text-align: justify;\">Em 2005, Mac\u00e1rio J\u00fadice foi afastado do Tribunal Regional Federal da 2\u00aa Regi\u00e3o (TRF-2) ap\u00f3s ser denunciado pelo suposto envolvimento com a m\u00e1fia dos ca\u00e7a-n\u00edqueis. Mac\u00e1rio J\u00fadice atuava ent\u00e3o como juiz federal no Esp\u00edrito Santo. Dez anos depois, em 2015, ele foi absolvido nessa primeira a\u00e7\u00e3o penal.<\/p>\n<p style=\"text-align: justify;\">Permaneceu afastado, no entanto, em fun\u00e7\u00e3o de uma apura\u00e7\u00e3o interna no TRF.<\/p>\n<p style=\"text-align: justify;\">Finalmente, em maio de 2023, Mac\u00e1rio foi nomeado desembargador federal pelo presidente Lula (PT). Ele era o juiz mais antigo na lista do TRF-2.<\/p>\n<p style=\"text-align: justify;\">Leia abaixo a \u00edntegra da nota do advogado Fernando Fernandes<\/p>\n<p style=\"text-align: justify;\">\u201cA defesa do Desembargador Macario Judice registra, desde logo, que Sua Excel\u00eancia o Ministro Alexandre de Moraes foi induzido a erro ao determinar a medida extrema. Ressalta, ainda, que n\u00e3o foi disponibilizada c\u00f3pia da decis\u00e3o que decretou sua pris\u00e3o, obstando o pleno exerc\u00edcio do contradit\u00f3rio e da ampla defesa. A defesa apresentar\u00e1 os devidos esclarecimentos nos autos e requerer\u00e1 a sua imediata soltura\u201d.<\/p>\n<p style=\"text-align: justify;\">Com informa\u00e7\u00f5es da Coluna de Andreza Matias, do Metr\u00f3poles.<\/p>\n","protected":false},"excerpt":{"rendered":"<p>A defesa do desembargador Mac\u00e1rio J\u00fadice Neto, preso pela Pol\u00edcia Federal (PF) na manh\u00e3 desta ter\u00e7a-feira (16), manifestou-se pela soltura&#8230;<\/p>\n","protected":false},"author":2,"featured_media":15271,"comment_status":"open","ping_status":"open","sticky":false,"template":"","format":"standard","meta":{"colormag_page_container_layout":"default_layout","colormag_page_sidebar_layout":"default_layout","jetpack_post_was_ever_published":false,"_jetpack_newsletter_access":"","_jetpack_dont_email_post_to_subs":false,"_jetpack_newsletter_tier_id":0,"_jetpack_memberships_contains_paywalled_content":false,"_jetpack_memberships_contains_paid_content":false,"footnotes":""},"categories":[2],"tags":[],"class_list":["post-15270","post","type-post","status-publish","format-standard","has-post-thumbnail","hentry","category-politica"],"jetpack_featured_media_url":"https:\/\/www.tribunanf.com.br\/blogdoralfereis\/wp-content\/uploads\/sites\/11\/2025\/12\/desembargador-macario-ramos-de-judice-neto_Easy-Resize.com_.jpg","jetpack_sharing_enabled":true,"_links":{"self":[{"href":"https:\/\/www.tribunanf.com.br\/blogdoralfereis\/wp-json\/wp\/v2\/posts\/15270","targetHints":{"allow":["GET"]}}],"collection":[{"href":"https:\/\/www.tribunanf.com.br\/blogdoralfereis\/wp-json\/wp\/v2\/posts"}],"about":[{"href":"https:\/\/www.tribunanf.com.br\/blogdoralfereis\/wp-json\/wp\/v2\/types\/post"}],"author":[{"embeddable":true,"href":"https:\/\/www.tribunanf.com.br\/blogdoralfereis\/wp-json\/wp\/v2\/users\/2"}],"replies":[{"embeddable":true,"href":"https:\/\/www.tribunanf.com.br\/blogdoralfereis\/wp-json\/wp\/v2\/comments?post=15270"}],"version-history":[{"count":2,"href":"https:\/\/www.tribunanf.com.br\/blogdoralfereis\/wp-json\/wp\/v2\/posts\/15270\/revisions"}],"predecessor-version":[{"id":15273,"href":"https:\/\/www.tribunanf.com.br\/blogdoralfereis\/wp-json\/wp\/v2\/posts\/15270\/revisions\/15273"}],"wp:featuredmedia":[{"embeddable":true,"href":"https:\/\/www.tribunanf.com.br\/blogdoralfereis\/wp-json\/wp\/v2\/media\/15271"}],"wp:attachment":[{"href":"https:\/\/www.tribunanf.com.br\/blogdoralfereis\/wp-json\/wp\/v2\/media?parent=15270"}],"wp:term":[{"taxonomy":"category","embeddable":true,"href":"https:\/\/www.tribunanf.com.br\/blogdoralfereis\/wp-json\/wp\/v2\/categories?post=15270"},{"taxonomy":"post_tag","embeddable":true,"href":"https:\/\/www.tribunanf.com.br\/blogdoralfereis\/wp-json\/wp\/v2\/tags?post=15270"}],"curies":[{"name":"wp","href":"https:\/\/api.w.org\/{rel}","templated":true}]}}