{"id":15267,"date":"2025-12-16T09:24:47","date_gmt":"2025-12-16T12:24:47","guid":{"rendered":"https:\/\/www.tribunanf.com.br\/blogdoralfereis\/?p=15267"},"modified":"2025-12-16T09:24:47","modified_gmt":"2025-12-16T12:24:47","slug":"lula-nomeia-paulo-cesar-salomao-filho-para-desembargador-do-tre-rj","status":"publish","type":"post","link":"https:\/\/www.tribunanf.com.br\/blogdoralfereis\/2025\/12\/16\/lula-nomeia-paulo-cesar-salomao-filho-para-desembargador-do-tre-rj\/","title":{"rendered":"Lula nomeia Paulo C\u00e9sar Salom\u00e3o Filho para desembargador do TRE-RJ"},"content":{"rendered":"<figure id=\"attachment_15268\" aria-describedby=\"caption-attachment-15268\" style=\"width: 800px\" class=\"wp-caption aligncenter\"><img loading=\"lazy\" decoding=\"async\" class=\"size-large wp-image-15268\" src=\"https:\/\/www.tribunanf.com.br\/blogdoralfereis\/wp-content\/uploads\/sites\/11\/2025\/12\/PHOTO-2025-12-16-07-52-27-1_Easy-Resize.com_-1024x721.jpg\" alt=\"Paulo C\u00e9sar Salom\u00e3o Filho\" width=\"800\" height=\"563\" srcset=\"https:\/\/www.tribunanf.com.br\/blogdoralfereis\/wp-content\/uploads\/sites\/11\/2025\/12\/PHOTO-2025-12-16-07-52-27-1_Easy-Resize.com_-1024x721.jpg 1024w, https:\/\/www.tribunanf.com.br\/blogdoralfereis\/wp-content\/uploads\/sites\/11\/2025\/12\/PHOTO-2025-12-16-07-52-27-1_Easy-Resize.com_-300x211.jpg 300w, https:\/\/www.tribunanf.com.br\/blogdoralfereis\/wp-content\/uploads\/sites\/11\/2025\/12\/PHOTO-2025-12-16-07-52-27-1_Easy-Resize.com_-768x541.jpg 768w, https:\/\/www.tribunanf.com.br\/blogdoralfereis\/wp-content\/uploads\/sites\/11\/2025\/12\/PHOTO-2025-12-16-07-52-27-1_Easy-Resize.com_-130x90.jpg 130w, https:\/\/www.tribunanf.com.br\/blogdoralfereis\/wp-content\/uploads\/sites\/11\/2025\/12\/PHOTO-2025-12-16-07-52-27-1_Easy-Resize.com_.jpg 1280w\" sizes=\"auto, (max-width: 800px) 100vw, 800px\" \/><figcaption id=\"caption-attachment-15268\" class=\"wp-caption-text\">Paulo C\u00e9sar Salom\u00e3o Filho<\/figcaption><\/figure>\n<p style=\"text-align: justify;\">O presidente Lula nomeou o advogado Paulo C\u00e9sar Salom\u00e3o Filho para integrar o Tribunal Regional Eleitoral do Rio de Janeiro (TRE-RJ). Ele ocupar\u00e1 a vaga aberta com a posse de Fernando Marques de Campos Cabral Filho como desembargador do Tribunal de Justi\u00e7a do Estado. Salom\u00e3o Filho foi indicado, em lista tr\u00edplice, ao presidente da Rep\u00fablica pelo TJ-RJ para uma das cadeiras destinadas a juristas.<\/p>\n<p style=\"text-align: justify;\">Sobrinho do ministro do Superior Tribunal de Justi\u00e7a Luis Felipe Salom\u00e3o, Paulo C\u00e9sar \u00e9 filho do juiz Paulo C\u00e9sar Salom\u00e3o, falecido em 2008. Conhecido no meio jur\u00eddico como Paulinho, atua nas \u00e1reas de contencioso, Direito Eleitoral e Direito Desportivo.<\/p>\n<p style=\"text-align: justify;\">Bacharel em Direito pela Faculdade Nacional de Direito da UFRJ, \u00e9 especialista em Direito Eleitoral pela Escola Superior de Advocacia do Distrito Federal (UniCEUB), mestre em Direito Processual pela UERJ e p\u00f3s-graduado em Direito Eleitoral pela mesma institui\u00e7\u00e3o, com t\u00edtulo de especialista obtido em 2012.<\/p>\n<p style=\"text-align: justify;\">Paulo C\u00e9sar Salom\u00e3o Filho foi presidente do Superior Tribunal de Justi\u00e7a Desportiva do Futebol no bi\u00eanio 2018\u20132020, al\u00e9m de ter atuado como vice-presidente e corregedor do STJD entre 2016 e 2018. Tamb\u00e9m exerceu os cargos de diretor da Escola Nacional de Direito Desportivo (2014\u20132016) e auditor do STJD do Basquete, de 2009 a 2016. Entre 2019 e 2024, foi conselheiro titular do Conselho Jur\u00eddico e Estrat\u00e9gico da Associa\u00e7\u00e3o Comercial do Rio de Janeiro.<\/p>\n<p style=\"text-align: justify;\">Com informa\u00e7\u00f5es Agenda do Poder.<\/p>\n","protected":false},"excerpt":{"rendered":"<p>O presidente Lula nomeou o advogado Paulo C\u00e9sar Salom\u00e3o Filho para integrar o Tribunal Regional Eleitoral do Rio de Janeiro&#8230;<\/p>\n","protected":false},"author":2,"featured_media":15268,"comment_status":"open","ping_status":"open","sticky":false,"template":"","format":"standard","meta":{"colormag_page_container_layout":"default_layout","colormag_page_sidebar_layout":"default_layout","jetpack_post_was_ever_published":false,"_jetpack_newsletter_access":"","_jetpack_dont_email_post_to_subs":false,"_jetpack_newsletter_tier_id":0,"_jetpack_memberships_contains_paywalled_content":false,"_jetpack_memberships_contains_paid_content":false,"footnotes":""},"categories":[66],"tags":[],"class_list":["post-15267","post","type-post","status-publish","format-standard","has-post-thumbnail","hentry","category-poder"],"jetpack_featured_media_url":"https:\/\/www.tribunanf.com.br\/blogdoralfereis\/wp-content\/uploads\/sites\/11\/2025\/12\/PHOTO-2025-12-16-07-52-27-1_Easy-Resize.com_.jpg","jetpack_sharing_enabled":true,"_links":{"self":[{"href":"https:\/\/www.tribunanf.com.br\/blogdoralfereis\/wp-json\/wp\/v2\/posts\/15267","targetHints":{"allow":["GET"]}}],"collection":[{"href":"https:\/\/www.tribunanf.com.br\/blogdoralfereis\/wp-json\/wp\/v2\/posts"}],"about":[{"href":"https:\/\/www.tribunanf.com.br\/blogdoralfereis\/wp-json\/wp\/v2\/types\/post"}],"author":[{"embeddable":true,"href":"https:\/\/www.tribunanf.com.br\/blogdoralfereis\/wp-json\/wp\/v2\/users\/2"}],"replies":[{"embeddable":true,"href":"https:\/\/www.tribunanf.com.br\/blogdoralfereis\/wp-json\/wp\/v2\/comments?post=15267"}],"version-history":[{"count":1,"href":"https:\/\/www.tribunanf.com.br\/blogdoralfereis\/wp-json\/wp\/v2\/posts\/15267\/revisions"}],"predecessor-version":[{"id":15269,"href":"https:\/\/www.tribunanf.com.br\/blogdoralfereis\/wp-json\/wp\/v2\/posts\/15267\/revisions\/15269"}],"wp:featuredmedia":[{"embeddable":true,"href":"https:\/\/www.tribunanf.com.br\/blogdoralfereis\/wp-json\/wp\/v2\/media\/15268"}],"wp:attachment":[{"href":"https:\/\/www.tribunanf.com.br\/blogdoralfereis\/wp-json\/wp\/v2\/media?parent=15267"}],"wp:term":[{"taxonomy":"category","embeddable":true,"href":"https:\/\/www.tribunanf.com.br\/blogdoralfereis\/wp-json\/wp\/v2\/categories?post=15267"},{"taxonomy":"post_tag","embeddable":true,"href":"https:\/\/www.tribunanf.com.br\/blogdoralfereis\/wp-json\/wp\/v2\/tags?post=15267"}],"curies":[{"name":"wp","href":"https:\/\/api.w.org\/{rel}","templated":true}]}}