{"id":15259,"date":"2025-12-13T12:04:36","date_gmt":"2025-12-13T15:04:36","guid":{"rendered":"https:\/\/www.tribunanf.com.br\/blogdoralfereis\/?p=15259"},"modified":"2025-12-14T09:39:09","modified_gmt":"2025-12-14T12:39:09","slug":"nova-fase-de-operacao-da-pf-determinada-por-flavio-dino-mira-orcamento-de-r-50-bilhoes-de-emendas-de-comissao","status":"publish","type":"post","link":"https:\/\/www.tribunanf.com.br\/blogdoralfereis\/2025\/12\/13\/nova-fase-de-operacao-da-pf-determinada-por-flavio-dino-mira-orcamento-de-r-50-bilhoes-de-emendas-de-comissao\/","title":{"rendered":"Nova fase de opera\u00e7\u00e3o da PF determinada por Fl\u00e1vio Dino mira or\u00e7amento de R$ 50 bilh\u00f5es de emendas de comiss\u00e3o"},"content":{"rendered":"<figure id=\"attachment_15260\" aria-describedby=\"caption-attachment-15260\" style=\"width: 800px\" class=\"wp-caption aligncenter\"><img loading=\"lazy\" decoding=\"async\" class=\"size-large wp-image-15260\" src=\"https:\/\/www.tribunanf.com.br\/blogdoralfereis\/wp-content\/uploads\/sites\/11\/2025\/12\/flavio-dino_Easy-Resize.com-2-1024x682.jpg\" alt=\"ministro Fl\u00e1vio Dino\" width=\"800\" height=\"533\" srcset=\"https:\/\/www.tribunanf.com.br\/blogdoralfereis\/wp-content\/uploads\/sites\/11\/2025\/12\/flavio-dino_Easy-Resize.com-2-1024x682.jpg 1024w, https:\/\/www.tribunanf.com.br\/blogdoralfereis\/wp-content\/uploads\/sites\/11\/2025\/12\/flavio-dino_Easy-Resize.com-2-300x200.jpg 300w, https:\/\/www.tribunanf.com.br\/blogdoralfereis\/wp-content\/uploads\/sites\/11\/2025\/12\/flavio-dino_Easy-Resize.com-2-768x512.jpg 768w, https:\/\/www.tribunanf.com.br\/blogdoralfereis\/wp-content\/uploads\/sites\/11\/2025\/12\/flavio-dino_Easy-Resize.com-2.jpg 1280w\" sizes=\"auto, (max-width: 800px) 100vw, 800px\" \/><figcaption id=\"caption-attachment-15260\" class=\"wp-caption-text\">Ministro Fl\u00e1vio Dino<\/figcaption><\/figure>\n<p style=\"text-align: justify;\">A nova fase da opera\u00e7\u00e3o Transpar\u00eancia da Pol\u00edcia Federal deflagrada ontem contra emendas parlamentares mira o or\u00e7amento das denominadas emendas de comiss\u00e3o. Segundo depoimento de deputados no \u00e2mbito da investiga\u00e7\u00e3o, as emendas de comiss\u00e3o seriam de R$ 50 bilh\u00f5es.<\/p>\n<p style=\"text-align: justify;\">A opera\u00e7\u00e3o foi determinada pelo ministro Fl\u00e1vio Dino, do Supremo Tribunal Federal.<\/p>\n<p style=\"text-align: justify;\">&#8220;[&#8230;] Houve uma migra\u00e7\u00e3o daquilo que era RP2 e RP9 para as emendas de comiss\u00e3o. E colocando isso de uma maneira fraudada e desobedecendo as decis\u00f5es do STF. Mas resumindo isso foi se avolumando, foi se ampliando e ela \u00e9 utilizada para aquilo inclusive que n\u00e3o s\u00e3o objetivos declarados publicamente. voc\u00ea hoje de emendas de comiss\u00e3o, voc\u00ea tem aproximadamente 50 bilh\u00f5es [&#8230;] parte do or\u00e7amento p\u00fablico hoje \u00e9 controlado por um grupo pequeno de deputados e senadores.&#8221;, disse um deputado durante depoimento.<\/p>\n<p style=\"text-align: justify;\">O depoimento consta na decis\u00e3o do ministro, ao qual o blog publicou na \u00edntegra. Leia no link abaixo.<\/p>\n<blockquote class=\"wp-embedded-content\" data-secret=\"2KsjiiIROY\"><p><a href=\"https:\/\/www.tribunanf.com.br\/blogdoralfereis\/2025\/12\/12\/veja-decisao-de-flavio-dino-que-autorizou-operacao-da-pf-contra-ex-assessora-de-lira-no-esquema-de-emendas-parlamentares\/\">Veja decis\u00e3o de Fl\u00e1vio Dino que autorizou opera\u00e7\u00e3o da PF contra ex-assessora de Lira no esquema de emendas parlamentares<\/a><\/p><\/blockquote>\n<p><iframe loading=\"lazy\" class=\"wp-embedded-content\" sandbox=\"allow-scripts\" security=\"restricted\" style=\"position: absolute; visibility: hidden;\" title=\"&#8220;Veja decis\u00e3o de Fl\u00e1vio Dino que autorizou opera\u00e7\u00e3o da PF contra ex-assessora de Lira no esquema de emendas parlamentares&#8221; &#8212; Blog do Ralfe Reis\" src=\"https:\/\/www.tribunanf.com.br\/blogdoralfereis\/2025\/12\/12\/veja-decisao-de-flavio-dino-que-autorizou-operacao-da-pf-contra-ex-assessora-de-lira-no-esquema-de-emendas-parlamentares\/embed\/#?secret=V4hElia3uH#?secret=2KsjiiIROY\" data-secret=\"2KsjiiIROY\" width=\"600\" height=\"338\" frameborder=\"0\" marginwidth=\"0\" marginheight=\"0\" scrolling=\"no\"><\/iframe><\/p>\n","protected":false},"excerpt":{"rendered":"<p>A nova fase da opera\u00e7\u00e3o Transpar\u00eancia da Pol\u00edcia Federal deflagrada ontem contra emendas parlamentares mira o or\u00e7amento das denominadas emendas&#8230;<\/p>\n","protected":false},"author":2,"featured_media":15260,"comment_status":"open","ping_status":"open","sticky":false,"template":"","format":"standard","meta":{"colormag_page_container_layout":"default_layout","colormag_page_sidebar_layout":"default_layout","jetpack_post_was_ever_published":false,"_jetpack_newsletter_access":"","_jetpack_dont_email_post_to_subs":false,"_jetpack_newsletter_tier_id":0,"_jetpack_memberships_contains_paywalled_content":false,"_jetpack_memberships_contains_paid_content":false,"footnotes":""},"categories":[2],"tags":[],"class_list":["post-15259","post","type-post","status-publish","format-standard","has-post-thumbnail","hentry","category-politica"],"jetpack_featured_media_url":"https:\/\/www.tribunanf.com.br\/blogdoralfereis\/wp-content\/uploads\/sites\/11\/2025\/12\/flavio-dino_Easy-Resize.com-2.jpg","jetpack_sharing_enabled":true,"_links":{"self":[{"href":"https:\/\/www.tribunanf.com.br\/blogdoralfereis\/wp-json\/wp\/v2\/posts\/15259","targetHints":{"allow":["GET"]}}],"collection":[{"href":"https:\/\/www.tribunanf.com.br\/blogdoralfereis\/wp-json\/wp\/v2\/posts"}],"about":[{"href":"https:\/\/www.tribunanf.com.br\/blogdoralfereis\/wp-json\/wp\/v2\/types\/post"}],"author":[{"embeddable":true,"href":"https:\/\/www.tribunanf.com.br\/blogdoralfereis\/wp-json\/wp\/v2\/users\/2"}],"replies":[{"embeddable":true,"href":"https:\/\/www.tribunanf.com.br\/blogdoralfereis\/wp-json\/wp\/v2\/comments?post=15259"}],"version-history":[{"count":5,"href":"https:\/\/www.tribunanf.com.br\/blogdoralfereis\/wp-json\/wp\/v2\/posts\/15259\/revisions"}],"predecessor-version":[{"id":15266,"href":"https:\/\/www.tribunanf.com.br\/blogdoralfereis\/wp-json\/wp\/v2\/posts\/15259\/revisions\/15266"}],"wp:featuredmedia":[{"embeddable":true,"href":"https:\/\/www.tribunanf.com.br\/blogdoralfereis\/wp-json\/wp\/v2\/media\/15260"}],"wp:attachment":[{"href":"https:\/\/www.tribunanf.com.br\/blogdoralfereis\/wp-json\/wp\/v2\/media?parent=15259"}],"wp:term":[{"taxonomy":"category","embeddable":true,"href":"https:\/\/www.tribunanf.com.br\/blogdoralfereis\/wp-json\/wp\/v2\/categories?post=15259"},{"taxonomy":"post_tag","embeddable":true,"href":"https:\/\/www.tribunanf.com.br\/blogdoralfereis\/wp-json\/wp\/v2\/tags?post=15259"}],"curies":[{"name":"wp","href":"https:\/\/api.w.org\/{rel}","templated":true}]}}