{"id":15253,"date":"2025-12-13T10:15:06","date_gmt":"2025-12-13T13:15:06","guid":{"rendered":"https:\/\/www.tribunanf.com.br\/blogdoralfereis\/?p=15253"},"modified":"2025-12-13T10:15:06","modified_gmt":"2025-12-13T13:15:06","slug":"em-nota-oficial-camara-dos-deputados-reage-a-flavio-dino","status":"publish","type":"post","link":"https:\/\/www.tribunanf.com.br\/blogdoralfereis\/2025\/12\/13\/em-nota-oficial-camara-dos-deputados-reage-a-flavio-dino\/","title":{"rendered":"Em nota oficial, C\u00e2mara dos Deputados reage a Fl\u00e1vio Dino"},"content":{"rendered":"<p><img loading=\"lazy\" decoding=\"async\" class=\"aligncenter size-large wp-image-15254\" src=\"https:\/\/www.tribunanf.com.br\/blogdoralfereis\/wp-content\/uploads\/sites\/11\/2025\/12\/bdf-20250807-113527-f50f69_Easy-Resize.com_-1024x631.jpg\" alt=\"\" width=\"800\" height=\"493\" srcset=\"https:\/\/www.tribunanf.com.br\/blogdoralfereis\/wp-content\/uploads\/sites\/11\/2025\/12\/bdf-20250807-113527-f50f69_Easy-Resize.com_-1024x631.jpg 1024w, https:\/\/www.tribunanf.com.br\/blogdoralfereis\/wp-content\/uploads\/sites\/11\/2025\/12\/bdf-20250807-113527-f50f69_Easy-Resize.com_-300x185.jpg 300w, https:\/\/www.tribunanf.com.br\/blogdoralfereis\/wp-content\/uploads\/sites\/11\/2025\/12\/bdf-20250807-113527-f50f69_Easy-Resize.com_-768x473.jpg 768w, https:\/\/www.tribunanf.com.br\/blogdoralfereis\/wp-content\/uploads\/sites\/11\/2025\/12\/bdf-20250807-113527-f50f69_Easy-Resize.com_.jpg 1280w\" sizes=\"auto, (max-width: 800px) 100vw, 800px\" \/><\/p>\n<p style=\"text-align: justify;\">Em nota de oito par\u00e1grafos, o presidente da C\u00e2mara, deputado Hugo Motta (Republicanos-PB), respondeu \u00e0s investidas do STF sobre as emendas parlamentares.<\/p>\n<p style=\"text-align: justify;\">A nota foi escrita em conjunto com l\u00edderes partid\u00e1rios, que retornaram para Bras\u00edlia ap\u00f3s a opera\u00e7\u00e3o da PF autorizada por Fl\u00e1vio Dino, que buscou documentos relativos \u00e0 distribui\u00e7\u00e3o de emendas.<\/p>\n<p style=\"text-align: justify;\">Confira a \u00edntegra:<\/p>\n<p style=\"text-align: justify;\">NOTA \u00c0 IMPRENSA<\/p>\n<p style=\"text-align: justify;\">As emendas parlamentares s\u00e3o indica\u00e7\u00f5es feitas por deputados e senadores ao or\u00e7amento federal, previstas no art. 166 da Constitui\u00e7\u00e3o, como forma de direcionar recursos para pol\u00edticas p\u00fablicas que beneficiam cidad\u00e3os brasileiros em todos os cantos do pa\u00eds. Os parlamentares indicam a destina\u00e7\u00e3o desses recursos, que s\u00e3o geridos pelo Poder Executivo Federal, dos Estados e dos Munic\u00edpios, e fiscalizados pelos \u00f3rg\u00e3os de controle.<\/p>\n<p style=\"text-align: justify;\">Al\u00e9m disso, todas as emendas s\u00e3o autorizadas pela Secretaria de Rela\u00e7\u00f5es Institucionais da Presid\u00eancia da Rep\u00fablica. A C\u00e2mara dos Deputados n\u00e3o compactua com ilicitudes na execu\u00e7\u00e3o de emendas parlamentares. Em virtude disso, juntamente com o Poder Executivo, Senado Federal, Tribunal de Contas da Uni\u00e3o e Supremo Tribunal Federal, vem aprimorando os sistemas de transpar\u00eancia e rastreabilidade da proposi\u00e7\u00e3o, indica\u00e7\u00e3o e execu\u00e7\u00e3o de emendas parlamentares.<\/p>\n<p style=\"text-align: justify;\">Nesse sentido, o Congresso Nacional aprovou a Lei Complementar no 210\/2024, que disp\u00f5e sobre a proposi\u00e7\u00e3o e a execu\u00e7\u00e3o de emendas parlamentares na lei or\u00e7ament\u00e1ria anual, prevendo mecanismos de controle e transpar\u00eancia. Al\u00e9m disso, vem aprimorando constantemente a regulamenta\u00e7\u00e3o da mat\u00e9ria, como \u00e9 o caso das Resolu\u00e7\u00f5es no 1 e 2, de 2025, do Congresso Nacional.<\/p>\n<p style=\"text-align: justify;\">O Poder Legislativo iniciou campanha publicit\u00e1ria institucional e lan\u00e7ou portal espec\u00edfico para acompanhamento da proposi\u00e7\u00e3o, indica\u00e7\u00e3o e execu\u00e7\u00e3o de emendas parlamentares, sem preju\u00edzo da transpar\u00eancia que j\u00e1 estava implementada pelo portal original da Casa e no Portal da Transpar\u00eancia.<\/p>\n<p style=\"text-align: justify;\">A C\u00e2mara dos Deputados respeita o Supremo Tribunal Federal e todas as decis\u00f5es por ele proferidas. Destaca, no entanto, que uma leitura atenta e correta da decis\u00e3o proferida pelo Ilustre Ministro Fl\u00e1vio Dino revela que ali n\u00e3o se aponta nenhum ato de desvio de verbas p\u00fablicas. Nenhum. Eventuais desvios, insista-se, devem ser devidamente apurados.<\/p>\n<p style=\"text-align: justify;\">Importante n\u00e3o confundir o ato pol\u00edtico de mera indica\u00e7\u00e3o de emendas parlamentares de comiss\u00e3o (que sequer s\u00e3o impositivas e se submetem ao ju\u00edzo discricion\u00e1rio do Poder Executivo), com a final execu\u00e7\u00e3o dessas verbas pelos seus destinat\u00e1rios finais.<\/p>\n<p style=\"text-align: justify;\">A correta execu\u00e7\u00e3o dos recursos p\u00fablicos e transfer\u00eancias governamentais, n\u00e3o apenas emendas parlamentares, mas tamb\u00e9m provenientes do Poder Executivo, pelos seus destinat\u00e1rios finais, deve ser estritamente acompanhada pelos \u00f3rg\u00e3os de controle.<\/p>\n<p style=\"text-align: justify;\">A servidora Mari\u00e2ngela Fialek \u00e9 uma t\u00e9cnica competente, respons\u00e1vel e comprometida com a boa gest\u00e3o da coisa p\u00fablica. A experi\u00eancia da servidora \u00e9 reconhecida por todos os \u00f3rg\u00e3os do Poder Legislativo e do Poder Executivo que elaboram e executam o or\u00e7amento federal. Inclusive, a atua\u00e7\u00e3o da servidora Mari\u00e2ngela Fialek foi fundamental no aprimoramento dos sistemas de rastreabilidade da proposi\u00e7\u00e3o, indica\u00e7\u00e3o e execu\u00e7\u00e3o de emendas parlamentares.<\/p>\n<p style=\"text-align: justify;\">Hugo Motta, presidente da C\u00e2mara dos Deputados<\/p>\n","protected":false},"excerpt":{"rendered":"<p>Em nota de oito par\u00e1grafos, o presidente da C\u00e2mara, deputado Hugo Motta (Republicanos-PB), respondeu \u00e0s investidas do STF sobre as&#8230;<\/p>\n","protected":false},"author":2,"featured_media":15254,"comment_status":"open","ping_status":"open","sticky":false,"template":"","format":"standard","meta":{"colormag_page_container_layout":"default_layout","colormag_page_sidebar_layout":"default_layout","jetpack_post_was_ever_published":false,"_jetpack_newsletter_access":"","_jetpack_dont_email_post_to_subs":false,"_jetpack_newsletter_tier_id":0,"_jetpack_memberships_contains_paywalled_content":false,"_jetpack_memberships_contains_paid_content":false,"footnotes":""},"categories":[2],"tags":[],"class_list":["post-15253","post","type-post","status-publish","format-standard","has-post-thumbnail","hentry","category-politica"],"jetpack_featured_media_url":"https:\/\/www.tribunanf.com.br\/blogdoralfereis\/wp-content\/uploads\/sites\/11\/2025\/12\/bdf-20250807-113527-f50f69_Easy-Resize.com_.jpg","jetpack_sharing_enabled":true,"_links":{"self":[{"href":"https:\/\/www.tribunanf.com.br\/blogdoralfereis\/wp-json\/wp\/v2\/posts\/15253","targetHints":{"allow":["GET"]}}],"collection":[{"href":"https:\/\/www.tribunanf.com.br\/blogdoralfereis\/wp-json\/wp\/v2\/posts"}],"about":[{"href":"https:\/\/www.tribunanf.com.br\/blogdoralfereis\/wp-json\/wp\/v2\/types\/post"}],"author":[{"embeddable":true,"href":"https:\/\/www.tribunanf.com.br\/blogdoralfereis\/wp-json\/wp\/v2\/users\/2"}],"replies":[{"embeddable":true,"href":"https:\/\/www.tribunanf.com.br\/blogdoralfereis\/wp-json\/wp\/v2\/comments?post=15253"}],"version-history":[{"count":2,"href":"https:\/\/www.tribunanf.com.br\/blogdoralfereis\/wp-json\/wp\/v2\/posts\/15253\/revisions"}],"predecessor-version":[{"id":15256,"href":"https:\/\/www.tribunanf.com.br\/blogdoralfereis\/wp-json\/wp\/v2\/posts\/15253\/revisions\/15256"}],"wp:featuredmedia":[{"embeddable":true,"href":"https:\/\/www.tribunanf.com.br\/blogdoralfereis\/wp-json\/wp\/v2\/media\/15254"}],"wp:attachment":[{"href":"https:\/\/www.tribunanf.com.br\/blogdoralfereis\/wp-json\/wp\/v2\/media?parent=15253"}],"wp:term":[{"taxonomy":"category","embeddable":true,"href":"https:\/\/www.tribunanf.com.br\/blogdoralfereis\/wp-json\/wp\/v2\/categories?post=15253"},{"taxonomy":"post_tag","embeddable":true,"href":"https:\/\/www.tribunanf.com.br\/blogdoralfereis\/wp-json\/wp\/v2\/tags?post=15253"}],"curies":[{"name":"wp","href":"https:\/\/api.w.org\/{rel}","templated":true}]}}