{"id":15237,"date":"2025-12-11T21:36:57","date_gmt":"2025-12-12T00:36:57","guid":{"rendered":"https:\/\/www.tribunanf.com.br\/blogdoralfereis\/?p=15237"},"modified":"2025-12-11T21:36:57","modified_gmt":"2025-12-12T00:36:57","slug":"stf-inicia-julgamento-sobre-honorarios-de-procuradores-do-rio-de-janeiro","status":"publish","type":"post","link":"https:\/\/www.tribunanf.com.br\/blogdoralfereis\/2025\/12\/11\/stf-inicia-julgamento-sobre-honorarios-de-procuradores-do-rio-de-janeiro\/","title":{"rendered":"STF inicia julgamento sobre honor\u00e1rios de procuradores do Rio de Janeiro"},"content":{"rendered":"<figure id=\"attachment_5929\" aria-describedby=\"caption-attachment-5929\" style=\"width: 800px\" class=\"wp-caption aligncenter\"><img loading=\"lazy\" decoding=\"async\" class=\"size-large wp-image-5929\" src=\"https:\/\/www.tribunanf.com.br\/blogdoralfereis\/wp-content\/uploads\/sites\/11\/2021\/01\/stf-1024x613.jpg\" alt=\"\" width=\"800\" height=\"479\" \/><figcaption id=\"caption-attachment-5929\" class=\"wp-caption-text\">STF &#8211; Supremo Tribunal Federal (Valter Campanato\/Ag\u00eancia Brasil)<\/figcaption><\/figure>\n<p style=\"text-align: justify;\">O Supremo Tribunal Federal (STF) iniciou, nesta quinta-feira (11), o julgamento da A\u00e7\u00e3o Direta de Inconstitucionalidade\u00a0<a href=\"https:\/\/portal.stf.jus.br\/processos\/detalhe.asp?incidente=5721544\" target=\"_blank\" rel=\"noreferrer noopener\"><strong>(ADI) 6164<\/strong><\/a>, que discute a validade de\u00a0norma do Estado do Rio de Janeiro\u00a0que autoriza o pagamento de honor\u00e1rios de sucumb\u00eancia a procuradores estaduais, al\u00e9m do subs\u00eddio mensal.<\/p>\n<p style=\"text-align: justify;\">O ministro Nunes Marques\u00a0apresentou o relat\u00f3rio da a\u00e7\u00e3o,\u00a0proposta\u00a0pela Procuradoria-Geral da Rep\u00fablica (PGR) contra\u00a0a Lei Complementar\u00a0estadual 137\/2010.\u00a0Ap\u00f3s as sustenta\u00e7\u00f5es orais, o julgamento foi suspenso e ser\u00e1 retomado em data ainda a ser definida.<\/p>\n<p style=\"text-align: justify;\">Os honor\u00e1rios de sucumb\u00eancia s\u00e3o a parcela devida pela parte perdedora de um processo (a parte \u201csucumbente\u201d)\u00a0ao advogado da parte vencedora.\u00a0De acordo com a PGR,\u00a0ela tem\u00a0n\u00edtido car\u00e1ter remunerat\u00f3rio,\u00a0ou seja, \u00e9 paga\u00a0em contrapartida aos servi\u00e7os prestados no curso do processo.\u00a0Ainda segundo a institui\u00e7\u00e3o,\u00a0a atua\u00e7\u00e3o em causas judiciais\u00a0\u00e9 inerente \u00e0s\u00a0atribui\u00e7\u00f5es institucionais dos procuradores dos estados e do Distrito\u00a0Federal. Por esse motivo, o pagamento dos\u00a0honor\u00e1rios de sucumb\u00eancia\u00a0representa remunera\u00e7\u00e3o adicional pelo trabalho ordin\u00e1rio j\u00e1 realizado por esses servidores.<\/p>\n<p style=\"text-align: justify;\">O procurador do Estado do Rio de Janeiro, Carlos da Costa e Silva Filho, defendeu a norma estadual\u00a0com o argumento de que\u00a0os honor\u00e1rios\u00a0t\u00eam \u201ccar\u00e1ter de san\u00e7\u00e3o\u00a0premial\u201d e n\u00e3o configuram pagamento adicional pelo exerc\u00edcio do cargo.<\/p>\n<p style=\"text-align: justify;\">Na sequ\u00eancia, falou Miguel Felipe Pimentel Novaes, representante da Associa\u00e7\u00e3o Nacional dos Procuradores dos Estados e do Distrito Federal (Anape),\u00a0admitida como terceira interessada no processo. Ele\u00a0sustentou que apenas parte dos honor\u00e1rios \u00e9 repassada aos procuradores \u2014 atualmente cerca de 50% \u2014 e que o restante \u00e9 destinado ao Centro de Estudos Jur\u00eddicos da Procuradoria-Geral do\u00a0estado. Esse\u00a0valor\u00a0contribui\u00a0para cursos, aquisi\u00e7\u00e3o de obras e melhorias institucionais. Segundo ele, o modelo tem impacto positivo na qualifica\u00e7\u00e3o da atua\u00e7\u00e3o da advocacia p\u00fablica.<\/p>\n<p style=\"text-align: justify;\">Ao finalizar a sess\u00e3o, o\u00a0presidente do STF,\u00a0ministro Edson Fachin,\u00a0informou que, na retomada, ser\u00e3o inclu\u00eddas para julgamento conjunto outras duas a\u00e7\u00f5es sobre temas similares: a\u00a0<a href=\"https:\/\/portal.stf.jus.br\/processos\/detalhe.asp?incidente=6501701\" target=\"_blank\" rel=\"noreferrer noopener\"><strong>ADI 7258<\/strong><\/a>, que questiona indeniza\u00e7\u00f5es pagas por Santa Catarina a procuradores e auditores pelo uso de ve\u00edculo pr\u00f3prio, e a\u00a0<a href=\"https:\/\/portal.stf.jus.br\/processos\/detalhe.asp?incidente=5737192\" target=\"_blank\" rel=\"noreferrer noopener\"><strong>ADI 6198<\/strong><\/a>, que trata do pagamento de honor\u00e1rios de sucumb\u00eancia a procuradores do Mato Grosso. O relator de todas as a\u00e7\u00f5es \u00e9 o ministro Nunes Marques.<\/p>\n<p style=\"text-align: justify;\">Fonte: Ascom STF<\/p>\n","protected":false},"excerpt":{"rendered":"<p>O Supremo Tribunal Federal (STF) iniciou, nesta quinta-feira (11), o julgamento da A\u00e7\u00e3o Direta de Inconstitucionalidade\u00a0(ADI) 6164, que discute a&#8230;<\/p>\n","protected":false},"author":2,"featured_media":5929,"comment_status":"open","ping_status":"open","sticky":false,"template":"","format":"standard","meta":{"colormag_page_container_layout":"default_layout","colormag_page_sidebar_layout":"default_layout","jetpack_post_was_ever_published":false,"_jetpack_newsletter_access":"","_jetpack_dont_email_post_to_subs":false,"_jetpack_newsletter_tier_id":0,"_jetpack_memberships_contains_paywalled_content":false,"_jetpack_memberships_contains_paid_content":false,"footnotes":""},"categories":[66],"tags":[],"class_list":["post-15237","post","type-post","status-publish","format-standard","has-post-thumbnail","hentry","category-poder"],"jetpack_featured_media_url":"https:\/\/www.tribunanf.com.br\/blogdoralfereis\/wp-content\/uploads\/sites\/11\/2021\/01\/stf-e1610546871358.jpg","jetpack_sharing_enabled":true,"_links":{"self":[{"href":"https:\/\/www.tribunanf.com.br\/blogdoralfereis\/wp-json\/wp\/v2\/posts\/15237","targetHints":{"allow":["GET"]}}],"collection":[{"href":"https:\/\/www.tribunanf.com.br\/blogdoralfereis\/wp-json\/wp\/v2\/posts"}],"about":[{"href":"https:\/\/www.tribunanf.com.br\/blogdoralfereis\/wp-json\/wp\/v2\/types\/post"}],"author":[{"embeddable":true,"href":"https:\/\/www.tribunanf.com.br\/blogdoralfereis\/wp-json\/wp\/v2\/users\/2"}],"replies":[{"embeddable":true,"href":"https:\/\/www.tribunanf.com.br\/blogdoralfereis\/wp-json\/wp\/v2\/comments?post=15237"}],"version-history":[{"count":2,"href":"https:\/\/www.tribunanf.com.br\/blogdoralfereis\/wp-json\/wp\/v2\/posts\/15237\/revisions"}],"predecessor-version":[{"id":15239,"href":"https:\/\/www.tribunanf.com.br\/blogdoralfereis\/wp-json\/wp\/v2\/posts\/15237\/revisions\/15239"}],"wp:featuredmedia":[{"embeddable":true,"href":"https:\/\/www.tribunanf.com.br\/blogdoralfereis\/wp-json\/wp\/v2\/media\/5929"}],"wp:attachment":[{"href":"https:\/\/www.tribunanf.com.br\/blogdoralfereis\/wp-json\/wp\/v2\/media?parent=15237"}],"wp:term":[{"taxonomy":"category","embeddable":true,"href":"https:\/\/www.tribunanf.com.br\/blogdoralfereis\/wp-json\/wp\/v2\/categories?post=15237"},{"taxonomy":"post_tag","embeddable":true,"href":"https:\/\/www.tribunanf.com.br\/blogdoralfereis\/wp-json\/wp\/v2\/tags?post=15237"}],"curies":[{"name":"wp","href":"https:\/\/api.w.org\/{rel}","templated":true}]}}