{"id":15233,"date":"2025-12-11T13:46:39","date_gmt":"2025-12-11T16:46:39","guid":{"rendered":"https:\/\/www.tribunanf.com.br\/blogdoralfereis\/?p=15233"},"modified":"2025-12-11T13:46:39","modified_gmt":"2025-12-11T16:46:39","slug":"governo-do-rio-larga-a-mao-de-ricardo-magro-e-intima-refit-por-inadimplencia","status":"publish","type":"post","link":"https:\/\/www.tribunanf.com.br\/blogdoralfereis\/2025\/12\/11\/governo-do-rio-larga-a-mao-de-ricardo-magro-e-intima-refit-por-inadimplencia\/","title":{"rendered":"Governo do Rio larga a m\u00e3o de Ricardo Magro e intima Refit por inadimpl\u00eancia"},"content":{"rendered":"<p><img loading=\"lazy\" decoding=\"async\" class=\"aligncenter size-large wp-image-15234\" src=\"https:\/\/www.tribunanf.com.br\/blogdoralfereis\/wp-content\/uploads\/sites\/11\/2025\/12\/refit_Easy-Resize.com_-1024x682.jpg\" alt=\"\" width=\"800\" height=\"533\" srcset=\"https:\/\/www.tribunanf.com.br\/blogdoralfereis\/wp-content\/uploads\/sites\/11\/2025\/12\/refit_Easy-Resize.com_-1024x682.jpg 1024w, https:\/\/www.tribunanf.com.br\/blogdoralfereis\/wp-content\/uploads\/sites\/11\/2025\/12\/refit_Easy-Resize.com_-300x200.jpg 300w, https:\/\/www.tribunanf.com.br\/blogdoralfereis\/wp-content\/uploads\/sites\/11\/2025\/12\/refit_Easy-Resize.com_-768x512.jpg 768w, https:\/\/www.tribunanf.com.br\/blogdoralfereis\/wp-content\/uploads\/sites\/11\/2025\/12\/refit_Easy-Resize.com_.jpg 1280w\" sizes=\"auto, (max-width: 800px) 100vw, 800px\" \/><\/p>\n<p style=\"text-align: justify;\">A Procuradoria Geral do Estado do Rio de Janeiro pediu \u00e0 Justi\u00e7a que intime a Refit pela falta de pagamentos de parcelas da recupera\u00e7\u00e3o judicial do grupo. A informa\u00e7\u00e3o \u00e9 do blog de Lauro Jardim, O Globo.<\/p>\n<p style=\"text-align: justify;\">A d\u00edvida tribut\u00e1ria total junto ao fisco fluminense \u00e9 de R$ 13 bilh\u00f5es. Segundo o governo do Rio, a empresa est\u00e1 inadimplente desde outubro.<\/p>\n<p style=\"text-align: justify;\">Na peti\u00e7\u00e3o, o procurador-geral do estado, Renan Miguel Saad, cita que ap\u00f3s tr\u00eas meses sem honrar as parcelas \u00e9 poss\u00edvel cancelar os acordos para pagamento das d\u00edvidas, o que pode resultar em penhoras.<\/p>\n<p style=\"text-align: justify;\">Segundo o documento, eventual cancelamento do parcelamento tribut\u00e1rio em curso, al\u00e9m de provocar o rein\u00edcio de execu\u00e7\u00f5es fiscais, atualmente suspensas, tamb\u00e9m ter\u00e1 efeitos na recupera\u00e7\u00e3o judicial.<\/p>\n<p style=\"text-align: justify;\">O pedido representa uma mudan\u00e7a no posicionamento do governo do Rio. Em outubro, a Procuradoria se manifestou pela reabertura da Refit, por entender que haveria preju\u00edzos aos cofres p\u00fablicos pela aus\u00eancia de arrecada\u00e7\u00e3o de impostos por parte da empresa de Ricardo Magro.<\/p>\n<p style=\"text-align: justify;\">Chama aten\u00e7\u00e3o o fato de a empresa ser acusada de n\u00e3o pagar tributos, representando a maior d\u00edvida ativa do estado.<\/p>\n<p style=\"text-align: justify;\">A refinaria est\u00e1 parcialmente fechada desde outubro, em uma opera\u00e7\u00e3o da ANP e da Receita Federal. Atualmente, a planta pode apenas formular e vender etanol.<\/p>\n<p style=\"text-align: justify;\">No fim de novembro, a Refit foi alvo da opera\u00e7\u00e3o Po\u00e7o de Lobato, que bloqueou bens e apontou fraudes nas atividades do grupo.<\/p>\n<p>Fonte: Blog do Lauro Jardim<\/p>\n","protected":false},"excerpt":{"rendered":"<p>A Procuradoria Geral do Estado do Rio de Janeiro pediu \u00e0 Justi\u00e7a que intime a Refit pela falta de pagamentos&#8230;<\/p>\n","protected":false},"author":2,"featured_media":15234,"comment_status":"open","ping_status":"open","sticky":false,"template":"","format":"standard","meta":{"colormag_page_container_layout":"default_layout","colormag_page_sidebar_layout":"default_layout","jetpack_post_was_ever_published":false,"_jetpack_newsletter_access":"","_jetpack_dont_email_post_to_subs":false,"_jetpack_newsletter_tier_id":0,"_jetpack_memberships_contains_paywalled_content":false,"_jetpack_memberships_contains_paid_content":false,"footnotes":""},"categories":[2],"tags":[],"class_list":["post-15233","post","type-post","status-publish","format-standard","has-post-thumbnail","hentry","category-politica"],"jetpack_featured_media_url":"https:\/\/www.tribunanf.com.br\/blogdoralfereis\/wp-content\/uploads\/sites\/11\/2025\/12\/refit_Easy-Resize.com_.jpg","jetpack_sharing_enabled":true,"_links":{"self":[{"href":"https:\/\/www.tribunanf.com.br\/blogdoralfereis\/wp-json\/wp\/v2\/posts\/15233","targetHints":{"allow":["GET"]}}],"collection":[{"href":"https:\/\/www.tribunanf.com.br\/blogdoralfereis\/wp-json\/wp\/v2\/posts"}],"about":[{"href":"https:\/\/www.tribunanf.com.br\/blogdoralfereis\/wp-json\/wp\/v2\/types\/post"}],"author":[{"embeddable":true,"href":"https:\/\/www.tribunanf.com.br\/blogdoralfereis\/wp-json\/wp\/v2\/users\/2"}],"replies":[{"embeddable":true,"href":"https:\/\/www.tribunanf.com.br\/blogdoralfereis\/wp-json\/wp\/v2\/comments?post=15233"}],"version-history":[{"count":2,"href":"https:\/\/www.tribunanf.com.br\/blogdoralfereis\/wp-json\/wp\/v2\/posts\/15233\/revisions"}],"predecessor-version":[{"id":15236,"href":"https:\/\/www.tribunanf.com.br\/blogdoralfereis\/wp-json\/wp\/v2\/posts\/15233\/revisions\/15236"}],"wp:featuredmedia":[{"embeddable":true,"href":"https:\/\/www.tribunanf.com.br\/blogdoralfereis\/wp-json\/wp\/v2\/media\/15234"}],"wp:attachment":[{"href":"https:\/\/www.tribunanf.com.br\/blogdoralfereis\/wp-json\/wp\/v2\/media?parent=15233"}],"wp:term":[{"taxonomy":"category","embeddable":true,"href":"https:\/\/www.tribunanf.com.br\/blogdoralfereis\/wp-json\/wp\/v2\/categories?post=15233"},{"taxonomy":"post_tag","embeddable":true,"href":"https:\/\/www.tribunanf.com.br\/blogdoralfereis\/wp-json\/wp\/v2\/tags?post=15233"}],"curies":[{"name":"wp","href":"https:\/\/api.w.org\/{rel}","templated":true}]}}