{"id":15230,"date":"2025-12-10T16:20:29","date_gmt":"2025-12-10T19:20:29","guid":{"rendered":"https:\/\/www.tribunanf.com.br\/blogdoralfereis\/?p=15230"},"modified":"2025-12-10T16:20:29","modified_gmt":"2025-12-10T19:20:29","slug":"bacellar-se-licencia-do-mandato-de-deputado","status":"publish","type":"post","link":"https:\/\/www.tribunanf.com.br\/blogdoralfereis\/2025\/12\/10\/bacellar-se-licencia-do-mandato-de-deputado\/","title":{"rendered":"Bacellar se licencia do mandato de deputado"},"content":{"rendered":"<p><img loading=\"lazy\" decoding=\"async\" class=\"aligncenter size-large wp-image-10878\" src=\"https:\/\/www.tribunanf.com.br\/blogdoralfereis\/wp-content\/uploads\/sites\/11\/2023\/02\/bacellar_Easy-Resize.com-1-1024x768.jpg\" alt=\"\" width=\"800\" height=\"600\" srcset=\"https:\/\/www.tribunanf.com.br\/blogdoralfereis\/wp-content\/uploads\/sites\/11\/2023\/02\/bacellar_Easy-Resize.com-1-1024x768.jpg 1024w, https:\/\/www.tribunanf.com.br\/blogdoralfereis\/wp-content\/uploads\/sites\/11\/2023\/02\/bacellar_Easy-Resize.com-1-300x225.jpg 300w, https:\/\/www.tribunanf.com.br\/blogdoralfereis\/wp-content\/uploads\/sites\/11\/2023\/02\/bacellar_Easy-Resize.com-1-768x576.jpg 768w, https:\/\/www.tribunanf.com.br\/blogdoralfereis\/wp-content\/uploads\/sites\/11\/2023\/02\/bacellar_Easy-Resize.com-1.jpg 1280w\" sizes=\"auto, (max-width: 800px) 100vw, 800px\" \/><\/p>\n<p style=\"text-align: justify;\">O presidente afastado da Alerj, Rodrigo Bacellar, se licenciou do mandato parlamentar nesta quarta-feira (10), primeiro dia de sess\u00e3o na Alerj depois de deixar a pris\u00e3o, onde ficou por uma semana ap\u00f3s ser preso em investiga\u00e7\u00e3o por suspeita de vazar uma opera\u00e7\u00e3o da Pol\u00edcia Federal.<\/p>\n<p style=\"text-align: justify;\">Bacellar foi afastado do cargo de presidente pelo ministro do Supremo Tribunal Federeral Alexandre de Moraes, mas poderia exercer seu mandato de deputado.<\/p>\n<p style=\"text-align: justify;\">Bacellar protocolou of\u00edcio solicitando licen\u00e7a de 10 dias (10 a 19 de dezembro) para tratar de assuntos de car\u00e1ter particular.<\/p>\n<p style=\"text-align: justify;\">Presid\u00eancia segue com Delaroli<\/p>\n<p style=\"text-align: justify;\">A licen\u00e7a n\u00e3o muda a situa\u00e7\u00e3o da presid\u00eancia da Alerj, que segue sendo exercida de forma interina pelo vice, Guilherme Delaroli (PL).<\/p>\n","protected":false},"excerpt":{"rendered":"<p>O presidente afastado da Alerj, Rodrigo Bacellar, se licenciou do mandato parlamentar nesta quarta-feira (10), primeiro dia de sess\u00e3o na&#8230;<\/p>\n","protected":false},"author":2,"featured_media":10878,"comment_status":"open","ping_status":"open","sticky":false,"template":"","format":"standard","meta":{"colormag_page_container_layout":"default_layout","colormag_page_sidebar_layout":"default_layout","jetpack_post_was_ever_published":false,"_jetpack_newsletter_access":"","_jetpack_dont_email_post_to_subs":false,"_jetpack_newsletter_tier_id":0,"_jetpack_memberships_contains_paywalled_content":false,"_jetpack_memberships_contains_paid_content":false,"footnotes":""},"categories":[2],"tags":[],"class_list":["post-15230","post","type-post","status-publish","format-standard","has-post-thumbnail","hentry","category-politica"],"jetpack_featured_media_url":"https:\/\/www.tribunanf.com.br\/blogdoralfereis\/wp-content\/uploads\/sites\/11\/2023\/02\/bacellar_Easy-Resize.com-1.jpg","jetpack_sharing_enabled":true,"_links":{"self":[{"href":"https:\/\/www.tribunanf.com.br\/blogdoralfereis\/wp-json\/wp\/v2\/posts\/15230","targetHints":{"allow":["GET"]}}],"collection":[{"href":"https:\/\/www.tribunanf.com.br\/blogdoralfereis\/wp-json\/wp\/v2\/posts"}],"about":[{"href":"https:\/\/www.tribunanf.com.br\/blogdoralfereis\/wp-json\/wp\/v2\/types\/post"}],"author":[{"embeddable":true,"href":"https:\/\/www.tribunanf.com.br\/blogdoralfereis\/wp-json\/wp\/v2\/users\/2"}],"replies":[{"embeddable":true,"href":"https:\/\/www.tribunanf.com.br\/blogdoralfereis\/wp-json\/wp\/v2\/comments?post=15230"}],"version-history":[{"count":2,"href":"https:\/\/www.tribunanf.com.br\/blogdoralfereis\/wp-json\/wp\/v2\/posts\/15230\/revisions"}],"predecessor-version":[{"id":15232,"href":"https:\/\/www.tribunanf.com.br\/blogdoralfereis\/wp-json\/wp\/v2\/posts\/15230\/revisions\/15232"}],"wp:featuredmedia":[{"embeddable":true,"href":"https:\/\/www.tribunanf.com.br\/blogdoralfereis\/wp-json\/wp\/v2\/media\/10878"}],"wp:attachment":[{"href":"https:\/\/www.tribunanf.com.br\/blogdoralfereis\/wp-json\/wp\/v2\/media?parent=15230"}],"wp:term":[{"taxonomy":"category","embeddable":true,"href":"https:\/\/www.tribunanf.com.br\/blogdoralfereis\/wp-json\/wp\/v2\/categories?post=15230"},{"taxonomy":"post_tag","embeddable":true,"href":"https:\/\/www.tribunanf.com.br\/blogdoralfereis\/wp-json\/wp\/v2\/tags?post=15230"}],"curies":[{"name":"wp","href":"https:\/\/api.w.org\/{rel}","templated":true}]}}