{"id":15226,"date":"2025-12-10T15:36:38","date_gmt":"2025-12-10T18:36:38","guid":{"rendered":"https:\/\/www.tribunanf.com.br\/blogdoralfereis\/?p=15226"},"modified":"2025-12-10T15:37:36","modified_gmt":"2025-12-10T18:37:36","slug":"garotinho-e-convidado-para-participar-da-cpi-do-crime-organizado","status":"publish","type":"post","link":"https:\/\/www.tribunanf.com.br\/blogdoralfereis\/2025\/12\/10\/garotinho-e-convidado-para-participar-da-cpi-do-crime-organizado\/","title":{"rendered":"Garotinho \u00e9 convidado para participar da CPI do Crime Organizado"},"content":{"rendered":"<figure id=\"attachment_429\" aria-describedby=\"caption-attachment-429\" style=\"width: 768px\" class=\"wp-caption aligncenter\"><img loading=\"lazy\" decoding=\"async\" class=\"wp-image-429 size-full\" src=\"https:\/\/www.tribunanf.com.br\/blogdoralfereis\/wp-content\/uploads\/sites\/11\/2018\/07\/garotinho.jpg\" alt=\"\" width=\"768\" height=\"512\" srcset=\"https:\/\/www.tribunanf.com.br\/blogdoralfereis\/wp-content\/uploads\/sites\/11\/2018\/07\/garotinho.jpg 768w, https:\/\/www.tribunanf.com.br\/blogdoralfereis\/wp-content\/uploads\/sites\/11\/2018\/07\/garotinho-300x200.jpg 300w\" sizes=\"auto, (max-width: 768px) 100vw, 768px\" \/><figcaption id=\"caption-attachment-429\" class=\"wp-caption-text\">Ex-governador Garotinho<\/figcaption><\/figure>\n<p style=\"text-align: justify;\">A CPI do Crime Organizado, no Senado, aprovou nesta ter\u00e7a-feira (9) um requerimento para a convoca\u00e7\u00e3o do presidente da Assembleia Legislativa do Rio de Janeiro (Alerj), Rodrigo Bacellar, do Uni\u00e3o Brasil, e outro para convidar o ex-governador do estado, Anthony Garotinho. O relator, Alessandro Vieira, do MDB de Sergipe, foi o autor de ambos os pedidos.<\/p>\n<p style=\"text-align: justify;\">Bacellar foi convocado porque foi preso na opera\u00e7\u00e3o Unha e Carne, acusado de vazar uma opera\u00e7\u00e3o policial a um colega, o ent\u00e3o deputado TH Joias, preso por suspeita de liga\u00e7\u00e3o com o Comando Vermelho. Garotinho foi convidado porque, nas \u00faltimas semanas, tem se dedicado nas redes sociais a falar sobre suspeitas envolvendo Bacellar e a c\u00fapula do poder no Rio, incluindo o governador do estado, Cl\u00e1udio Castro.<\/p>\n<p style=\"text-align: justify;\">No caso do convite e Garotinho, o senador Alessandro Vieira argumentou que o ex-governador possui \u201cconhecimento qualificado sobre a din\u00e2mica de atua\u00e7\u00e3o do crime organizado e suas poss\u00edveis conex\u00f5es com agentes p\u00fablicos\u201d. Ele destacou que Garotinho pode ajudar a CPI a compreender mecanismos de infiltra\u00e7\u00e3o dessas quadrilhas no meio p\u00fablico.<\/p>\n<p style=\"text-align: justify;\">As datas dos depoimentos de ambos ainda n\u00e3o foram marcadas. Por se tratar de uma convoca\u00e7\u00e3o, Bacellar ser\u00e1 obrigado a comparecer.<\/p>\n<p style=\"text-align: justify;\">Na segunda-feira (8), a Alerj revogou em plen\u00e1rio a pris\u00e3o de Bacellar. A decis\u00e3o dos colegas, no entanto, n\u00e3o encerra as investiga\u00e7\u00f5es, tampouco eventuais puni\u00e7\u00f5es que ele venha a sofrer, caso seja condenado no futuro. Caber\u00e1 ao ministro Alexandre de Moraes, do Supremo Tribunal Federal, decidir se Bacellar pode voltar \u00e0 presid\u00eancia da Alerj.<\/p>\n<p style=\"text-align: justify;\">Os requerimentos foram aprovados rapidamente, logo depois da oitiva do ministro da Justi\u00e7a e Seguran\u00e7a P\u00fablica, Ricardo Lewandowski. Por cerca de tr\u00eas horas, Lewandowski defendeu o trabalho do governo federal e fez cr\u00edticas \u00e0 atua\u00e7\u00e3o de governadores contra as quadrilhas. Tamb\u00e9m pediu a aprova\u00e7\u00e3o da PEC da Seguran\u00e7a P\u00fablica, nos termos previstos pelo Pal\u00e1cio do Planalto. O texto pode aumentar a integra\u00e7\u00e3o entre as for\u00e7as de seguran\u00e7a estaduais e federais, inclusive com a participa\u00e7\u00e3o da Ag\u00eancia Brasileira de Intelig\u00eancia, a Abin.<\/p>\n<p style=\"text-align: justify;\">Fonte: O Bastidor<\/p>\n","protected":false},"excerpt":{"rendered":"<p>A CPI do Crime Organizado, no Senado, aprovou nesta ter\u00e7a-feira (9) um requerimento para a convoca\u00e7\u00e3o do presidente da Assembleia&#8230;<\/p>\n","protected":false},"author":2,"featured_media":429,"comment_status":"open","ping_status":"open","sticky":false,"template":"","format":"standard","meta":{"colormag_page_container_layout":"default_layout","colormag_page_sidebar_layout":"default_layout","jetpack_post_was_ever_published":false,"_jetpack_newsletter_access":"","_jetpack_dont_email_post_to_subs":false,"_jetpack_newsletter_tier_id":0,"_jetpack_memberships_contains_paywalled_content":false,"_jetpack_memberships_contains_paid_content":false,"footnotes":""},"categories":[2],"tags":[],"class_list":["post-15226","post","type-post","status-publish","format-standard","has-post-thumbnail","hentry","category-politica"],"jetpack_featured_media_url":"https:\/\/www.tribunanf.com.br\/blogdoralfereis\/wp-content\/uploads\/sites\/11\/2018\/07\/garotinho.jpg","jetpack_sharing_enabled":true,"_links":{"self":[{"href":"https:\/\/www.tribunanf.com.br\/blogdoralfereis\/wp-json\/wp\/v2\/posts\/15226","targetHints":{"allow":["GET"]}}],"collection":[{"href":"https:\/\/www.tribunanf.com.br\/blogdoralfereis\/wp-json\/wp\/v2\/posts"}],"about":[{"href":"https:\/\/www.tribunanf.com.br\/blogdoralfereis\/wp-json\/wp\/v2\/types\/post"}],"author":[{"embeddable":true,"href":"https:\/\/www.tribunanf.com.br\/blogdoralfereis\/wp-json\/wp\/v2\/users\/2"}],"replies":[{"embeddable":true,"href":"https:\/\/www.tribunanf.com.br\/blogdoralfereis\/wp-json\/wp\/v2\/comments?post=15226"}],"version-history":[{"count":3,"href":"https:\/\/www.tribunanf.com.br\/blogdoralfereis\/wp-json\/wp\/v2\/posts\/15226\/revisions"}],"predecessor-version":[{"id":15229,"href":"https:\/\/www.tribunanf.com.br\/blogdoralfereis\/wp-json\/wp\/v2\/posts\/15226\/revisions\/15229"}],"wp:featuredmedia":[{"embeddable":true,"href":"https:\/\/www.tribunanf.com.br\/blogdoralfereis\/wp-json\/wp\/v2\/media\/429"}],"wp:attachment":[{"href":"https:\/\/www.tribunanf.com.br\/blogdoralfereis\/wp-json\/wp\/v2\/media?parent=15226"}],"wp:term":[{"taxonomy":"category","embeddable":true,"href":"https:\/\/www.tribunanf.com.br\/blogdoralfereis\/wp-json\/wp\/v2\/categories?post=15226"},{"taxonomy":"post_tag","embeddable":true,"href":"https:\/\/www.tribunanf.com.br\/blogdoralfereis\/wp-json\/wp\/v2\/tags?post=15226"}],"curies":[{"name":"wp","href":"https:\/\/api.w.org\/{rel}","templated":true}]}}