{"id":15221,"date":"2025-12-09T17:50:56","date_gmt":"2025-12-09T20:50:56","guid":{"rendered":"https:\/\/www.tribunanf.com.br\/blogdoralfereis\/?p=15221"},"modified":"2025-12-09T17:50:56","modified_gmt":"2025-12-09T20:50:56","slug":"alexandre-de-moraes-manda-soltar-bacellar-mas-o-afasta-da-presidencia-da-alerj-durante-as-investigacoes-veja-decisao","status":"publish","type":"post","link":"https:\/\/www.tribunanf.com.br\/blogdoralfereis\/2025\/12\/09\/alexandre-de-moraes-manda-soltar-bacellar-mas-o-afasta-da-presidencia-da-alerj-durante-as-investigacoes-veja-decisao\/","title":{"rendered":"Alexandre de Moraes manda soltar Bacellar, mas o afasta da presid\u00eancia da Alerj durante as investiga\u00e7\u00f5es. Veja decis\u00e3o"},"content":{"rendered":"<p><img loading=\"lazy\" decoding=\"async\" class=\"aligncenter size-large wp-image-15161\" src=\"https:\/\/www.tribunanf.com.br\/blogdoralfereis\/wp-content\/uploads\/sites\/11\/2025\/12\/bacellar_Easy-Resize.com-3-1024x682.jpg\" alt=\"\" width=\"800\" height=\"533\" srcset=\"https:\/\/www.tribunanf.com.br\/blogdoralfereis\/wp-content\/uploads\/sites\/11\/2025\/12\/bacellar_Easy-Resize.com-3-1024x682.jpg 1024w, https:\/\/www.tribunanf.com.br\/blogdoralfereis\/wp-content\/uploads\/sites\/11\/2025\/12\/bacellar_Easy-Resize.com-3-300x200.jpg 300w, https:\/\/www.tribunanf.com.br\/blogdoralfereis\/wp-content\/uploads\/sites\/11\/2025\/12\/bacellar_Easy-Resize.com-3-768x512.jpg 768w, https:\/\/www.tribunanf.com.br\/blogdoralfereis\/wp-content\/uploads\/sites\/11\/2025\/12\/bacellar_Easy-Resize.com-3.jpg 1280w\" sizes=\"auto, (max-width: 800px) 100vw, 800px\" \/><\/p>\n<p style=\"text-align: justify;\">O ministro Alexandre de Moraes, do Supremo Tribunal Federal (STF), determinou nesta ter\u00e7a-feira que o deputado estadual Rodrigo Bacellar (Uni\u00e3o Brasil) tenha sua pris\u00e3o revogada, conforme aprovada pela Assembleia Legislativa do Rio de Janeiro (Alerj), mas imp\u00f4s uma s\u00e9rie de medidas cautelares.<\/p>\n<p style=\"text-align: justify;\">Bacellar ficar\u00e1 afastado do comando da Alerj enquanto durar as investiga\u00e7\u00f5es e precisar\u00e1 usar tornozeleira eletr\u00f4nica.<\/p>\n<p style=\"text-align: justify;\">As medidas cautelares definidas pelo ministro Alexandre de Moraes incluem:<\/p>\n<ul style=\"text-align: justify;\">\n<li>Afastamento da presid\u00eancia da Alerj;<br \/>\nUso obrigat\u00f3rio de tornozeleira eletr\u00f4nica;<br \/>\nRecolhimento domiciliar noturno, das 19h \u00e0s 6h;<br \/>\nProibi\u00e7\u00e3o de comunica\u00e7\u00e3o com outros investigados;<br \/>\nEntrega de todos os passaportes.<\/li>\n<\/ul>\n<p style=\"text-align: justify;\">Confira a decis\u00e3o: <a href=\"https:\/\/www.tribunanf.com.br\/blogdoralfereis\/wp-content\/uploads\/sites\/11\/2025\/12\/Decisao-Moraes-soltura-de-Bacellar.pdf\">Decis\u00e3o Moraes soltura de Bacellar<\/a><\/p>\n","protected":false},"excerpt":{"rendered":"<p>O ministro Alexandre de Moraes, do Supremo Tribunal Federal (STF), determinou nesta ter\u00e7a-feira que o deputado estadual Rodrigo Bacellar (Uni\u00e3o&#8230;<\/p>\n","protected":false},"author":2,"featured_media":15161,"comment_status":"open","ping_status":"open","sticky":false,"template":"","format":"standard","meta":{"colormag_page_container_layout":"default_layout","colormag_page_sidebar_layout":"default_layout","jetpack_post_was_ever_published":false,"_jetpack_newsletter_access":"","_jetpack_dont_email_post_to_subs":false,"_jetpack_newsletter_tier_id":0,"_jetpack_memberships_contains_paywalled_content":false,"_jetpack_memberships_contains_paid_content":false,"footnotes":""},"categories":[2],"tags":[],"class_list":["post-15221","post","type-post","status-publish","format-standard","has-post-thumbnail","hentry","category-politica"],"jetpack_featured_media_url":"https:\/\/www.tribunanf.com.br\/blogdoralfereis\/wp-content\/uploads\/sites\/11\/2025\/12\/bacellar_Easy-Resize.com-3.jpg","jetpack_sharing_enabled":true,"_links":{"self":[{"href":"https:\/\/www.tribunanf.com.br\/blogdoralfereis\/wp-json\/wp\/v2\/posts\/15221","targetHints":{"allow":["GET"]}}],"collection":[{"href":"https:\/\/www.tribunanf.com.br\/blogdoralfereis\/wp-json\/wp\/v2\/posts"}],"about":[{"href":"https:\/\/www.tribunanf.com.br\/blogdoralfereis\/wp-json\/wp\/v2\/types\/post"}],"author":[{"embeddable":true,"href":"https:\/\/www.tribunanf.com.br\/blogdoralfereis\/wp-json\/wp\/v2\/users\/2"}],"replies":[{"embeddable":true,"href":"https:\/\/www.tribunanf.com.br\/blogdoralfereis\/wp-json\/wp\/v2\/comments?post=15221"}],"version-history":[{"count":3,"href":"https:\/\/www.tribunanf.com.br\/blogdoralfereis\/wp-json\/wp\/v2\/posts\/15221\/revisions"}],"predecessor-version":[{"id":15225,"href":"https:\/\/www.tribunanf.com.br\/blogdoralfereis\/wp-json\/wp\/v2\/posts\/15221\/revisions\/15225"}],"wp:featuredmedia":[{"embeddable":true,"href":"https:\/\/www.tribunanf.com.br\/blogdoralfereis\/wp-json\/wp\/v2\/media\/15161"}],"wp:attachment":[{"href":"https:\/\/www.tribunanf.com.br\/blogdoralfereis\/wp-json\/wp\/v2\/media?parent=15221"}],"wp:term":[{"taxonomy":"category","embeddable":true,"href":"https:\/\/www.tribunanf.com.br\/blogdoralfereis\/wp-json\/wp\/v2\/categories?post=15221"},{"taxonomy":"post_tag","embeddable":true,"href":"https:\/\/www.tribunanf.com.br\/blogdoralfereis\/wp-json\/wp\/v2\/tags?post=15221"}],"curies":[{"name":"wp","href":"https:\/\/api.w.org\/{rel}","templated":true}]}}