{"id":15218,"date":"2025-12-09T08:43:34","date_gmt":"2025-12-09T11:43:34","guid":{"rendered":"https:\/\/www.tribunanf.com.br\/blogdoralfereis\/?p=15218"},"modified":"2025-12-09T08:43:34","modified_gmt":"2025-12-09T11:43:34","slug":"decisao-da-revogacao-da-prisao-de-bacellar-e-publicada-no-diario-oficial","status":"publish","type":"post","link":"https:\/\/www.tribunanf.com.br\/blogdoralfereis\/2025\/12\/09\/decisao-da-revogacao-da-prisao-de-bacellar-e-publicada-no-diario-oficial\/","title":{"rendered":"Decis\u00e3o da revoga\u00e7\u00e3o da pris\u00e3o de Bacellar \u00e9 publicada no Di\u00e1rio Oficial"},"content":{"rendered":"<figure id=\"attachment_15110\" aria-describedby=\"caption-attachment-15110\" style=\"width: 800px\" class=\"wp-caption aligncenter\"><img loading=\"lazy\" decoding=\"async\" class=\"size-large wp-image-15110\" src=\"https:\/\/www.tribunanf.com.br\/blogdoralfereis\/wp-content\/uploads\/sites\/11\/2025\/11\/bacellar_Easy-Resize.com-2-1024x682.jpg\" alt=\"\" width=\"800\" height=\"533\" srcset=\"https:\/\/www.tribunanf.com.br\/blogdoralfereis\/wp-content\/uploads\/sites\/11\/2025\/11\/bacellar_Easy-Resize.com-2-1024x682.jpg 1024w, https:\/\/www.tribunanf.com.br\/blogdoralfereis\/wp-content\/uploads\/sites\/11\/2025\/11\/bacellar_Easy-Resize.com-2-300x200.jpg 300w, https:\/\/www.tribunanf.com.br\/blogdoralfereis\/wp-content\/uploads\/sites\/11\/2025\/11\/bacellar_Easy-Resize.com-2-768x512.jpg 768w, https:\/\/www.tribunanf.com.br\/blogdoralfereis\/wp-content\/uploads\/sites\/11\/2025\/11\/bacellar_Easy-Resize.com-2.jpg 1280w\" sizes=\"auto, (max-width: 800px) 100vw, 800px\" \/><figcaption id=\"caption-attachment-15110\" class=\"wp-caption-text\">Presidente da Alerj Rodrigo Bacellar<\/figcaption><\/figure>\n<p style=\"text-align: justify;\">A decis\u00e3o do plen\u00e1rio da Assembleia Legislativa do Rio de Janeiro (Alerj) de revogar a pris\u00e3o do deputado estadual Rodrigo Bacellar foi publicada no Di\u00e1rio Oficial desta ter\u00e7a-feira (9).<\/p>\n<p style=\"text-align: justify;\">A decis\u00e3o \u00e9 assinada por Guilherme Delaroli, que era primeiro vice-presidente da assembleia e assumiu a presid\u00eancia depois da pris\u00e3o de Bacellar.<\/p>\n<p style=\"text-align: justify;\">Foram 42 votos a favor da soltura do presidente da assembleia do Rio e 21 contra. Parlamentar foi preso na semana passada por suspeita de vazar informa\u00e7\u00e3o de opera\u00e7\u00e3o contra ex-deputado ligado TH Joias.<\/p>\n","protected":false},"excerpt":{"rendered":"<p>A decis\u00e3o do plen\u00e1rio da Assembleia Legislativa do Rio de Janeiro (Alerj) de revogar a pris\u00e3o do deputado estadual Rodrigo&#8230;<\/p>\n","protected":false},"author":2,"featured_media":15110,"comment_status":"open","ping_status":"open","sticky":false,"template":"","format":"standard","meta":{"colormag_page_container_layout":"default_layout","colormag_page_sidebar_layout":"default_layout","jetpack_post_was_ever_published":false,"_jetpack_newsletter_access":"","_jetpack_dont_email_post_to_subs":false,"_jetpack_newsletter_tier_id":0,"_jetpack_memberships_contains_paywalled_content":false,"_jetpack_memberships_contains_paid_content":false,"footnotes":""},"categories":[2],"tags":[],"class_list":["post-15218","post","type-post","status-publish","format-standard","has-post-thumbnail","hentry","category-politica"],"jetpack_featured_media_url":"https:\/\/www.tribunanf.com.br\/blogdoralfereis\/wp-content\/uploads\/sites\/11\/2025\/11\/bacellar_Easy-Resize.com-2.jpg","jetpack_sharing_enabled":true,"_links":{"self":[{"href":"https:\/\/www.tribunanf.com.br\/blogdoralfereis\/wp-json\/wp\/v2\/posts\/15218","targetHints":{"allow":["GET"]}}],"collection":[{"href":"https:\/\/www.tribunanf.com.br\/blogdoralfereis\/wp-json\/wp\/v2\/posts"}],"about":[{"href":"https:\/\/www.tribunanf.com.br\/blogdoralfereis\/wp-json\/wp\/v2\/types\/post"}],"author":[{"embeddable":true,"href":"https:\/\/www.tribunanf.com.br\/blogdoralfereis\/wp-json\/wp\/v2\/users\/2"}],"replies":[{"embeddable":true,"href":"https:\/\/www.tribunanf.com.br\/blogdoralfereis\/wp-json\/wp\/v2\/comments?post=15218"}],"version-history":[{"count":2,"href":"https:\/\/www.tribunanf.com.br\/blogdoralfereis\/wp-json\/wp\/v2\/posts\/15218\/revisions"}],"predecessor-version":[{"id":15220,"href":"https:\/\/www.tribunanf.com.br\/blogdoralfereis\/wp-json\/wp\/v2\/posts\/15218\/revisions\/15220"}],"wp:featuredmedia":[{"embeddable":true,"href":"https:\/\/www.tribunanf.com.br\/blogdoralfereis\/wp-json\/wp\/v2\/media\/15110"}],"wp:attachment":[{"href":"https:\/\/www.tribunanf.com.br\/blogdoralfereis\/wp-json\/wp\/v2\/media?parent=15218"}],"wp:term":[{"taxonomy":"category","embeddable":true,"href":"https:\/\/www.tribunanf.com.br\/blogdoralfereis\/wp-json\/wp\/v2\/categories?post=15218"},{"taxonomy":"post_tag","embeddable":true,"href":"https:\/\/www.tribunanf.com.br\/blogdoralfereis\/wp-json\/wp\/v2\/tags?post=15218"}],"curies":[{"name":"wp","href":"https:\/\/api.w.org\/{rel}","templated":true}]}}