{"id":15215,"date":"2025-12-08T13:59:16","date_gmt":"2025-12-08T16:59:16","guid":{"rendered":"https:\/\/www.tribunanf.com.br\/blogdoralfereis\/?p=15215"},"modified":"2025-12-08T13:59:16","modified_gmt":"2025-12-08T16:59:16","slug":"ccj-da-alerj-decide-apresentar-projeto-pela-soltura-de-bacellar-plenario-vai-decidir-a-partir-das-15h","status":"publish","type":"post","link":"https:\/\/www.tribunanf.com.br\/blogdoralfereis\/2025\/12\/08\/ccj-da-alerj-decide-apresentar-projeto-pela-soltura-de-bacellar-plenario-vai-decidir-a-partir-das-15h\/","title":{"rendered":"CCJ da Alerj decide apresentar projeto pela soltura de Bacellar. Plen\u00e1rio vai decidir a partir das 15h"},"content":{"rendered":"<p><img loading=\"lazy\" decoding=\"async\" class=\"aligncenter size-large wp-image-15216\" src=\"https:\/\/www.tribunanf.com.br\/blogdoralfereis\/wp-content\/uploads\/sites\/11\/2025\/12\/ccj_Easy-Resize.com_-1024x768.jpg\" alt=\"\" width=\"800\" height=\"600\" srcset=\"https:\/\/www.tribunanf.com.br\/blogdoralfereis\/wp-content\/uploads\/sites\/11\/2025\/12\/ccj_Easy-Resize.com_-1024x768.jpg 1024w, https:\/\/www.tribunanf.com.br\/blogdoralfereis\/wp-content\/uploads\/sites\/11\/2025\/12\/ccj_Easy-Resize.com_-300x225.jpg 300w, https:\/\/www.tribunanf.com.br\/blogdoralfereis\/wp-content\/uploads\/sites\/11\/2025\/12\/ccj_Easy-Resize.com_-768x576.jpg 768w, https:\/\/www.tribunanf.com.br\/blogdoralfereis\/wp-content\/uploads\/sites\/11\/2025\/12\/ccj_Easy-Resize.com_.jpg 1280w\" sizes=\"auto, (max-width: 800px) 100vw, 800px\" \/><\/p>\n<p style=\"text-align: justify;\">A Comiss\u00e3o de Constitui\u00e7\u00e3o e Justi\u00e7a (CCJ) da Assembleia Legislativa do Rio (Alerj) decidiu enviar ao plen\u00e1rio o projeto que revoga a pris\u00e3o do deputado Rodrigo Bacellar (Uni\u00e3o). A vota\u00e7\u00e3o que decidir\u00e1 o futuro do presidente da Alerj est\u00e1 marcada para as 15h desta segunda-feira (08).<\/p>\n<p style=\"text-align: justify;\">Alexandre Knoploch (PL), Chico Machado (SDD) e Fred Pacheco (PMN) acompanharam o relator, Rodrigo Amorim (Uni\u00e3o), ao defender a apresenta\u00e7\u00e3o de um projeto para que o plen\u00e1rio decida sobre a soltura de Bacellar. A aprova\u00e7\u00e3o na CCJ, por\u00e9m, n\u00e3o representa a posi\u00e7\u00e3o de cada parlamentar sobre o m\u00e9rito do caso \u2014 trata-se apenas de autorizar que o tema seja votado pelos demais deputados.<\/p>\n<p style=\"text-align: justify;\">O texto aprovado n\u00e3o discute os motivos da decis\u00e3o do STF, nem trata de outros efeitos, apenas revoga a ordem de pris\u00e3o.<\/p>\n<p style=\"text-align: justify;\">Voto contr\u00e1rio da esquerda causa briga entre deputados que defendem Bacellar<\/p>\n<p style=\"text-align: justify;\">Carlos Minc (PSB) apresentou voto contr\u00e1rio e disse que n\u00e3o participaria da cria\u00e7\u00e3o de um projeto que, segundo ele, \u201cabre caminho para a revoga\u00e7\u00e3o da pris\u00e3o\u201d, mesmo que apenas de forma protocolar.<\/p>\n<p style=\"text-align: justify;\">A posi\u00e7\u00e3o gerou tens\u00e3o na comiss\u00e3o. O presidente da CCJ, Amorim, deixou claro que sua posi\u00e7\u00e3o nesta manh\u00e3 poder\u00e1 afetar a toler\u00e2ncia que ele tem com os projetos de Minc que \u201cliberam maconha e praias de nudismo\u201d:<\/p>\n<p style=\"text-align: justify;\">\u201cVossa excel\u00eancia deu voto contr\u00e1rio ao projeto? Isso ter\u00e1 efeitos futuros\u201d, disse.<\/p>\n<p style=\"text-align: justify;\">A discuss\u00e3o provocou bate-boca com Knoploch, que acusou Minc de fazer \u201cpalha\u00e7ada\u201d para a imprensa presente.<\/p>\n<p style=\"text-align: justify;\">Elika Takimoto, \u00fanica representante do PT na CCJ, acompanhou o voto de Minc pela cria\u00e7\u00e3o de um projeto que trate da manuten\u00e7\u00e3o da pris\u00e3o, e n\u00e3o da revoga\u00e7\u00e3o.<\/p>\n<p style=\"text-align: justify;\">J\u00e1 Luiz Paulo (PSD), que lidera o partido do prefeito Eduardo Paes na Alerj, abriu diverg\u00eancia de ambos e manteve um voto pr\u00f3prio para que a pris\u00e3o e o afastamento de Bacellar do cargo de deputado sejam votados separadamente pelos parlamentares.<\/p>\n<p style=\"text-align: justify;\">Alerj entende que afastamento do cargo cai junto com a pris\u00e3o, mas decis\u00e3o final ser\u00e1 de Moraes<br \/>\nAmorim, explicou que, para a Alerj, o afastamento de Bacellar da presid\u00eancia n\u00e3o \u00e9 uma medida separada. \u201cO ministro determina a pris\u00e3o e, consequentemente, o afastamento da presid\u00eancia\u201d, disse.<\/p>\n<p style=\"text-align: justify;\">Mesmo assim, a palavra final ser\u00e1 do ministro Alexandre de Moraes. \u00c9 ele quem definir\u00e1 as condi\u00e7\u00f5es da libera\u00e7\u00e3o \u2014 \u201cos rumos daqui para frente\u201d, nas palavras de Amorim \u2014 como eventual uso de tornozeleira, retorno ao plen\u00e1rio e possibilidade de voltar \u00e0 presid\u00eancia da Alerj.<\/p>\n<p style=\"text-align: justify;\">Fonte: Tempo Real<\/p>\n","protected":false},"excerpt":{"rendered":"<p>A Comiss\u00e3o de Constitui\u00e7\u00e3o e Justi\u00e7a (CCJ) da Assembleia Legislativa do Rio (Alerj) decidiu enviar ao plen\u00e1rio o projeto que&#8230;<\/p>\n","protected":false},"author":2,"featured_media":15216,"comment_status":"open","ping_status":"open","sticky":false,"template":"","format":"standard","meta":{"colormag_page_container_layout":"default_layout","colormag_page_sidebar_layout":"default_layout","jetpack_post_was_ever_published":false,"_jetpack_newsletter_access":"","_jetpack_dont_email_post_to_subs":false,"_jetpack_newsletter_tier_id":0,"_jetpack_memberships_contains_paywalled_content":false,"_jetpack_memberships_contains_paid_content":false,"footnotes":""},"categories":[2],"tags":[],"class_list":["post-15215","post","type-post","status-publish","format-standard","has-post-thumbnail","hentry","category-politica"],"jetpack_featured_media_url":"https:\/\/www.tribunanf.com.br\/blogdoralfereis\/wp-content\/uploads\/sites\/11\/2025\/12\/ccj_Easy-Resize.com_.jpg","jetpack_sharing_enabled":true,"_links":{"self":[{"href":"https:\/\/www.tribunanf.com.br\/blogdoralfereis\/wp-json\/wp\/v2\/posts\/15215","targetHints":{"allow":["GET"]}}],"collection":[{"href":"https:\/\/www.tribunanf.com.br\/blogdoralfereis\/wp-json\/wp\/v2\/posts"}],"about":[{"href":"https:\/\/www.tribunanf.com.br\/blogdoralfereis\/wp-json\/wp\/v2\/types\/post"}],"author":[{"embeddable":true,"href":"https:\/\/www.tribunanf.com.br\/blogdoralfereis\/wp-json\/wp\/v2\/users\/2"}],"replies":[{"embeddable":true,"href":"https:\/\/www.tribunanf.com.br\/blogdoralfereis\/wp-json\/wp\/v2\/comments?post=15215"}],"version-history":[{"count":1,"href":"https:\/\/www.tribunanf.com.br\/blogdoralfereis\/wp-json\/wp\/v2\/posts\/15215\/revisions"}],"predecessor-version":[{"id":15217,"href":"https:\/\/www.tribunanf.com.br\/blogdoralfereis\/wp-json\/wp\/v2\/posts\/15215\/revisions\/15217"}],"wp:featuredmedia":[{"embeddable":true,"href":"https:\/\/www.tribunanf.com.br\/blogdoralfereis\/wp-json\/wp\/v2\/media\/15216"}],"wp:attachment":[{"href":"https:\/\/www.tribunanf.com.br\/blogdoralfereis\/wp-json\/wp\/v2\/media?parent=15215"}],"wp:term":[{"taxonomy":"category","embeddable":true,"href":"https:\/\/www.tribunanf.com.br\/blogdoralfereis\/wp-json\/wp\/v2\/categories?post=15215"},{"taxonomy":"post_tag","embeddable":true,"href":"https:\/\/www.tribunanf.com.br\/blogdoralfereis\/wp-json\/wp\/v2\/tags?post=15215"}],"curies":[{"name":"wp","href":"https:\/\/api.w.org\/{rel}","templated":true}]}}