{"id":1521,"date":"2019-02-13T15:02:20","date_gmt":"2019-02-13T17:02:20","guid":{"rendered":"http:\/\/www.tribunanf.com.br\/blogdoralfereis\/?p=1521"},"modified":"2019-02-13T15:02:20","modified_gmt":"2019-02-13T17:02:20","slug":"mandado-de-seguranca-tapa-buraco-juiz-manda-notificar-jose-dalton-de-souza-pinto-filho","status":"publish","type":"post","link":"https:\/\/www.tribunanf.com.br\/blogdoralfereis\/2019\/02\/13\/mandado-de-seguranca-tapa-buraco-juiz-manda-notificar-jose-dalton-de-souza-pinto-filho\/","title":{"rendered":"Mandado de Seguran\u00e7a Tapa Buraco: Juiz manda notificar Jos\u00e9 Dalton de Souza Pinto Filho"},"content":{"rendered":"<p><img loading=\"lazy\" decoding=\"async\" class=\"aligncenter size-full wp-image-833\" src=\"http:\/\/www.tribunanf.com.br\/blogdoralfereis\/wp-content\/uploads\/sites\/11\/2018\/09\/rafael-diniz.jpg\" alt=\"\" width=\"735\" height=\"490\" srcset=\"https:\/\/www.tribunanf.com.br\/blogdoralfereis\/wp-content\/uploads\/sites\/11\/2018\/09\/rafael-diniz.jpg 735w, https:\/\/www.tribunanf.com.br\/blogdoralfereis\/wp-content\/uploads\/sites\/11\/2018\/09\/rafael-diniz-300x200.jpg 300w\" sizes=\"auto, (max-width: 735px) 100vw, 735px\" \/><\/p>\n<p style=\"text-align: justify;\">O juiz da 2\u00aa Vara C\u00edvel de Campos dos Goytacazes, Eron Simas dos Santos, determinou a notifica\u00e7\u00e3o do pregoeiro da prefeitura Jos\u00e9 Dalton de Souza Pinto Filho, nos autos do Mandado de Seguran\u00e7a 0002808-67.2019.8.19.0014 a requerimento da Construtora ALAS LTDA.<\/p>\n<p style=\"text-align: justify;\">O pedido visa anular o edital e o processo de Concorr\u00eancia P\u00fablica no valor aproximado de R$ 58 milh\u00f5es tido e havido como contrato \u201cTapa Buraco\u201d.<\/p>\n<p style=\"text-align: justify;\">A Concorr\u00eancia P\u00fablica est\u00e1 marcada para o dia 7 de mar\u00e7o.<\/p>\n<p style=\"text-align: justify;\">Na mesma decis\u00e3o o juiz mandou notificar a Procuradoria Geral do Munic\u00edpio e o Minist\u00e9rio P\u00fablico, para s\u00f3 depois analisar o pedido de liminar.<\/p>\n<p>Relembre o caso:\u00a0<a title=\"Erro no edital de tapa buraco de R$ 57,2 milh\u00f5es suspende Concorr\u00eancia P\u00fablica do dia 1\u00ba de fevereiro\" href=\"http:\/\/www.tribunanf.com.br\/erro-no-edital-de-tapa-buraco-de-r-572-milhoes-suspende-concorrencia-publica-do-dia-1o-de-fevereiro\/\">Erro no edital de tapa buraco de R$ 57,2 milh\u00f5es suspende Concorr\u00eancia P\u00fablica do dia 1\u00ba de fevereiro<\/a><\/p>\n<p><img loading=\"lazy\" decoding=\"async\" class=\"aligncenter size-full wp-image-1522\" src=\"http:\/\/www.tribunanf.com.br\/blogdoralfereis\/wp-content\/uploads\/sites\/11\/2019\/02\/0001-95.jpg\" alt=\"\" width=\"2550\" height=\"3300\" srcset=\"https:\/\/www.tribunanf.com.br\/blogdoralfereis\/wp-content\/uploads\/sites\/11\/2019\/02\/0001-95.jpg 2550w, https:\/\/www.tribunanf.com.br\/blogdoralfereis\/wp-content\/uploads\/sites\/11\/2019\/02\/0001-95-232x300.jpg 232w, https:\/\/www.tribunanf.com.br\/blogdoralfereis\/wp-content\/uploads\/sites\/11\/2019\/02\/0001-95-768x994.jpg 768w, https:\/\/www.tribunanf.com.br\/blogdoralfereis\/wp-content\/uploads\/sites\/11\/2019\/02\/0001-95-791x1024.jpg 791w\" sizes=\"auto, (max-width: 2550px) 100vw, 2550px\" \/><\/p>\n","protected":false},"excerpt":{"rendered":"<p>O juiz da 2\u00aa Vara C\u00edvel de Campos dos Goytacazes, Eron Simas dos Santos, determinou a notifica\u00e7\u00e3o do pregoeiro da&#8230;<\/p>\n","protected":false},"author":2,"featured_media":833,"comment_status":"open","ping_status":"open","sticky":false,"template":"","format":"standard","meta":{"colormag_page_container_layout":"default_layout","colormag_page_sidebar_layout":"default_layout","jetpack_post_was_ever_published":false,"_jetpack_newsletter_access":"","_jetpack_dont_email_post_to_subs":false,"_jetpack_newsletter_tier_id":0,"_jetpack_memberships_contains_paywalled_content":false,"_jetpack_memberships_contains_paid_content":false,"footnotes":""},"categories":[2],"tags":[],"class_list":["post-1521","post","type-post","status-publish","format-standard","has-post-thumbnail","hentry","category-politica"],"jetpack_featured_media_url":"https:\/\/www.tribunanf.com.br\/blogdoralfereis\/wp-content\/uploads\/sites\/11\/2018\/09\/rafael-diniz.jpg","jetpack_sharing_enabled":true,"_links":{"self":[{"href":"https:\/\/www.tribunanf.com.br\/blogdoralfereis\/wp-json\/wp\/v2\/posts\/1521","targetHints":{"allow":["GET"]}}],"collection":[{"href":"https:\/\/www.tribunanf.com.br\/blogdoralfereis\/wp-json\/wp\/v2\/posts"}],"about":[{"href":"https:\/\/www.tribunanf.com.br\/blogdoralfereis\/wp-json\/wp\/v2\/types\/post"}],"author":[{"embeddable":true,"href":"https:\/\/www.tribunanf.com.br\/blogdoralfereis\/wp-json\/wp\/v2\/users\/2"}],"replies":[{"embeddable":true,"href":"https:\/\/www.tribunanf.com.br\/blogdoralfereis\/wp-json\/wp\/v2\/comments?post=1521"}],"version-history":[{"count":0,"href":"https:\/\/www.tribunanf.com.br\/blogdoralfereis\/wp-json\/wp\/v2\/posts\/1521\/revisions"}],"wp:featuredmedia":[{"embeddable":true,"href":"https:\/\/www.tribunanf.com.br\/blogdoralfereis\/wp-json\/wp\/v2\/media\/833"}],"wp:attachment":[{"href":"https:\/\/www.tribunanf.com.br\/blogdoralfereis\/wp-json\/wp\/v2\/media?parent=1521"}],"wp:term":[{"taxonomy":"category","embeddable":true,"href":"https:\/\/www.tribunanf.com.br\/blogdoralfereis\/wp-json\/wp\/v2\/categories?post=1521"},{"taxonomy":"post_tag","embeddable":true,"href":"https:\/\/www.tribunanf.com.br\/blogdoralfereis\/wp-json\/wp\/v2\/tags?post=1521"}],"curies":[{"name":"wp","href":"https:\/\/api.w.org\/{rel}","templated":true}]}}