{"id":15202,"date":"2025-12-07T10:55:54","date_gmt":"2025-12-07T13:55:54","guid":{"rendered":"https:\/\/www.tribunanf.com.br\/blogdoralfereis\/?p=15202"},"modified":"2025-12-07T10:55:54","modified_gmt":"2025-12-07T13:55:54","slug":"jovem-pan-chega-a-campos-com-duas-radios-e-incertezas","status":"publish","type":"post","link":"https:\/\/www.tribunanf.com.br\/blogdoralfereis\/2025\/12\/07\/jovem-pan-chega-a-campos-com-duas-radios-e-incertezas\/","title":{"rendered":"Jovem Pan chega a Campos com duas r\u00e1dios e incertezas"},"content":{"rendered":"<p><img loading=\"lazy\" decoding=\"async\" class=\"aligncenter size-large wp-image-15203\" src=\"https:\/\/www.tribunanf.com.br\/blogdoralfereis\/wp-content\/uploads\/sites\/11\/2025\/12\/jovem-pan_Easy-Resize.com-1-1024x576.jpg\" alt=\"\" width=\"800\" height=\"450\" srcset=\"https:\/\/www.tribunanf.com.br\/blogdoralfereis\/wp-content\/uploads\/sites\/11\/2025\/12\/jovem-pan_Easy-Resize.com-1-1024x576.jpg 1024w, https:\/\/www.tribunanf.com.br\/blogdoralfereis\/wp-content\/uploads\/sites\/11\/2025\/12\/jovem-pan_Easy-Resize.com-1-300x169.jpg 300w, https:\/\/www.tribunanf.com.br\/blogdoralfereis\/wp-content\/uploads\/sites\/11\/2025\/12\/jovem-pan_Easy-Resize.com-1-768x432.jpg 768w, https:\/\/www.tribunanf.com.br\/blogdoralfereis\/wp-content\/uploads\/sites\/11\/2025\/12\/jovem-pan_Easy-Resize.com-1.jpg 1280w\" sizes=\"auto, (max-width: 800px) 100vw, 800px\" \/><\/p>\n<p>Por Alexandre Paiva<\/p>\n<p style=\"text-align: justify;\">A chegada de duas emissoras da Rede Jovem Pan a Campos (RJ) marca um momento de incertezas para a comunica\u00e7\u00e3o do Norte Fluminense. A partir desta segunda-feira (08), entra em opera\u00e7\u00e3o a Jovem Pan FM 96.5 \u2013 Norte Fluminense, resultado da migra\u00e7\u00e3o da antiga Absoluta AM 1.470. J\u00e1 a Jovem Pan News FM 91.9 tamb\u00e9m est\u00e1 confirmada para o munic\u00edpio, por\u00e9m a data oficial de estreia ainda n\u00e3o foi anunciada.<\/p>\n<p style=\"text-align: justify;\">Apesar da for\u00e7a nacional da marca e do impacto no mercado, a expectativa positiva convive com uma preocupa\u00e7\u00e3o crescente: a chegada das emissoras, em vez de gerar empregos, tem significado o encerramento de contratos e a demiss\u00e3o de profissionais locais, especialmente das antigas r\u00e1dios Absoluta AM 1.470 e S\u00e3o Fid\u00e9lis FM 93.9.<\/p>\n<p style=\"text-align: justify;\">At\u00e9 o momento, tudo indica que as novas r\u00e1dios atuar\u00e3o apenas com programa\u00e7\u00e3o de rede, sem produ\u00e7\u00e3o local. Para muitos radialistas, isso representa a interrup\u00e7\u00e3o de anos de trabalho, retirando do ar vozes que sempre estiveram pr\u00f3ximas da popula\u00e7\u00e3o, levando informa\u00e7\u00e3o, cultura e servi\u00e7o.<\/p>\n<p style=\"text-align: justify;\">Nesse cen\u00e1rio, o Sindicato dos Radialistas precisa buscar esclarecimentos junto \u00e0 dire\u00e7\u00e3o das emissoras, garantindo que todos os procedimentos sejam cumpridos de forma correta e dentro da legisla\u00e7\u00e3o. Havendo irregularidades, \u00e9 essencial defender os direitos da categoria com firmeza, transpar\u00eancia e sensibilidade.<\/p>\n<p style=\"text-align: justify;\">A expans\u00e3o da Jovem Pan em Campos poderia simbolizar crescimento e moderniza\u00e7\u00e3o. Que n\u00e3o se transforme em perda de espa\u00e7o e de dignidade para quem construiu a hist\u00f3ria do r\u00e1dio na regi\u00e3o.<\/p>\n","protected":false},"excerpt":{"rendered":"<p>Por Alexandre Paiva A chegada de duas emissoras da Rede Jovem Pan a Campos (RJ) marca um momento de incertezas&#8230;<\/p>\n","protected":false},"author":2,"featured_media":15203,"comment_status":"open","ping_status":"open","sticky":false,"template":"","format":"standard","meta":{"colormag_page_container_layout":"default_layout","colormag_page_sidebar_layout":"default_layout","jetpack_post_was_ever_published":false,"_jetpack_newsletter_access":"","_jetpack_dont_email_post_to_subs":false,"_jetpack_newsletter_tier_id":0,"_jetpack_memberships_contains_paywalled_content":false,"_jetpack_memberships_contains_paid_content":false,"footnotes":""},"categories":[45],"tags":[],"class_list":["post-15202","post","type-post","status-publish","format-standard","has-post-thumbnail","hentry","category-variedade"],"jetpack_featured_media_url":"https:\/\/www.tribunanf.com.br\/blogdoralfereis\/wp-content\/uploads\/sites\/11\/2025\/12\/jovem-pan_Easy-Resize.com-1.jpg","jetpack_sharing_enabled":true,"_links":{"self":[{"href":"https:\/\/www.tribunanf.com.br\/blogdoralfereis\/wp-json\/wp\/v2\/posts\/15202","targetHints":{"allow":["GET"]}}],"collection":[{"href":"https:\/\/www.tribunanf.com.br\/blogdoralfereis\/wp-json\/wp\/v2\/posts"}],"about":[{"href":"https:\/\/www.tribunanf.com.br\/blogdoralfereis\/wp-json\/wp\/v2\/types\/post"}],"author":[{"embeddable":true,"href":"https:\/\/www.tribunanf.com.br\/blogdoralfereis\/wp-json\/wp\/v2\/users\/2"}],"replies":[{"embeddable":true,"href":"https:\/\/www.tribunanf.com.br\/blogdoralfereis\/wp-json\/wp\/v2\/comments?post=15202"}],"version-history":[{"count":2,"href":"https:\/\/www.tribunanf.com.br\/blogdoralfereis\/wp-json\/wp\/v2\/posts\/15202\/revisions"}],"predecessor-version":[{"id":15205,"href":"https:\/\/www.tribunanf.com.br\/blogdoralfereis\/wp-json\/wp\/v2\/posts\/15202\/revisions\/15205"}],"wp:featuredmedia":[{"embeddable":true,"href":"https:\/\/www.tribunanf.com.br\/blogdoralfereis\/wp-json\/wp\/v2\/media\/15203"}],"wp:attachment":[{"href":"https:\/\/www.tribunanf.com.br\/blogdoralfereis\/wp-json\/wp\/v2\/media?parent=15202"}],"wp:term":[{"taxonomy":"category","embeddable":true,"href":"https:\/\/www.tribunanf.com.br\/blogdoralfereis\/wp-json\/wp\/v2\/categories?post=15202"},{"taxonomy":"post_tag","embeddable":true,"href":"https:\/\/www.tribunanf.com.br\/blogdoralfereis\/wp-json\/wp\/v2\/tags?post=15202"}],"curies":[{"name":"wp","href":"https:\/\/api.w.org\/{rel}","templated":true}]}}