{"id":15190,"date":"2025-12-05T21:43:31","date_gmt":"2025-12-06T00:43:31","guid":{"rendered":"https:\/\/www.tribunanf.com.br\/blogdoralfereis\/?p=15190"},"modified":"2025-12-05T21:43:31","modified_gmt":"2025-12-06T00:43:31","slug":"castro-adota-tom-cauteloso-ao-comentar-prisao-de-bacellar-esperar-as-investigacoes","status":"publish","type":"post","link":"https:\/\/www.tribunanf.com.br\/blogdoralfereis\/2025\/12\/05\/castro-adota-tom-cauteloso-ao-comentar-prisao-de-bacellar-esperar-as-investigacoes\/","title":{"rendered":"Castro adota tom cauteloso ao comentar pris\u00e3o de Bacellar: &#8220;esperar as investiga\u00e7\u00f5es&#8221;"},"content":{"rendered":"<figure id=\"attachment_15191\" aria-describedby=\"caption-attachment-15191\" style=\"width: 800px\" class=\"wp-caption aligncenter\"><img loading=\"lazy\" decoding=\"async\" class=\"wp-image-15191 size-large\" src=\"https:\/\/www.tribunanf.com.br\/blogdoralfereis\/wp-content\/uploads\/sites\/11\/2025\/12\/castro_Easy-Resize.com-4-1024x648.jpg\" alt=\"\" width=\"800\" height=\"506\" srcset=\"https:\/\/www.tribunanf.com.br\/blogdoralfereis\/wp-content\/uploads\/sites\/11\/2025\/12\/castro_Easy-Resize.com-4-1024x648.jpg 1024w, https:\/\/www.tribunanf.com.br\/blogdoralfereis\/wp-content\/uploads\/sites\/11\/2025\/12\/castro_Easy-Resize.com-4-300x190.jpg 300w, https:\/\/www.tribunanf.com.br\/blogdoralfereis\/wp-content\/uploads\/sites\/11\/2025\/12\/castro_Easy-Resize.com-4-768x486.jpg 768w, https:\/\/www.tribunanf.com.br\/blogdoralfereis\/wp-content\/uploads\/sites\/11\/2025\/12\/castro_Easy-Resize.com-4.jpg 1280w\" sizes=\"auto, (max-width: 800px) 100vw, 800px\" \/><figcaption id=\"caption-attachment-15191\" class=\"wp-caption-text\">O governador Cl\u00e1udio Castro (PL) participa de evento do Cosud \u2014 Foto: Fabiano Rocha\/Ag\u00eancia O Globo<\/figcaption><\/figure>\n<p style=\"text-align: justify;\">O governador Cl\u00e1udio Castro (PL) mudou de tom sobre a pris\u00e3o de Rodrigo Bacellar (Uni\u00e3o) nesta sexta-feira. Horas antes, ao ser perguntado sobre sua expectativa quanto a como a Assembleia Legislativa do Rio (Alerj) se posicionaria sobre o caso, o chefe do Executivo fluminense se negou a tratar do tema. J\u00e1 nesta tarde, ele foi cauteloso e disse ser preciso &#8220;esperar as investiga\u00e7\u00f5es&#8221;. As declara\u00e7\u00f5es foram dadas durante um evento do Cons\u00f3rcio de Integra\u00e7\u00e3o Sul e Sudeste (Cosud) na Casa Firjan, em Botafogo, na Zona Sul carioca. Bacellar \u00e9 suspeito de vazar informa\u00e7\u00f5es sobre a opera\u00e7\u00e3o que levou \u00e0 pris\u00e3o do ent\u00e3o deputado TH J\u00f3ias (MDB), em setembro.<\/p>\n<p style=\"text-align: justify;\">\u2014 A gente est\u00e1 acompanhando. Acusa\u00e7\u00e3o \u00e9 acusa\u00e7\u00e3o. N\u00f3s j\u00e1 vimos num per\u00edodo recente um secret\u00e1rio de estado ser preso, e, 30 ou 60 dias depois, todo processo ser anulado pela Justi\u00e7a \u2014 afirmou Castro, numa refer\u00eancia ao delegado Allan Turnowski. \u2014 Tem que se tomar cuidado. \u00c9 pris\u00e3o preventiva. O ministro Alexandre de Moraes (do STF) coloca que \u00e9 direito da Assembleia (Legislativa) analisar sobre a soltura. Acho que tem de esperar as investiga\u00e7\u00f5es.<\/p>\n<p style=\"text-align: justify;\">O governador alegou ainda que n\u00e3o tinha condi\u00e7\u00f5es de dar qualquer opini\u00e3o sobre o processo, uma vez que n\u00e3o teve acesso a ele. Castro defendeu &#8220;que haja direito a ampla defesa&#8221; e que, no bojo das investiga\u00e7\u00f5es, as coisas sejam explicadas.<\/p>\n<p style=\"text-align: justify;\">Com informa\u00e7\u00f5es O Globo.<\/p>\n","protected":false},"excerpt":{"rendered":"<p>O governador Cl\u00e1udio Castro (PL) mudou de tom sobre a pris\u00e3o de Rodrigo Bacellar (Uni\u00e3o) nesta sexta-feira. Horas antes, ao&#8230;<\/p>\n","protected":false},"author":2,"featured_media":15191,"comment_status":"open","ping_status":"open","sticky":false,"template":"","format":"standard","meta":{"colormag_page_container_layout":"default_layout","colormag_page_sidebar_layout":"default_layout","jetpack_post_was_ever_published":false,"_jetpack_newsletter_access":"","_jetpack_dont_email_post_to_subs":false,"_jetpack_newsletter_tier_id":0,"_jetpack_memberships_contains_paywalled_content":false,"_jetpack_memberships_contains_paid_content":false,"footnotes":""},"categories":[2],"tags":[],"class_list":["post-15190","post","type-post","status-publish","format-standard","has-post-thumbnail","hentry","category-politica"],"jetpack_featured_media_url":"https:\/\/www.tribunanf.com.br\/blogdoralfereis\/wp-content\/uploads\/sites\/11\/2025\/12\/castro_Easy-Resize.com-4.jpg","jetpack_sharing_enabled":true,"_links":{"self":[{"href":"https:\/\/www.tribunanf.com.br\/blogdoralfereis\/wp-json\/wp\/v2\/posts\/15190","targetHints":{"allow":["GET"]}}],"collection":[{"href":"https:\/\/www.tribunanf.com.br\/blogdoralfereis\/wp-json\/wp\/v2\/posts"}],"about":[{"href":"https:\/\/www.tribunanf.com.br\/blogdoralfereis\/wp-json\/wp\/v2\/types\/post"}],"author":[{"embeddable":true,"href":"https:\/\/www.tribunanf.com.br\/blogdoralfereis\/wp-json\/wp\/v2\/users\/2"}],"replies":[{"embeddable":true,"href":"https:\/\/www.tribunanf.com.br\/blogdoralfereis\/wp-json\/wp\/v2\/comments?post=15190"}],"version-history":[{"count":2,"href":"https:\/\/www.tribunanf.com.br\/blogdoralfereis\/wp-json\/wp\/v2\/posts\/15190\/revisions"}],"predecessor-version":[{"id":15193,"href":"https:\/\/www.tribunanf.com.br\/blogdoralfereis\/wp-json\/wp\/v2\/posts\/15190\/revisions\/15193"}],"wp:featuredmedia":[{"embeddable":true,"href":"https:\/\/www.tribunanf.com.br\/blogdoralfereis\/wp-json\/wp\/v2\/media\/15191"}],"wp:attachment":[{"href":"https:\/\/www.tribunanf.com.br\/blogdoralfereis\/wp-json\/wp\/v2\/media?parent=15190"}],"wp:term":[{"taxonomy":"category","embeddable":true,"href":"https:\/\/www.tribunanf.com.br\/blogdoralfereis\/wp-json\/wp\/v2\/categories?post=15190"},{"taxonomy":"post_tag","embeddable":true,"href":"https:\/\/www.tribunanf.com.br\/blogdoralfereis\/wp-json\/wp\/v2\/tags?post=15190"}],"curies":[{"name":"wp","href":"https:\/\/api.w.org\/{rel}","templated":true}]}}