{"id":15187,"date":"2025-12-05T10:01:46","date_gmt":"2025-12-05T13:01:46","guid":{"rendered":"https:\/\/www.tribunanf.com.br\/blogdoralfereis\/?p=15187"},"modified":"2025-12-05T10:01:46","modified_gmt":"2025-12-05T13:01:46","slug":"em-nota-castro-diz-que-confia-na-imparcialidade-do-stf-e-da-pf-na-investigacao-que-levou-a-prisao-de-bacellar","status":"publish","type":"post","link":"https:\/\/www.tribunanf.com.br\/blogdoralfereis\/2025\/12\/05\/em-nota-castro-diz-que-confia-na-imparcialidade-do-stf-e-da-pf-na-investigacao-que-levou-a-prisao-de-bacellar\/","title":{"rendered":"Em nota, Castro diz que confia na imparcialidade do STF e da PF na investiga\u00e7\u00e3o que levou \u00e0 pris\u00e3o de Bacellar"},"content":{"rendered":"<figure id=\"attachment_10243\" aria-describedby=\"caption-attachment-10243\" style=\"width: 777px\" class=\"wp-caption aligncenter\"><img loading=\"lazy\" decoding=\"async\" class=\"wp-image-10243 size-full\" src=\"https:\/\/www.tribunanf.com.br\/blogdoralfereis\/wp-content\/uploads\/sites\/11\/2022\/10\/Claudio-Castro-e-Rodrigo-Bacellar.jpeg\" alt=\"\" width=\"777\" height=\"534\" srcset=\"https:\/\/www.tribunanf.com.br\/blogdoralfereis\/wp-content\/uploads\/sites\/11\/2022\/10\/Claudio-Castro-e-Rodrigo-Bacellar.jpeg 777w, https:\/\/www.tribunanf.com.br\/blogdoralfereis\/wp-content\/uploads\/sites\/11\/2022\/10\/Claudio-Castro-e-Rodrigo-Bacellar-300x206.jpeg 300w, https:\/\/www.tribunanf.com.br\/blogdoralfereis\/wp-content\/uploads\/sites\/11\/2022\/10\/Claudio-Castro-e-Rodrigo-Bacellar-768x528.jpeg 768w, https:\/\/www.tribunanf.com.br\/blogdoralfereis\/wp-content\/uploads\/sites\/11\/2022\/10\/Claudio-Castro-e-Rodrigo-Bacellar-130x90.jpeg 130w\" sizes=\"auto, (max-width: 777px) 100vw, 777px\" \/><figcaption id=\"caption-attachment-10243\" class=\"wp-caption-text\">Castro e Bacellar<\/figcaption><\/figure>\n<p style=\"text-align: justify;\">O governador Cl\u00e1udio Castro (PL) se pronunciou sobre a pris\u00e3o do deputado e presidente da Alerj, Rodrigo Bacellar (Uni\u00e3o Brasil).<\/p>\n<p style=\"text-align: justify;\">\u201cAcompanho os fatos com a devida aten\u00e7\u00e3o institucional (&#8230;) e mantenho a confian\u00e7a na condu\u00e7\u00e3o t\u00e9cnica e imparcial do STF e da Pol\u00edcia Federal, respons\u00e1veis pela investiga\u00e7\u00e3o\u201d, declarou em nota oficial.<\/p>\n<p style=\"text-align: justify;\">O caso<\/p>\n<p style=\"text-align: justify;\">Segundo a PF, Bacellar \u00e9 suspeito de ter vazado informa\u00e7\u00f5es sigilosas da Opera\u00e7\u00e3o Zargun, deflagrada em setembro, em que o ent\u00e3o deputado estadual TH Joias foi preso.<\/p>\n<p style=\"text-align: justify;\">Castro e Bacellar est\u00e3o rompidos desde julho, quando o deputado exonerou o ent\u00e3o secret\u00e1rio estadual de Transportes, Washington Reis (MDB). Na ocasi\u00e3o, o presidente da Alerj governava o RJ interinamente.<\/p>\n<p style=\"text-align: justify;\">Leia nota na \u00edntegra<\/p>\n<p style=\"text-align: justify;\">\u201cAcompanho os fatos, ocorridos no dia de ontem, com a devida aten\u00e7\u00e3o institucional. Rodrigo Bacellar \u00e9 chefe do Poder Legislativo do Rio de Janeiro e \u00e9 necess\u00e1rio garantir o direito ao devido processo legal. Mantenho a confian\u00e7a na condu\u00e7\u00e3o t\u00e9cnica e imparcial do Supremo Tribunal Federal e da Pol\u00edcia Federal, respons\u00e1veis pela investiga\u00e7\u00e3o. Todos os esclarecimentos solicitados pelo STF ao Executivo j\u00e1 foram respondidos, reafirmando nosso compromisso com a legalidade, a transpar\u00eancia e o pleno funcionamento das institui\u00e7\u00f5es.\u201d<\/p>\n","protected":false},"excerpt":{"rendered":"<p>O governador Cl\u00e1udio Castro (PL) se pronunciou sobre a pris\u00e3o do deputado e presidente da Alerj, Rodrigo Bacellar (Uni\u00e3o Brasil)&#8230;.<\/p>\n","protected":false},"author":2,"featured_media":10243,"comment_status":"open","ping_status":"open","sticky":false,"template":"","format":"standard","meta":{"colormag_page_container_layout":"default_layout","colormag_page_sidebar_layout":"default_layout","jetpack_post_was_ever_published":false,"_jetpack_newsletter_access":"","_jetpack_dont_email_post_to_subs":false,"_jetpack_newsletter_tier_id":0,"_jetpack_memberships_contains_paywalled_content":false,"_jetpack_memberships_contains_paid_content":false,"footnotes":""},"categories":[2],"tags":[],"class_list":["post-15187","post","type-post","status-publish","format-standard","has-post-thumbnail","hentry","category-politica"],"jetpack_featured_media_url":"https:\/\/www.tribunanf.com.br\/blogdoralfereis\/wp-content\/uploads\/sites\/11\/2022\/10\/Claudio-Castro-e-Rodrigo-Bacellar.jpeg","jetpack_sharing_enabled":true,"_links":{"self":[{"href":"https:\/\/www.tribunanf.com.br\/blogdoralfereis\/wp-json\/wp\/v2\/posts\/15187","targetHints":{"allow":["GET"]}}],"collection":[{"href":"https:\/\/www.tribunanf.com.br\/blogdoralfereis\/wp-json\/wp\/v2\/posts"}],"about":[{"href":"https:\/\/www.tribunanf.com.br\/blogdoralfereis\/wp-json\/wp\/v2\/types\/post"}],"author":[{"embeddable":true,"href":"https:\/\/www.tribunanf.com.br\/blogdoralfereis\/wp-json\/wp\/v2\/users\/2"}],"replies":[{"embeddable":true,"href":"https:\/\/www.tribunanf.com.br\/blogdoralfereis\/wp-json\/wp\/v2\/comments?post=15187"}],"version-history":[{"count":2,"href":"https:\/\/www.tribunanf.com.br\/blogdoralfereis\/wp-json\/wp\/v2\/posts\/15187\/revisions"}],"predecessor-version":[{"id":15189,"href":"https:\/\/www.tribunanf.com.br\/blogdoralfereis\/wp-json\/wp\/v2\/posts\/15187\/revisions\/15189"}],"wp:featuredmedia":[{"embeddable":true,"href":"https:\/\/www.tribunanf.com.br\/blogdoralfereis\/wp-json\/wp\/v2\/media\/10243"}],"wp:attachment":[{"href":"https:\/\/www.tribunanf.com.br\/blogdoralfereis\/wp-json\/wp\/v2\/media?parent=15187"}],"wp:term":[{"taxonomy":"category","embeddable":true,"href":"https:\/\/www.tribunanf.com.br\/blogdoralfereis\/wp-json\/wp\/v2\/categories?post=15187"},{"taxonomy":"post_tag","embeddable":true,"href":"https:\/\/www.tribunanf.com.br\/blogdoralfereis\/wp-json\/wp\/v2\/tags?post=15187"}],"curies":[{"name":"wp","href":"https:\/\/api.w.org\/{rel}","templated":true}]}}