{"id":15177,"date":"2025-12-04T10:09:17","date_gmt":"2025-12-04T13:09:17","guid":{"rendered":"https:\/\/www.tribunanf.com.br\/blogdoralfereis\/?p=15177"},"modified":"2025-12-04T10:09:17","modified_gmt":"2025-12-04T13:09:17","slug":"a-operacao-sigilosa-no-rio-de-janeiro-citada-na-decisao-de-alexandre-de-moraes","status":"publish","type":"post","link":"https:\/\/www.tribunanf.com.br\/blogdoralfereis\/2025\/12\/04\/a-operacao-sigilosa-no-rio-de-janeiro-citada-na-decisao-de-alexandre-de-moraes\/","title":{"rendered":"A opera\u00e7\u00e3o sigilosa no Rio de Janeiro citada na decis\u00e3o de Alexandre de Moraes"},"content":{"rendered":"<p><img loading=\"lazy\" decoding=\"async\" class=\"aligncenter size-full wp-image-4248\" src=\"https:\/\/www.tribunanf.com.br\/blogdoralfereis\/wp-content\/uploads\/sites\/11\/2020\/06\/alexande-de-moraes.jpg\" alt=\"\" width=\"984\" height=\"656\" srcset=\"https:\/\/www.tribunanf.com.br\/blogdoralfereis\/wp-content\/uploads\/sites\/11\/2020\/06\/alexande-de-moraes.jpg 984w, https:\/\/www.tribunanf.com.br\/blogdoralfereis\/wp-content\/uploads\/sites\/11\/2020\/06\/alexande-de-moraes-300x200.jpg 300w, https:\/\/www.tribunanf.com.br\/blogdoralfereis\/wp-content\/uploads\/sites\/11\/2020\/06\/alexande-de-moraes-768x512.jpg 768w\" sizes=\"auto, (max-width: 984px) 100vw, 984px\" \/><\/p>\n<p style=\"text-align: justify;\">Na decis\u00e3o proferida ontem no caso Bacellar e TH, o ministro Alexandre de Moraes requisitou informa\u00e7\u00f5es ao Tribunal Regional Federal do Rio de Janeiro sobre uma opera\u00e7\u00e3o denominada de Oricalco.<\/p>\n<p style=\"text-align: justify;\">&#8220;Ao Desembargador Relator Judice Neto, da 1\u00aa Se\u00e7\u00e3o Especializada do Tribunal Regional Federal da 2\u00aa Regi\u00e3o, o compartilhamento de todos os elementos de convic\u00e7\u00e3o angariados em todos os procedimentos e processos relacionados \u00e0 Opera\u00e7\u00e3o Oricalco com a presente investiga\u00e7\u00e3o&#8221;, requisitou o ministro.<\/p>\n<p style=\"text-align: justify;\">N\u00e3o h\u00e1 informa\u00e7\u00e3o p\u00fablica de que a referida opera\u00e7\u00e3o tenha sido deflagrada no Rio de Janeiro. Ou ningu\u00e9m ficou sabendo, ou ainda ser\u00e1 deflagrada.<\/p>\n","protected":false},"excerpt":{"rendered":"<p>Na decis\u00e3o proferida ontem no caso Bacellar e TH, o ministro Alexandre de Moraes requisitou informa\u00e7\u00f5es ao Tribunal Regional Federal&#8230;<\/p>\n","protected":false},"author":2,"featured_media":4248,"comment_status":"open","ping_status":"open","sticky":false,"template":"","format":"standard","meta":{"colormag_page_container_layout":"default_layout","colormag_page_sidebar_layout":"default_layout","jetpack_post_was_ever_published":false,"_jetpack_newsletter_access":"","_jetpack_dont_email_post_to_subs":false,"_jetpack_newsletter_tier_id":0,"_jetpack_memberships_contains_paywalled_content":false,"_jetpack_memberships_contains_paid_content":false,"footnotes":""},"categories":[2],"tags":[],"class_list":["post-15177","post","type-post","status-publish","format-standard","has-post-thumbnail","hentry","category-politica"],"jetpack_featured_media_url":"https:\/\/www.tribunanf.com.br\/blogdoralfereis\/wp-content\/uploads\/sites\/11\/2020\/06\/alexande-de-moraes.jpg","jetpack_sharing_enabled":true,"_links":{"self":[{"href":"https:\/\/www.tribunanf.com.br\/blogdoralfereis\/wp-json\/wp\/v2\/posts\/15177","targetHints":{"allow":["GET"]}}],"collection":[{"href":"https:\/\/www.tribunanf.com.br\/blogdoralfereis\/wp-json\/wp\/v2\/posts"}],"about":[{"href":"https:\/\/www.tribunanf.com.br\/blogdoralfereis\/wp-json\/wp\/v2\/types\/post"}],"author":[{"embeddable":true,"href":"https:\/\/www.tribunanf.com.br\/blogdoralfereis\/wp-json\/wp\/v2\/users\/2"}],"replies":[{"embeddable":true,"href":"https:\/\/www.tribunanf.com.br\/blogdoralfereis\/wp-json\/wp\/v2\/comments?post=15177"}],"version-history":[{"count":2,"href":"https:\/\/www.tribunanf.com.br\/blogdoralfereis\/wp-json\/wp\/v2\/posts\/15177\/revisions"}],"predecessor-version":[{"id":15179,"href":"https:\/\/www.tribunanf.com.br\/blogdoralfereis\/wp-json\/wp\/v2\/posts\/15177\/revisions\/15179"}],"wp:featuredmedia":[{"embeddable":true,"href":"https:\/\/www.tribunanf.com.br\/blogdoralfereis\/wp-json\/wp\/v2\/media\/4248"}],"wp:attachment":[{"href":"https:\/\/www.tribunanf.com.br\/blogdoralfereis\/wp-json\/wp\/v2\/media?parent=15177"}],"wp:term":[{"taxonomy":"category","embeddable":true,"href":"https:\/\/www.tribunanf.com.br\/blogdoralfereis\/wp-json\/wp\/v2\/categories?post=15177"},{"taxonomy":"post_tag","embeddable":true,"href":"https:\/\/www.tribunanf.com.br\/blogdoralfereis\/wp-json\/wp\/v2\/tags?post=15177"}],"curies":[{"name":"wp","href":"https:\/\/api.w.org\/{rel}","templated":true}]}}