{"id":15167,"date":"2025-12-03T16:08:36","date_gmt":"2025-12-03T19:08:36","guid":{"rendered":"https:\/\/www.tribunanf.com.br\/blogdoralfereis\/?p=15167"},"modified":"2025-12-03T16:21:44","modified_gmt":"2025-12-03T19:21:44","slug":"moraes-manda-governo-de-claudio-castro-prestar-informacoes-sobre-acessos-ao-sei-no-processo-de-exoneracao-de-rafael-picciani-na-secretaria-de-esportes","status":"publish","type":"post","link":"https:\/\/www.tribunanf.com.br\/blogdoralfereis\/2025\/12\/03\/moraes-manda-governo-de-claudio-castro-prestar-informacoes-sobre-acessos-ao-sei-no-processo-de-exoneracao-de-rafael-picciani-na-secretaria-de-esportes\/","title":{"rendered":"Moraes manda governo de Cl\u00e1udio Castro prestar informa\u00e7\u00f5es sobre acessos ao SEI no processo de exonera\u00e7\u00e3o de Rafael Picciani na Secretaria de Esportes"},"content":{"rendered":"<p><img loading=\"lazy\" decoding=\"async\" class=\"aligncenter size-full wp-image-15169\" src=\"https:\/\/www.tribunanf.com.br\/blogdoralfereis\/wp-content\/uploads\/sites\/11\/2025\/12\/03-09-2025-CASTRO-E-PICCIANI.jpg\" alt=\"\" width=\"1017\" height=\"682\" srcset=\"https:\/\/www.tribunanf.com.br\/blogdoralfereis\/wp-content\/uploads\/sites\/11\/2025\/12\/03-09-2025-CASTRO-E-PICCIANI.jpg 1017w, https:\/\/www.tribunanf.com.br\/blogdoralfereis\/wp-content\/uploads\/sites\/11\/2025\/12\/03-09-2025-CASTRO-E-PICCIANI-300x201.jpg 300w, https:\/\/www.tribunanf.com.br\/blogdoralfereis\/wp-content\/uploads\/sites\/11\/2025\/12\/03-09-2025-CASTRO-E-PICCIANI-768x515.jpg 768w\" sizes=\"auto, (max-width: 1017px) 100vw, 1017px\" \/><\/p>\n<p style=\"text-align: justify;\">O ministro Alexandre de Moraes determinou que o governo do Estado, atrav\u00e9s do Proderj, forne\u00e7a todas as informa\u00e7\u00f5es do sistema SEI sobre o processo de exonera\u00e7\u00e3o de Rafael Picciani e a nomea\u00e7\u00e3o de seu substituto na Secretaria de Estado de Esportes.<\/p>\n<p style=\"text-align: justify;\">A determina\u00e7\u00e3o consta na decis\u00e3o que deflagrou a opera\u00e7\u00e3o Unha e Carne contra o presidente da Alerj Rodrigo Bacellar e o ex-deputado TH Joias.<\/p>\n<p style=\"text-align: justify;\">A nomea\u00e7\u00e3o de Rafael Picciani permitiu que TH Joias assumisse a vaga de deputado, uma vez que ele era suplente. TH Joias e Rafael s\u00e3o do MDB. Na \u00e9poca da filia\u00e7\u00e3o de TH, o partido era presidido pela fam\u00edlia Picciani.<\/p>\n<p style=\"text-align: justify;\">&#8220;Ao PRODERJ e \u00e0 Secretaria de Estado de Planejamento e Gest\u00e3o do Rio de Janeiro, gestora do Sistema Eletr\u00f4nico de Informa\u00e7\u00f5es do Rio de Janeiro \u2013 (SEI\/RJ), o fornecimento dos logs de acesso, cria\u00e7\u00e3o, disponibiliza\u00e7\u00e3o de documentos e assinatura, com hor\u00e1rio, usu\u00e1rio respons\u00e1vel e demais dados dispon\u00edveis, dos Processos SEI 300001\/002321\/2025 e 150001\/000269\/2025 (notadamente os documentos 110595599, 110796645, 110938326, 111068976, 111154241 e 11254405), no qual se promoveu a exonera\u00e7\u00e3o de Rafael Carneiro Monteiro Picciani e a designa\u00e7\u00e3o de Rodrigo Dantas Scorzelli no cargo de Secret\u00e1rio de Estado de Esporte e Lazer do Rio de Janeiro;<\/p>\n<p style=\"text-align: justify;\">\u00c0 Imprensa Oficial do Estado do Rio de Janeiro &#8211; IOERJ, o fornecimento do fluxo de recebimento do Decreto ID 2675892 \u2013 que promoveu a exonera\u00e7\u00e3o de Rafael Carneiro Monteiro Picciani e a designa\u00e7\u00e3o de Rodrigo Dantas Scorzelli no cargo de Secret\u00e1rio de Estado de Esporte e Lazer do Rio de Janeiro na edi\u00e7\u00e3o extraordin\u00e1ria 160-A do dia 3\/9\/2025 &#8211; para publica\u00e7\u00e3o, notadamente com hor\u00e1rio, usu\u00e1rio respons\u00e1vel, logs de acesso e demais dados dispon\u00edveis.&#8221;, determinou Alexandre de Moraes.<\/p>\n<p style=\"text-align: justify;\">O espa\u00e7o est\u00e1 aberto para os citados (redacao@tribunanf.com.br).<\/p>\n<p style=\"text-align: justify;\">O blog publicou a \u00edntegra da decis\u00e3o. Clique na postagem abaixo:<\/p>\n<blockquote class=\"wp-embedded-content\" data-secret=\"WPbQEaZqnl\"><p><a href=\"https:\/\/www.tribunanf.com.br\/blogdoralfereis\/2025\/12\/03\/veja-a-integra-decisao-de-alexandre-de-moraes-que-decretou-a-prisao-de-rodrigo-bacellar\/\">Veja a \u00edntegra decis\u00e3o de Alexandre de Moraes que decretou a pris\u00e3o de Rodrigo Bacellar<\/a><\/p><\/blockquote>\n<p><iframe loading=\"lazy\" class=\"wp-embedded-content\" sandbox=\"allow-scripts\" security=\"restricted\" style=\"position: absolute; visibility: hidden;\" title=\"&#8220;Veja a \u00edntegra decis\u00e3o de Alexandre de Moraes que decretou a pris\u00e3o de Rodrigo Bacellar&#8221; &#8212; Blog do Ralfe Reis\" src=\"https:\/\/www.tribunanf.com.br\/blogdoralfereis\/2025\/12\/03\/veja-a-integra-decisao-de-alexandre-de-moraes-que-decretou-a-prisao-de-rodrigo-bacellar\/embed\/#?secret=qNF7EDxc5W#?secret=WPbQEaZqnl\" data-secret=\"WPbQEaZqnl\" width=\"600\" height=\"338\" frameborder=\"0\" marginwidth=\"0\" marginheight=\"0\" scrolling=\"no\"><\/iframe><\/p>\n","protected":false},"excerpt":{"rendered":"<p>O ministro Alexandre de Moraes determinou que o governo do Estado, atrav\u00e9s do Proderj, forne\u00e7a todas as informa\u00e7\u00f5es do sistema&#8230;<\/p>\n","protected":false},"author":2,"featured_media":15169,"comment_status":"open","ping_status":"open","sticky":false,"template":"","format":"standard","meta":{"colormag_page_container_layout":"default_layout","colormag_page_sidebar_layout":"default_layout","jetpack_post_was_ever_published":false,"_jetpack_newsletter_access":"","_jetpack_dont_email_post_to_subs":false,"_jetpack_newsletter_tier_id":0,"_jetpack_memberships_contains_paywalled_content":false,"_jetpack_memberships_contains_paid_content":false,"footnotes":""},"categories":[2],"tags":[],"class_list":["post-15167","post","type-post","status-publish","format-standard","has-post-thumbnail","hentry","category-politica"],"jetpack_featured_media_url":"https:\/\/www.tribunanf.com.br\/blogdoralfereis\/wp-content\/uploads\/sites\/11\/2025\/12\/03-09-2025-CASTRO-E-PICCIANI.jpg","jetpack_sharing_enabled":true,"_links":{"self":[{"href":"https:\/\/www.tribunanf.com.br\/blogdoralfereis\/wp-json\/wp\/v2\/posts\/15167","targetHints":{"allow":["GET"]}}],"collection":[{"href":"https:\/\/www.tribunanf.com.br\/blogdoralfereis\/wp-json\/wp\/v2\/posts"}],"about":[{"href":"https:\/\/www.tribunanf.com.br\/blogdoralfereis\/wp-json\/wp\/v2\/types\/post"}],"author":[{"embeddable":true,"href":"https:\/\/www.tribunanf.com.br\/blogdoralfereis\/wp-json\/wp\/v2\/users\/2"}],"replies":[{"embeddable":true,"href":"https:\/\/www.tribunanf.com.br\/blogdoralfereis\/wp-json\/wp\/v2\/comments?post=15167"}],"version-history":[{"count":4,"href":"https:\/\/www.tribunanf.com.br\/blogdoralfereis\/wp-json\/wp\/v2\/posts\/15167\/revisions"}],"predecessor-version":[{"id":15175,"href":"https:\/\/www.tribunanf.com.br\/blogdoralfereis\/wp-json\/wp\/v2\/posts\/15167\/revisions\/15175"}],"wp:featuredmedia":[{"embeddable":true,"href":"https:\/\/www.tribunanf.com.br\/blogdoralfereis\/wp-json\/wp\/v2\/media\/15169"}],"wp:attachment":[{"href":"https:\/\/www.tribunanf.com.br\/blogdoralfereis\/wp-json\/wp\/v2\/media?parent=15167"}],"wp:term":[{"taxonomy":"category","embeddable":true,"href":"https:\/\/www.tribunanf.com.br\/blogdoralfereis\/wp-json\/wp\/v2\/categories?post=15167"},{"taxonomy":"post_tag","embeddable":true,"href":"https:\/\/www.tribunanf.com.br\/blogdoralfereis\/wp-json\/wp\/v2\/tags?post=15167"}],"curies":[{"name":"wp","href":"https:\/\/api.w.org\/{rel}","templated":true}]}}