{"id":15158,"date":"2025-12-03T14:57:26","date_gmt":"2025-12-03T17:57:26","guid":{"rendered":"https:\/\/www.tribunanf.com.br\/blogdoralfereis\/?p=15158"},"modified":"2025-12-03T17:12:05","modified_gmt":"2025-12-03T20:12:05","slug":"veja-a-integra-decisao-de-alexandre-de-moraes-que-decretou-a-prisao-de-rodrigo-bacellar","status":"publish","type":"post","link":"https:\/\/www.tribunanf.com.br\/blogdoralfereis\/2025\/12\/03\/veja-a-integra-decisao-de-alexandre-de-moraes-que-decretou-a-prisao-de-rodrigo-bacellar\/","title":{"rendered":"Veja a \u00edntegra decis\u00e3o de Alexandre de Moraes que decretou a pris\u00e3o de Rodrigo Bacellar"},"content":{"rendered":"<p><img loading=\"lazy\" decoding=\"async\" class=\"aligncenter size-large wp-image-10878\" src=\"https:\/\/www.tribunanf.com.br\/blogdoralfereis\/wp-content\/uploads\/sites\/11\/2023\/02\/bacellar_Easy-Resize.com-1-1024x768.jpg\" alt=\"\" width=\"800\" height=\"600\" srcset=\"https:\/\/www.tribunanf.com.br\/blogdoralfereis\/wp-content\/uploads\/sites\/11\/2023\/02\/bacellar_Easy-Resize.com-1-1024x768.jpg 1024w, https:\/\/www.tribunanf.com.br\/blogdoralfereis\/wp-content\/uploads\/sites\/11\/2023\/02\/bacellar_Easy-Resize.com-1-300x225.jpg 300w, https:\/\/www.tribunanf.com.br\/blogdoralfereis\/wp-content\/uploads\/sites\/11\/2023\/02\/bacellar_Easy-Resize.com-1-768x576.jpg 768w, https:\/\/www.tribunanf.com.br\/blogdoralfereis\/wp-content\/uploads\/sites\/11\/2023\/02\/bacellar_Easy-Resize.com-1.jpg 1280w\" sizes=\"auto, (max-width: 800px) 100vw, 800px\" \/><\/p>\n<p style=\"text-align: justify;\">O presidente da Assembleia Legislativa do Rio de Janeiro (Alerj), deputado estadual Rodrigo Bacellar (Uni\u00e3o Brasil), foi preso nesta quarta-feira (3) pela Pol\u00edcia Federal (PF) na Opera\u00e7\u00e3o Unha e Carne. Segundo a PF, Bacellar \u00e9 suspeito de ter vazado informa\u00e7\u00f5es sigilosas da Opera\u00e7\u00e3o Zargun, deflagrada em setembro, em que o ent\u00e3o deputado estadual TH Joias foi preso.<\/p>\n<p style=\"text-align: justify;\">A blog teve acesso a decis\u00e3o do ministro Alexandre de Moraes, relator do caso no Supremo Tribunal Federal.<\/p>\n<p style=\"text-align: justify;\">A representa\u00e7\u00e3o da PF contra Bacellar se baseia num v\u00eddeo encontrado no celular de TH Joias, onde ele teria enviado ao presidente da Alerj perguntando se deveria retirar um freezer cheio de carnes.<\/p>\n<p style=\"text-align: justify;\">&#8220;\u00d4 presida! N\u00e3o tem como levar n\u00e3o, irm\u00e3o. P\u00f4, como \u00e9 que leva?! Tem como levar n\u00e3o, irm\u00e3o. Esses filhas das putas v\u00e3o roubar as carnes, hein&#8221;, disse TH a Bacellar, segundo inqu\u00e9rito da PF. Em resposta, Bacellar disse: &#8220;Deixa isso, t\u00e1 doido? Larga isso a\u00ed, seu doido&#8221;.<\/p>\n<p style=\"text-align: justify;\">Confira \u00e0 \u00edntegra da decis\u00e3o e o despacho levantando o sigilo:<\/p>\n<p><a href=\"https:\/\/www.tribunanf.com.br\/blogdoralfereis\/wp-content\/uploads\/sites\/11\/2025\/12\/Decisao-Alexandre-de-Morais-x-Rodrigo-Bacellar.pdf\" target=\"_blank\" rel=\"noopener\">Decis\u00e3o Alexandre de Moraes x Rodrigo Bacellar<\/a><\/p>\n<p><a href=\"https:\/\/www.tribunanf.com.br\/blogdoralfereis\/wp-content\/uploads\/sites\/11\/2025\/12\/Despacho-Morais-x-Bacellar.pdf\" target=\"_blank\" rel=\"noopener\">Despacho Moraes x Bacellar<\/a><\/p>\n<p>Leia tamb\u00e9m:<\/p>\n<blockquote class=\"wp-embedded-content\" data-secret=\"gaPOeZX5eS\"><p><a href=\"https:\/\/www.tribunanf.com.br\/blogdoralfereis\/2025\/12\/03\/moraes-manda-governo-de-claudio-castro-prestar-informacoes-sobre-acessos-ao-sei-no-processo-de-exoneracao-de-rafael-picciani-na-secretaria-de-esportes\/\">Moraes manda governo de Cl\u00e1udio Castro prestar informa\u00e7\u00f5es sobre acessos ao SEI no processo de exonera\u00e7\u00e3o de Rafael Picciani na Secretaria de Esportes<\/a><\/p><\/blockquote>\n<p><iframe loading=\"lazy\" class=\"wp-embedded-content\" sandbox=\"allow-scripts\" security=\"restricted\" style=\"position: absolute; visibility: hidden;\" title=\"&#8220;Moraes manda governo de Cl\u00e1udio Castro prestar informa\u00e7\u00f5es sobre acessos ao SEI no processo de exonera\u00e7\u00e3o de Rafael Picciani na Secretaria de Esportes&#8221; &#8212; Blog do Ralfe Reis\" src=\"https:\/\/www.tribunanf.com.br\/blogdoralfereis\/2025\/12\/03\/moraes-manda-governo-de-claudio-castro-prestar-informacoes-sobre-acessos-ao-sei-no-processo-de-exoneracao-de-rafael-picciani-na-secretaria-de-esportes\/embed\/#?secret=l3KbMXdU67#?secret=gaPOeZX5eS\" data-secret=\"gaPOeZX5eS\" width=\"600\" height=\"338\" frameborder=\"0\" marginwidth=\"0\" marginheight=\"0\" scrolling=\"no\"><\/iframe><\/p>\n","protected":false},"excerpt":{"rendered":"<p>O presidente da Assembleia Legislativa do Rio de Janeiro (Alerj), deputado estadual Rodrigo Bacellar (Uni\u00e3o Brasil), foi preso nesta quarta-feira&#8230;<\/p>\n","protected":false},"author":2,"featured_media":15161,"comment_status":"open","ping_status":"open","sticky":false,"template":"","format":"standard","meta":{"colormag_page_container_layout":"default_layout","colormag_page_sidebar_layout":"default_layout","jetpack_post_was_ever_published":false,"_jetpack_newsletter_access":"","_jetpack_dont_email_post_to_subs":false,"_jetpack_newsletter_tier_id":0,"_jetpack_memberships_contains_paywalled_content":false,"_jetpack_memberships_contains_paid_content":false,"footnotes":""},"categories":[2],"tags":[],"class_list":["post-15158","post","type-post","status-publish","format-standard","has-post-thumbnail","hentry","category-politica"],"jetpack_featured_media_url":"https:\/\/www.tribunanf.com.br\/blogdoralfereis\/wp-content\/uploads\/sites\/11\/2025\/12\/bacellar_Easy-Resize.com-3.jpg","jetpack_sharing_enabled":true,"_links":{"self":[{"href":"https:\/\/www.tribunanf.com.br\/blogdoralfereis\/wp-json\/wp\/v2\/posts\/15158","targetHints":{"allow":["GET"]}}],"collection":[{"href":"https:\/\/www.tribunanf.com.br\/blogdoralfereis\/wp-json\/wp\/v2\/posts"}],"about":[{"href":"https:\/\/www.tribunanf.com.br\/blogdoralfereis\/wp-json\/wp\/v2\/types\/post"}],"author":[{"embeddable":true,"href":"https:\/\/www.tribunanf.com.br\/blogdoralfereis\/wp-json\/wp\/v2\/users\/2"}],"replies":[{"embeddable":true,"href":"https:\/\/www.tribunanf.com.br\/blogdoralfereis\/wp-json\/wp\/v2\/comments?post=15158"}],"version-history":[{"count":7,"href":"https:\/\/www.tribunanf.com.br\/blogdoralfereis\/wp-json\/wp\/v2\/posts\/15158\/revisions"}],"predecessor-version":[{"id":15176,"href":"https:\/\/www.tribunanf.com.br\/blogdoralfereis\/wp-json\/wp\/v2\/posts\/15158\/revisions\/15176"}],"wp:featuredmedia":[{"embeddable":true,"href":"https:\/\/www.tribunanf.com.br\/blogdoralfereis\/wp-json\/wp\/v2\/media\/15161"}],"wp:attachment":[{"href":"https:\/\/www.tribunanf.com.br\/blogdoralfereis\/wp-json\/wp\/v2\/media?parent=15158"}],"wp:term":[{"taxonomy":"category","embeddable":true,"href":"https:\/\/www.tribunanf.com.br\/blogdoralfereis\/wp-json\/wp\/v2\/categories?post=15158"},{"taxonomy":"post_tag","embeddable":true,"href":"https:\/\/www.tribunanf.com.br\/blogdoralfereis\/wp-json\/wp\/v2\/tags?post=15158"}],"curies":[{"name":"wp","href":"https:\/\/api.w.org\/{rel}","templated":true}]}}