{"id":15156,"date":"2025-12-03T09:33:13","date_gmt":"2025-12-03T12:33:13","guid":{"rendered":"https:\/\/www.tribunanf.com.br\/blogdoralfereis\/?p=15156"},"modified":"2025-12-03T09:33:13","modified_gmt":"2025-12-03T12:33:13","slug":"tse-determina-retomada-de-bloqueio-de-bens-e-valores-de-escritorio-de-advocacia","status":"publish","type":"post","link":"https:\/\/www.tribunanf.com.br\/blogdoralfereis\/2025\/12\/03\/tse-determina-retomada-de-bloqueio-de-bens-e-valores-de-escritorio-de-advocacia\/","title":{"rendered":"TSE determina retomada de bloqueio de bens e valores de escrit\u00f3rio de advocacia"},"content":{"rendered":"<p><img loading=\"lazy\" decoding=\"async\" class=\"aligncenter size-large wp-image-12625\" src=\"https:\/\/www.tribunanf.com.br\/blogdoralfereis\/wp-content\/uploads\/sites\/11\/2024\/03\/tse_Easy-Resize.com_-1024x576.jpg\" alt=\"\" width=\"800\" height=\"450\" srcset=\"https:\/\/www.tribunanf.com.br\/blogdoralfereis\/wp-content\/uploads\/sites\/11\/2024\/03\/tse_Easy-Resize.com_-1024x576.jpg 1024w, https:\/\/www.tribunanf.com.br\/blogdoralfereis\/wp-content\/uploads\/sites\/11\/2024\/03\/tse_Easy-Resize.com_-300x169.jpg 300w, https:\/\/www.tribunanf.com.br\/blogdoralfereis\/wp-content\/uploads\/sites\/11\/2024\/03\/tse_Easy-Resize.com_-768x432.jpg 768w, https:\/\/www.tribunanf.com.br\/blogdoralfereis\/wp-content\/uploads\/sites\/11\/2024\/03\/tse_Easy-Resize.com_.jpg 1280w\" sizes=\"auto, (max-width: 800px) 100vw, 800px\" \/><\/p>\n<p style=\"text-align: justify;\">Por 4 votos a 3, o Tribunal Superior Eleitoral (TSE) restabeleceu, nesta ter\u00e7a-feira (2), o bloqueio de bens e valores apreendidos de Bruno Aur\u00e9lio Rodrigues da Silva Pena e do escrit\u00f3rio Bruno Pena &amp; Advogados Associados no \u00e2mbito da Opera\u00e7\u00e3o Fundo do Po\u00e7o. Deflagrada pela Pol\u00edcia Judici\u00e1ria, a opera\u00e7\u00e3o apura desvios de mais de R$ 36 milh\u00f5es do Fundo Partid\u00e1rio e do Fundo Especial de Financiamento de Campanha (FEFC) por organiza\u00e7\u00e3o criminosa, em tese, infiltrada em partido pol\u00edtico. Tamb\u00e9m investiga o crime de lavagem de dinheiro.<\/p>\n<p style=\"text-align: justify;\">Por maioria, o Colegiado acompanhou o voto do relator, ministro Antonio Carlos Ferreira, e reformou a decis\u00e3o do Tribunal Regional Eleitoral do Distrito Federal (TRE-DF) que havia liberado todos os bens (m\u00f3veis e im\u00f3veis), documentos, passaporte e contas banc\u00e1rias. O TSE tamb\u00e9m reverteu a determina\u00e7\u00e3o de restitui\u00e7\u00e3o de valores apreendidos ou bloqueados aos referidos prestadores de servi\u00e7os advocat\u00edcios, supostamente desviados mediante contratos firmados com o Partido Republicano da Ordem Social (Pros).<\/p>\n<p style=\"text-align: justify;\">Com a decis\u00e3o de hoje, o bloqueio permanecer\u00e1, pelo menos, at\u00e9 o Plen\u00e1rio do TSE analisar recurso pendente apresentado pelo Minist\u00e9rio P\u00fablico Eleitoral envolvendo decis\u00e3o liminar do TRE, que tamb\u00e9m determinou o trancamento do inqu\u00e9rito sobre o caso antes da complementa\u00e7\u00e3o das dilig\u00eancias empreendidas pela autoridade policial. Ficaram vencidos os ministros Floriano Azevedo Marques e Villas B\u00f4as Cueva e a ministra Estela Aranha.<\/p>\n<p style=\"text-align: justify;\">Decis\u00e3o do TRE<\/p>\n<p style=\"text-align: justify;\">No caso, o Regional acolheu os argumentos da defesa dos investigados, que sustentaram, em s\u00edntese, a legalidade da origem dos valores, a efetiva presta\u00e7\u00e3o dos servi\u00e7os advocat\u00edcios e a aus\u00eancia de justa causa por aus\u00eancia de den\u00fancia para justificar a perman\u00eancia das medidas cautelares. Tamb\u00e9m entendeu que honor\u00e1rios advocat\u00edcios com natureza alimentar, devidamente comprovados e pagos conforme tabela da OAB, n\u00e3o podem ser objeto de sequestro sem demonstra\u00e7\u00e3o de ilicitude.<\/p>\n<p style=\"text-align: justify;\">Voto do relator<\/p>\n<p style=\"text-align: justify;\">Ao votar, o relator, ministro Antonio Carlos Ferreira, enfatizou que a restitui\u00e7\u00e3o de bens e o levantamento de ativos bloqueados cautelarmente exigem prova inequ\u00edvoca de origem l\u00edcita e desinteresse \u00e0 persecu\u00e7\u00e3o penal \u2013 o que n\u00e3o se verifica no caso concreto \u2013, sob pena de frustra\u00e7\u00e3o dos trabalhos da Pol\u00edcia Judici\u00e1ria e\/ou do Minist\u00e9rio P\u00fablico.<\/p>\n<p style=\"text-align: justify;\">Para o relator, a investiga\u00e7\u00e3o aponta ind\u00edcios robustos de lavagem de dinheiro, organiza\u00e7\u00e3o criminosa, superfaturamento contratual e utiliza\u00e7\u00e3o de contratos simulados, a partir de movimenta\u00e7\u00f5es financeiras, em tese, incompat\u00edveis com os servi\u00e7os advocat\u00edcios prestados, entre outros elementos de convic\u00e7\u00e3o coletadas pela Pol\u00edcia Judici\u00e1ria.<\/p>\n<p style=\"text-align: justify;\">O ministro destacou ainda que, mesmo sem den\u00fancia formal, o andamento da investiga\u00e7\u00e3o justifica a manuten\u00e7\u00e3o das medidas cautelares probat\u00f3rias e patrimoniais, sobretudo em casos de elevada complexidade investigativa e aus\u00eancia de esgotamento das dilig\u00eancias policiais.<\/p>\n<p style=\"text-align: justify;\">O relator entendeu que, ao determinar o levantamento dos bens e dos valores constritos antes mesmo da conclus\u00e3o dos trabalhos policiais, houve indevida antecipa\u00e7\u00e3o de ju\u00edzo de m\u00e9rito pelo TRE com rela\u00e7\u00e3o aos recorridos.<\/p>\n<p style=\"text-align: justify;\">Fonte: Ascom TSE<\/p>\n","protected":false},"excerpt":{"rendered":"<p>Por 4 votos a 3, o Tribunal Superior Eleitoral (TSE) restabeleceu, nesta ter\u00e7a-feira (2), o bloqueio de bens e valores&#8230;<\/p>\n","protected":false},"author":2,"featured_media":12625,"comment_status":"open","ping_status":"open","sticky":false,"template":"","format":"standard","meta":{"colormag_page_container_layout":"default_layout","colormag_page_sidebar_layout":"default_layout","jetpack_post_was_ever_published":false,"_jetpack_newsletter_access":"","_jetpack_dont_email_post_to_subs":false,"_jetpack_newsletter_tier_id":0,"_jetpack_memberships_contains_paywalled_content":false,"_jetpack_memberships_contains_paid_content":false,"footnotes":""},"categories":[2],"tags":[],"class_list":["post-15156","post","type-post","status-publish","format-standard","has-post-thumbnail","hentry","category-politica"],"jetpack_featured_media_url":"https:\/\/www.tribunanf.com.br\/blogdoralfereis\/wp-content\/uploads\/sites\/11\/2024\/03\/tse_Easy-Resize.com_.jpg","jetpack_sharing_enabled":true,"_links":{"self":[{"href":"https:\/\/www.tribunanf.com.br\/blogdoralfereis\/wp-json\/wp\/v2\/posts\/15156","targetHints":{"allow":["GET"]}}],"collection":[{"href":"https:\/\/www.tribunanf.com.br\/blogdoralfereis\/wp-json\/wp\/v2\/posts"}],"about":[{"href":"https:\/\/www.tribunanf.com.br\/blogdoralfereis\/wp-json\/wp\/v2\/types\/post"}],"author":[{"embeddable":true,"href":"https:\/\/www.tribunanf.com.br\/blogdoralfereis\/wp-json\/wp\/v2\/users\/2"}],"replies":[{"embeddable":true,"href":"https:\/\/www.tribunanf.com.br\/blogdoralfereis\/wp-json\/wp\/v2\/comments?post=15156"}],"version-history":[{"count":1,"href":"https:\/\/www.tribunanf.com.br\/blogdoralfereis\/wp-json\/wp\/v2\/posts\/15156\/revisions"}],"predecessor-version":[{"id":15157,"href":"https:\/\/www.tribunanf.com.br\/blogdoralfereis\/wp-json\/wp\/v2\/posts\/15156\/revisions\/15157"}],"wp:featuredmedia":[{"embeddable":true,"href":"https:\/\/www.tribunanf.com.br\/blogdoralfereis\/wp-json\/wp\/v2\/media\/12625"}],"wp:attachment":[{"href":"https:\/\/www.tribunanf.com.br\/blogdoralfereis\/wp-json\/wp\/v2\/media?parent=15156"}],"wp:term":[{"taxonomy":"category","embeddable":true,"href":"https:\/\/www.tribunanf.com.br\/blogdoralfereis\/wp-json\/wp\/v2\/categories?post=15156"},{"taxonomy":"post_tag","embeddable":true,"href":"https:\/\/www.tribunanf.com.br\/blogdoralfereis\/wp-json\/wp\/v2\/tags?post=15156"}],"curies":[{"name":"wp","href":"https:\/\/api.w.org\/{rel}","templated":true}]}}