{"id":14996,"date":"2025-10-27T21:51:11","date_gmt":"2025-10-28T00:51:11","guid":{"rendered":"https:\/\/www.tribunanf.com.br\/blogdoralfereis\/?p=14996"},"modified":"2025-10-27T21:51:11","modified_gmt":"2025-10-28T00:51:11","slug":"ministro-flavio-dino-determina-que-governo-faca-campanha-publicitaria-sobre-transparencia-em-emendas","status":"publish","type":"post","link":"https:\/\/www.tribunanf.com.br\/blogdoralfereis\/2025\/10\/27\/ministro-flavio-dino-determina-que-governo-faca-campanha-publicitaria-sobre-transparencia-em-emendas\/","title":{"rendered":"Ministro Fl\u00e1vio Dino determina que governo fa\u00e7a campanha publicit\u00e1ria sobre transpar\u00eancia em emendas"},"content":{"rendered":"<figure id=\"attachment_5929\" aria-describedby=\"caption-attachment-5929\" style=\"width: 800px\" class=\"wp-caption aligncenter\"><img loading=\"lazy\" decoding=\"async\" class=\"size-large wp-image-5929\" src=\"https:\/\/www.tribunanf.com.br\/blogdoralfereis\/wp-content\/uploads\/sites\/11\/2021\/01\/stf-1024x613.jpg\" alt=\"\" width=\"800\" height=\"479\" \/><figcaption id=\"caption-attachment-5929\" class=\"wp-caption-text\">STF &#8211; Supremo Tribunal Federal (Valter Campanato\/Ag\u00eancia Brasil)<\/figcaption><\/figure>\n<p style=\"text-align: justify;\">O ministro Fl\u00e1vio Dino, do Supremo Tribunal Federal (STF), determinou que os tr\u00eas Poderes promovam uma ampla campanha publicit\u00e1ria sobre a execu\u00e7\u00e3o das emendas parlamentares. O objetivo \u00e9 mostrar\u00a0os canais de acesso \u00e0s informa\u00e7\u00f5es sobre as emendas e orientar a sociedade sobre como acompanhar a destina\u00e7\u00e3o dos recursos. A decis\u00e3o foi tomada na Argui\u00e7\u00e3o de Descumprimento de Preceito Fundamental\u00a0<strong>(<a href=\"https:\/\/portal.stf.jus.br\/processos\/detalhe.asp?incidente=6199750\" target=\"_blank\" rel=\"noreferrer noopener\">ADPF) 854<\/a><\/strong><a href=\"https:\/\/portal.stf.jus.br\/processos\/detalhe.asp?incidente=6199750\" target=\"_blank\" rel=\"noreferrer noopener\">.<\/a><\/p>\n<p style=\"text-align: justify;\">As pe\u00e7as da campanha, que ser\u00e3o veiculadas em emissoras comerciais e p\u00fablicas e na internet, devem ser elaboradas em linguagem clara e acess\u00edvel, para incentivar a popula\u00e7\u00e3o a consultar as informa\u00e7\u00f5es dispon\u00edveis e denunciar eventuais falhas ou irregularidades. O per\u00edodo de veicula\u00e7\u00e3o \u00e9 de dezembro de 2025 a mar\u00e7o de 2026, e o conte\u00fado tamb\u00e9m deve ser exibido em todos os canais de comunica\u00e7\u00e3o do Executivo, do Legislativo e do Judici\u00e1rio.<\/p>\n<p class=\"wp-block-heading\" style=\"text-align: justify;\"><strong>Transpar\u00eancia ativa<\/strong><\/p>\n<p style=\"text-align: justify;\">Na decis\u00e3o, o ministro ressaltou que o artigo 37 da Constitui\u00e7\u00e3o Federal determina a publicidade de atos, programas, obras, servi\u00e7os e campanhas dos \u00f3rg\u00e3os p\u00fablicos com car\u00e1ter educativo, informativo ou de orienta\u00e7\u00e3o social. No mesmo sentido, a Lei de Acesso \u00e0 Informa\u00e7\u00e3o (LAI \u2013 Lei 12.527\/2011) estabelece o dever de transpar\u00eancia ativa, que diz respeito \u00e0 divulga\u00e7\u00e3o de informa\u00e7\u00f5es de interesse coletivo ou geral em local de f\u00e1cil acesso.<\/p>\n<p style=\"text-align: justify;\">Leia a<strong>\u00a0<a href=\"https:\/\/portal.stf.jus.br\/processos\/downloadPeca.asp?id=15381686109&amp;ext=.pdf\" target=\"_blank\" rel=\"noreferrer noopener\">\u00edntegra da decis\u00e3o<\/a><\/strong>.<\/p>\n<p style=\"text-align: justify;\">Ascom STF.<\/p>\n","protected":false},"excerpt":{"rendered":"<p>O ministro Fl\u00e1vio Dino, do Supremo Tribunal Federal (STF), determinou que os tr\u00eas Poderes promovam uma ampla campanha publicit\u00e1ria sobre&#8230;<\/p>\n","protected":false},"author":2,"featured_media":5929,"comment_status":"open","ping_status":"open","sticky":false,"template":"","format":"standard","meta":{"colormag_page_container_layout":"default_layout","colormag_page_sidebar_layout":"default_layout","jetpack_post_was_ever_published":false,"_jetpack_newsletter_access":"","_jetpack_dont_email_post_to_subs":false,"_jetpack_newsletter_tier_id":0,"_jetpack_memberships_contains_paywalled_content":false,"_jetpack_memberships_contains_paid_content":false,"footnotes":""},"categories":[2],"tags":[],"class_list":["post-14996","post","type-post","status-publish","format-standard","has-post-thumbnail","hentry","category-politica"],"jetpack_featured_media_url":"https:\/\/www.tribunanf.com.br\/blogdoralfereis\/wp-content\/uploads\/sites\/11\/2021\/01\/stf-e1610546871358.jpg","jetpack_sharing_enabled":true,"_links":{"self":[{"href":"https:\/\/www.tribunanf.com.br\/blogdoralfereis\/wp-json\/wp\/v2\/posts\/14996","targetHints":{"allow":["GET"]}}],"collection":[{"href":"https:\/\/www.tribunanf.com.br\/blogdoralfereis\/wp-json\/wp\/v2\/posts"}],"about":[{"href":"https:\/\/www.tribunanf.com.br\/blogdoralfereis\/wp-json\/wp\/v2\/types\/post"}],"author":[{"embeddable":true,"href":"https:\/\/www.tribunanf.com.br\/blogdoralfereis\/wp-json\/wp\/v2\/users\/2"}],"replies":[{"embeddable":true,"href":"https:\/\/www.tribunanf.com.br\/blogdoralfereis\/wp-json\/wp\/v2\/comments?post=14996"}],"version-history":[{"count":1,"href":"https:\/\/www.tribunanf.com.br\/blogdoralfereis\/wp-json\/wp\/v2\/posts\/14996\/revisions"}],"predecessor-version":[{"id":14997,"href":"https:\/\/www.tribunanf.com.br\/blogdoralfereis\/wp-json\/wp\/v2\/posts\/14996\/revisions\/14997"}],"wp:featuredmedia":[{"embeddable":true,"href":"https:\/\/www.tribunanf.com.br\/blogdoralfereis\/wp-json\/wp\/v2\/media\/5929"}],"wp:attachment":[{"href":"https:\/\/www.tribunanf.com.br\/blogdoralfereis\/wp-json\/wp\/v2\/media?parent=14996"}],"wp:term":[{"taxonomy":"category","embeddable":true,"href":"https:\/\/www.tribunanf.com.br\/blogdoralfereis\/wp-json\/wp\/v2\/categories?post=14996"},{"taxonomy":"post_tag","embeddable":true,"href":"https:\/\/www.tribunanf.com.br\/blogdoralfereis\/wp-json\/wp\/v2\/tags?post=14996"}],"curies":[{"name":"wp","href":"https:\/\/api.w.org\/{rel}","templated":true}]}}