{"id":14993,"date":"2025-10-23T15:44:47","date_gmt":"2025-10-23T18:44:47","guid":{"rendered":"https:\/\/www.tribunanf.com.br\/blogdoralfereis\/?p=14993"},"modified":"2025-10-23T16:34:36","modified_gmt":"2025-10-23T19:34:36","slug":"exclusivo-desembargador-do-tre-rj-da-mais-90-dias-a-pf-para-diligencias-em-investigacao-contra-carla-caputi-prefeita-de-sjb","status":"publish","type":"post","link":"https:\/\/www.tribunanf.com.br\/blogdoralfereis\/2025\/10\/23\/exclusivo-desembargador-do-tre-rj-da-mais-90-dias-a-pf-para-diligencias-em-investigacao-contra-carla-caputi-prefeita-de-sjb\/","title":{"rendered":"Exclusivo: Desembargador do TRE-RJ d\u00e1 mais 90 dias \u00e0 PF para dilig\u00eancias em investiga\u00e7\u00e3o contra Carla Caputi, prefeita de SJB"},"content":{"rendered":"<figure id=\"attachment_3561\" aria-describedby=\"caption-attachment-3561\" style=\"width: 800px\" class=\"wp-caption aligncenter\"><img loading=\"lazy\" decoding=\"async\" class=\"size-full wp-image-3561\" src=\"https:\/\/www.tribunanf.com.br\/blogdoralfereis\/wp-content\/uploads\/sites\/11\/2020\/03\/sjb.jpeg\" alt=\"Prefeitura de S\u00e3o Jo\u00e3o da Barra\" width=\"800\" height=\"591\" srcset=\"https:\/\/www.tribunanf.com.br\/blogdoralfereis\/wp-content\/uploads\/sites\/11\/2020\/03\/sjb.jpeg 800w, https:\/\/www.tribunanf.com.br\/blogdoralfereis\/wp-content\/uploads\/sites\/11\/2020\/03\/sjb-300x222.jpeg 300w, https:\/\/www.tribunanf.com.br\/blogdoralfereis\/wp-content\/uploads\/sites\/11\/2020\/03\/sjb-768x567.jpeg 768w\" sizes=\"auto, (max-width: 800px) 100vw, 800px\" \/><figcaption id=\"caption-attachment-3561\" class=\"wp-caption-text\">Prefeitura de S\u00e3o Jo\u00e3o da Barra<\/figcaption><\/figure>\n<p style=\"text-align: justify;\">O desembargador Bruno Bodart, do Tribunal Regional Eleitoral do Rio de Janeiro, concedeu \u00e0 Pol\u00edcia Federal mais 90 dias para cumprimento de dilig\u00eancias em investiga\u00e7\u00e3o contra a prefeita de S\u00e3o Jo\u00e3o da Barra, Carla Caputi. O novo prazo foi determinado nesta quinta-feira (23).<\/p>\n<p style=\"text-align: justify;\">\u201c<em>\u00c0 Pol\u00edcia Federal pelo prazo de 90 (noventa) dias para a realiza\u00e7\u00e3o das dilig\u00eancias pendentes, nos termos da manifesta\u00e7\u00e3o da Procuradoria Regional Eleitoral.<\/em>\u201d, diz o despacho do novo relator. Bodart \u00e9 o terceiro relator do caso ap\u00f3s fim do bi\u00eanio do antecessores.<\/p>\n<p style=\"text-align: justify;\">Conforme revelado com exclusividade pelo jornal online <strong><em>Tribuna NF<\/em><\/strong> em novembro de 2024, o TRE-RJ instaurou inqu\u00e9rito criminal para investigar a prefeita para apurar suposta pr\u00e1tica dos crimes previstos nos artigos 299 e 300, ambos do C\u00f3digo Eleitoral. \u00c0 \u00e9poca, o procedimento foi aberto pelo desembargador Fernando Cabral, pelo fato da prefeita possuir foro por prerrogativa de fun\u00e7\u00e3o, tamb\u00e9m chamado de foro privilegiado.<\/p>\n<p style=\"text-align: justify;\">Segundo o MP Eleitoral, \u201cnoticiantes relataram que a atual Prefeita do Munic\u00edpio de S\u00e3o Jo\u00e3o da Barra\/RJ, Karla Chagas Maia, teria distribuindo benef\u00edcios pecuni\u00e1rios para remunerar e coagir eleitores a votarem em determinados candidatos de sua base aliada\u201d.<\/p>\n<p style=\"text-align: justify;\">Na decis\u00e3o de abertura do inqu\u00e9rito, o ent\u00e3o desembargador relator do caso deixou claro \u201cque instaura\u00e7\u00e3o de inqu\u00e9rito n\u00e3o retrata a formula\u00e7\u00e3o de ju\u00edzo quanto \u00e0 proced\u00eancia ou improced\u00eancia dos ind\u00edcios de autoria ou materialidade, constituindo-se como ato meramente formal, apto a viabilizar o tr\u00e2mite regular das investiga\u00e7\u00f5es.\u201d<\/p>\n<p style=\"text-align: justify;\">O caso pode ter desdobramentos ou simplesmente dar em nada, como sempre acontece em S\u00e3o Jo\u00e3o da Barra.<\/p>\n<p style=\"text-align: justify;\">Em tempo: o espa\u00e7o segue aberto caso a prefeita queira se pronunciar, conforme j\u00e1 oportunizado nas mat\u00e9rias anteriores.<\/p>\n<blockquote class=\"wp-embedded-content\" data-secret=\"vDm8t9uNMY\"><p><a href=\"https:\/\/www.tribunanf.com.br\/exclusivo-desembargador-do-tre-rj-instaura-inquerito-criminal-contra-prefeita-de-sao-joao-da-barra-para-apurar-supostos-crimes-eleitorais\/\">Exclusivo: Desembargador do TRE-RJ instaura inqu\u00e9rito criminal contra prefeita de S\u00e3o Jo\u00e3o da Barra para apurar supostos crimes eleitorais<\/a><\/p><\/blockquote>\n<p><iframe loading=\"lazy\" class=\"wp-embedded-content\" sandbox=\"allow-scripts\" security=\"restricted\" style=\"position: absolute; visibility: hidden;\" title=\"&#8220;Exclusivo: Desembargador do TRE-RJ instaura inqu\u00e9rito criminal contra prefeita de S\u00e3o Jo\u00e3o da Barra para apurar supostos crimes eleitorais&#8221; &#8212; Tribuna NF\" src=\"https:\/\/www.tribunanf.com.br\/exclusivo-desembargador-do-tre-rj-instaura-inquerito-criminal-contra-prefeita-de-sao-joao-da-barra-para-apurar-supostos-crimes-eleitorais\/embed\/#?secret=HiQLFWNkBa#?secret=vDm8t9uNMY\" data-secret=\"vDm8t9uNMY\" width=\"600\" height=\"338\" frameborder=\"0\" marginwidth=\"0\" marginheight=\"0\" scrolling=\"no\"><\/iframe><\/p>\n","protected":false},"excerpt":{"rendered":"<p>O desembargador Bruno Bodart, do Tribunal Regional Eleitoral do Rio de Janeiro, concedeu \u00e0 Pol\u00edcia Federal mais 90 dias para&#8230;<\/p>\n","protected":false},"author":2,"featured_media":3561,"comment_status":"open","ping_status":"open","sticky":false,"template":"","format":"standard","meta":{"colormag_page_container_layout":"default_layout","colormag_page_sidebar_layout":"default_layout","jetpack_post_was_ever_published":false,"_jetpack_newsletter_access":"","_jetpack_dont_email_post_to_subs":false,"_jetpack_newsletter_tier_id":0,"_jetpack_memberships_contains_paywalled_content":false,"_jetpack_memberships_contains_paid_content":false,"footnotes":""},"categories":[2],"tags":[],"class_list":["post-14993","post","type-post","status-publish","format-standard","has-post-thumbnail","hentry","category-politica"],"jetpack_featured_media_url":"https:\/\/www.tribunanf.com.br\/blogdoralfereis\/wp-content\/uploads\/sites\/11\/2020\/03\/sjb.jpeg","jetpack_sharing_enabled":true,"_links":{"self":[{"href":"https:\/\/www.tribunanf.com.br\/blogdoralfereis\/wp-json\/wp\/v2\/posts\/14993","targetHints":{"allow":["GET"]}}],"collection":[{"href":"https:\/\/www.tribunanf.com.br\/blogdoralfereis\/wp-json\/wp\/v2\/posts"}],"about":[{"href":"https:\/\/www.tribunanf.com.br\/blogdoralfereis\/wp-json\/wp\/v2\/types\/post"}],"author":[{"embeddable":true,"href":"https:\/\/www.tribunanf.com.br\/blogdoralfereis\/wp-json\/wp\/v2\/users\/2"}],"replies":[{"embeddable":true,"href":"https:\/\/www.tribunanf.com.br\/blogdoralfereis\/wp-json\/wp\/v2\/comments?post=14993"}],"version-history":[{"count":2,"href":"https:\/\/www.tribunanf.com.br\/blogdoralfereis\/wp-json\/wp\/v2\/posts\/14993\/revisions"}],"predecessor-version":[{"id":14995,"href":"https:\/\/www.tribunanf.com.br\/blogdoralfereis\/wp-json\/wp\/v2\/posts\/14993\/revisions\/14995"}],"wp:featuredmedia":[{"embeddable":true,"href":"https:\/\/www.tribunanf.com.br\/blogdoralfereis\/wp-json\/wp\/v2\/media\/3561"}],"wp:attachment":[{"href":"https:\/\/www.tribunanf.com.br\/blogdoralfereis\/wp-json\/wp\/v2\/media?parent=14993"}],"wp:term":[{"taxonomy":"category","embeddable":true,"href":"https:\/\/www.tribunanf.com.br\/blogdoralfereis\/wp-json\/wp\/v2\/categories?post=14993"},{"taxonomy":"post_tag","embeddable":true,"href":"https:\/\/www.tribunanf.com.br\/blogdoralfereis\/wp-json\/wp\/v2\/tags?post=14993"}],"curies":[{"name":"wp","href":"https:\/\/api.w.org\/{rel}","templated":true}]}}