{"id":14991,"date":"2025-10-22T17:02:02","date_gmt":"2025-10-22T20:02:02","guid":{"rendered":"https:\/\/www.tribunanf.com.br\/blogdoralfereis\/?p=14991"},"modified":"2025-10-22T17:02:02","modified_gmt":"2025-10-22T20:02:02","slug":"projeto-sobre-uso-de-royalties-do-rioprevidencia-para-pagar-divida-do-estado-e-aprovado-pela-alerj-com-prazo-de-validade","status":"publish","type":"post","link":"https:\/\/www.tribunanf.com.br\/blogdoralfereis\/2025\/10\/22\/projeto-sobre-uso-de-royalties-do-rioprevidencia-para-pagar-divida-do-estado-e-aprovado-pela-alerj-com-prazo-de-validade\/","title":{"rendered":"Projeto sobre uso de royalties do Rioprevid\u00eancia para pagar d\u00edvida do estado \u00e9 aprovado pela Alerj com prazo de validade"},"content":{"rendered":"<p><img loading=\"lazy\" decoding=\"async\" class=\"aligncenter size-large wp-image-13000\" src=\"https:\/\/www.tribunanf.com.br\/blogdoralfereis\/wp-content\/uploads\/sites\/11\/2024\/05\/rioprevidencia_Easy-Resize.com_-1024x640.jpg\" alt=\"\" width=\"800\" height=\"500\" srcset=\"https:\/\/www.tribunanf.com.br\/blogdoralfereis\/wp-content\/uploads\/sites\/11\/2024\/05\/rioprevidencia_Easy-Resize.com_-1024x640.jpg 1024w, https:\/\/www.tribunanf.com.br\/blogdoralfereis\/wp-content\/uploads\/sites\/11\/2024\/05\/rioprevidencia_Easy-Resize.com_-300x188.jpg 300w, https:\/\/www.tribunanf.com.br\/blogdoralfereis\/wp-content\/uploads\/sites\/11\/2024\/05\/rioprevidencia_Easy-Resize.com_-768x480.jpg 768w, https:\/\/www.tribunanf.com.br\/blogdoralfereis\/wp-content\/uploads\/sites\/11\/2024\/05\/rioprevidencia_Easy-Resize.com_.jpg 1280w\" sizes=\"auto, (max-width: 800px) 100vw, 800px\" \/><\/p>\n<p style=\"text-align: justify;\">O projeto que autoriza o estado a usar recursos de royalties e participa\u00e7\u00f5es especiais do petr\u00f3leo e do g\u00e1s, hoje destinados ao Rioprevid\u00eancia, para pagar a d\u00edvida com a Uni\u00e3o, foi aprovado em definitivo, nesta quarta-feira (22), no plen\u00e1rio da Assembleia Legislativa (Alerj). O texto foi aprovado por 48 votos a favor e 21 contr\u00e1rios.<\/p>\n<p style=\"text-align: justify;\">A informa\u00e7\u00e3o \u00e9 da jornalista Gabriele Maia, do site<a href=\"https:\/\/temporealrj.com\/uso-de-royalties-do-rioprevidencia-para-pagar-divida-do-estado-e-aprovado-pela-alerj\/\" target=\"_blank\" rel=\"noopener\"> Tempo Real.<\/a><\/p>\n<p style=\"text-align: justify;\">A proposta pol\u00eamica passou quase integralmente, com apenas duas das 113 emendas apresentadas aceitas \u2013 uma delas estabelece que a medida s\u00f3 ter\u00e1 validade at\u00e9 31 de dezembro de 2026, fruto de um acordo entre governistas e oposi\u00e7\u00e3o durante reuni\u00e3o exclusiva na Alerj.<\/p>\n<p style=\"text-align: justify;\">Apesar da negocia\u00e7\u00e3o, a oposi\u00e7\u00e3o manteve voto contr\u00e1rio ao uso de royalties do Rioprevid\u00eancia e anunciou que buscar\u00e1 anular a proposta no Tribunal de Justi\u00e7a do Rio. Em plen\u00e1rio, o deputado Luiz Paulo (PSD) afirmou que o texto \u00e9 \u201cfr\u00e1gil\u201d e compromete a \u201charmonia e a personalidade da mat\u00e9ria\u201d, defendendo que o acordo feito foi apenas \u201co menor dos males\u201d poss\u00edveis.<\/p>\n<p style=\"text-align: justify;\">Parlamentares de esquerda, tamb\u00e9m, afirmaram que a posi\u00e7\u00e3o contr\u00e1ria \u00e9 uma defesa direta aos aposentados e pensionistas que dependem da manuten\u00e7\u00e3o do Rioprevid\u00eancia.<\/p>\n<p style=\"text-align: justify;\">\u201cN\u00f3s entendemos que o governo est\u00e1 com ser\u00edssimas crises de d\u00edvidas pol\u00edticas e econ\u00f4micas, mas n\u00f3s n\u00e3o podemos sacrificar o servidor p\u00fablico, que dedicou a sua vida toda para construir esse estado\u201d, explicou a deputada Marina do MST, l\u00edder do PT na Alerj.<\/p>\n<p style=\"text-align: justify;\">Medida busca aliviar as contas p\u00fablicas com verba da aposentadoria<\/p>\n<p style=\"text-align: justify;\">O governo argumenta que a medida vai reduzir o endividamento estadual e criar espa\u00e7o fiscal para manter servi\u00e7os p\u00fablicos. O texto prev\u00ea que a compensa\u00e7\u00e3o seja feita com base nos aportes do estado ao Rioprevid\u00eancia nos \u00faltimos dez anos, descontando os R$ 4,9 bilh\u00f5es j\u00e1 transferidos em 2024.<\/p>\n<p style=\"text-align: justify;\">De acordo com a Lei Or\u00e7ament\u00e1ria Anual de 2026, as despesas com o servi\u00e7o da d\u00edvida est\u00e3o estimadas em R$ 12,3 bilh\u00f5es, enquanto a arrecada\u00e7\u00e3o com royalties e participa\u00e7\u00f5es especiais deve chegar a R$ 21,5 bilh\u00f5es. Desse total, R$ 17,8 bilh\u00f5es est\u00e3o previstos para o Rioprevid\u00eancia, que ter\u00e1 R$ 31,1 bilh\u00f5es em despesas previdenci\u00e1rias no pr\u00f3ximo ano.<\/p>\n<p style=\"text-align: justify;\">Servidores protestam na porta da Alerj<\/p>\n<p style=\"text-align: justify;\">Durante a vota\u00e7\u00e3o, servidores p\u00fablicos protestaram em frente \u00e0 Alerj, criticando o uso dos recursos do Rioprevid\u00eancia e cobrando mais transpar\u00eancia sobre o impacto da medida. Mesmo com a press\u00e3o, a base do governo garantiu a aprova\u00e7\u00e3o do texto com ampla maioria.<\/p>\n","protected":false},"excerpt":{"rendered":"<p>O projeto que autoriza o estado a usar recursos de royalties e participa\u00e7\u00f5es especiais do petr\u00f3leo e do g\u00e1s, hoje&#8230;<\/p>\n","protected":false},"author":2,"featured_media":13000,"comment_status":"open","ping_status":"open","sticky":false,"template":"","format":"standard","meta":{"colormag_page_container_layout":"default_layout","colormag_page_sidebar_layout":"default_layout","jetpack_post_was_ever_published":false,"_jetpack_newsletter_access":"","_jetpack_dont_email_post_to_subs":false,"_jetpack_newsletter_tier_id":0,"_jetpack_memberships_contains_paywalled_content":false,"_jetpack_memberships_contains_paid_content":false,"footnotes":""},"categories":[2],"tags":[],"class_list":["post-14991","post","type-post","status-publish","format-standard","has-post-thumbnail","hentry","category-politica"],"jetpack_featured_media_url":"https:\/\/www.tribunanf.com.br\/blogdoralfereis\/wp-content\/uploads\/sites\/11\/2024\/05\/rioprevidencia_Easy-Resize.com_.jpg","jetpack_sharing_enabled":true,"_links":{"self":[{"href":"https:\/\/www.tribunanf.com.br\/blogdoralfereis\/wp-json\/wp\/v2\/posts\/14991","targetHints":{"allow":["GET"]}}],"collection":[{"href":"https:\/\/www.tribunanf.com.br\/blogdoralfereis\/wp-json\/wp\/v2\/posts"}],"about":[{"href":"https:\/\/www.tribunanf.com.br\/blogdoralfereis\/wp-json\/wp\/v2\/types\/post"}],"author":[{"embeddable":true,"href":"https:\/\/www.tribunanf.com.br\/blogdoralfereis\/wp-json\/wp\/v2\/users\/2"}],"replies":[{"embeddable":true,"href":"https:\/\/www.tribunanf.com.br\/blogdoralfereis\/wp-json\/wp\/v2\/comments?post=14991"}],"version-history":[{"count":1,"href":"https:\/\/www.tribunanf.com.br\/blogdoralfereis\/wp-json\/wp\/v2\/posts\/14991\/revisions"}],"predecessor-version":[{"id":14992,"href":"https:\/\/www.tribunanf.com.br\/blogdoralfereis\/wp-json\/wp\/v2\/posts\/14991\/revisions\/14992"}],"wp:featuredmedia":[{"embeddable":true,"href":"https:\/\/www.tribunanf.com.br\/blogdoralfereis\/wp-json\/wp\/v2\/media\/13000"}],"wp:attachment":[{"href":"https:\/\/www.tribunanf.com.br\/blogdoralfereis\/wp-json\/wp\/v2\/media?parent=14991"}],"wp:term":[{"taxonomy":"category","embeddable":true,"href":"https:\/\/www.tribunanf.com.br\/blogdoralfereis\/wp-json\/wp\/v2\/categories?post=14991"},{"taxonomy":"post_tag","embeddable":true,"href":"https:\/\/www.tribunanf.com.br\/blogdoralfereis\/wp-json\/wp\/v2\/tags?post=14991"}],"curies":[{"name":"wp","href":"https:\/\/api.w.org\/{rel}","templated":true}]}}