{"id":14988,"date":"2025-10-22T11:25:08","date_gmt":"2025-10-22T14:25:08","guid":{"rendered":"https:\/\/www.tribunanf.com.br\/blogdoralfereis\/?p=14988"},"modified":"2025-10-22T11:33:01","modified_gmt":"2025-10-22T14:33:01","slug":"pf-deflagra-operacao-veritate-no-rio-contra-grupo-que-divulgava-fake-news-contra-candidato-a-prefeito","status":"publish","type":"post","link":"https:\/\/www.tribunanf.com.br\/blogdoralfereis\/2025\/10\/22\/pf-deflagra-operacao-veritate-no-rio-contra-grupo-que-divulgava-fake-news-contra-candidato-a-prefeito\/","title":{"rendered":"PF deflagra Opera\u00e7\u00e3o Veritate no Rio contra grupo que divulgava fake news contra candidato a prefeito"},"content":{"rendered":"<p><img loading=\"lazy\" decoding=\"async\" class=\"aligncenter size-large wp-image-9192\" src=\"https:\/\/www.tribunanf.com.br\/blogdoralfereis\/wp-content\/uploads\/sites\/11\/2022\/04\/pf_Easy-Resize.com_-1024x768.jpg\" alt=\"\" width=\"800\" height=\"600\" srcset=\"https:\/\/www.tribunanf.com.br\/blogdoralfereis\/wp-content\/uploads\/sites\/11\/2022\/04\/pf_Easy-Resize.com_-1024x768.jpg 1024w, https:\/\/www.tribunanf.com.br\/blogdoralfereis\/wp-content\/uploads\/sites\/11\/2022\/04\/pf_Easy-Resize.com_-300x225.jpg 300w, https:\/\/www.tribunanf.com.br\/blogdoralfereis\/wp-content\/uploads\/sites\/11\/2022\/04\/pf_Easy-Resize.com_-768x576.jpg 768w, https:\/\/www.tribunanf.com.br\/blogdoralfereis\/wp-content\/uploads\/sites\/11\/2022\/04\/pf_Easy-Resize.com_.jpg 1280w\" sizes=\"auto, (max-width: 800px) 100vw, 800px\" \/><\/p>\n<p style=\"text-align: justify;\">Na manh\u00e3 desta quarta-feira, 22\/10, a Pol\u00edcia Federal deflagrou a Opera\u00e7\u00e3o Veritate com o objetivo de reprimir as pr\u00e1ticas de uma associa\u00e7\u00e3o criminosa respons\u00e1vel por difamar e disseminar informa\u00e7\u00f5es falsas contra um candidato \u00e0 prefeitura de Angra dos Reis.<\/p>\n<p style=\"text-align: justify;\">Na a\u00e7\u00e3o de hoje, policiais federais cumprem cinco mandados de busca e apreens\u00e3o \u2013 quatro no Centro de Angra dos Reis e um no bairro de Copacabana, na cidade do Rio de Janeiro. As medidas judiciais foram expedidas pelo Ju\u00edzo das Garantias da Justi\u00e7a Eleitoral do Estado do Rio de Janeiro.<\/p>\n<p style=\"text-align: justify;\">Durante as buscas, os policiais apreenderam os celulares dos investigados e documentos, que ser\u00e3o submetidos \u00e0 per\u00edcia t\u00e9cnica criminal para continuidade das investiga\u00e7\u00f5es.<\/p>\n<p style=\"text-align: justify;\">O trabalho investigativo teve in\u00edcio ap\u00f3s a Pol\u00edcia Federal prender em flagrante um homem que produzia e divulgava v\u00eddeos com conte\u00fado falso contra um dos candidatos \u00e0 prefeitura de Angra dos Reis em 2024, exigindo pagamento em dinheiro para cessar as publica\u00e7\u00f5es. A partir dessa a\u00e7\u00e3o, as apura\u00e7\u00f5es avan\u00e7aram e revelaram ind\u00edcios da atua\u00e7\u00e3o de outros suspeitos na dissemina\u00e7\u00e3o coordenada de informa\u00e7\u00f5es eleitorais falsas.<\/p>\n<p style=\"text-align: justify;\">Os investigados poder\u00e3o responder pela pr\u00e1tica dos crimes de associa\u00e7\u00e3o criminosa, divulga\u00e7\u00e3o de informa\u00e7\u00f5es eleitorais falsas e difama\u00e7\u00e3o eleitoral.<\/p>\n<p style=\"text-align: justify;\"><em>Comunica\u00e7\u00e3o Social da Pol\u00edcia Federal no Rio de Janeiro*<\/em><\/p>\n","protected":false},"excerpt":{"rendered":"<p>Na manh\u00e3 desta quarta-feira, 22\/10, a Pol\u00edcia Federal deflagrou a Opera\u00e7\u00e3o Veritate com o objetivo de reprimir as pr\u00e1ticas de&#8230;<\/p>\n","protected":false},"author":2,"featured_media":9192,"comment_status":"open","ping_status":"open","sticky":false,"template":"","format":"standard","meta":{"colormag_page_container_layout":"default_layout","colormag_page_sidebar_layout":"default_layout","jetpack_post_was_ever_published":false,"_jetpack_newsletter_access":"","_jetpack_dont_email_post_to_subs":false,"_jetpack_newsletter_tier_id":0,"_jetpack_memberships_contains_paywalled_content":false,"_jetpack_memberships_contains_paid_content":false,"footnotes":""},"categories":[2],"tags":[],"class_list":["post-14988","post","type-post","status-publish","format-standard","has-post-thumbnail","hentry","category-politica"],"jetpack_featured_media_url":"https:\/\/www.tribunanf.com.br\/blogdoralfereis\/wp-content\/uploads\/sites\/11\/2022\/04\/pf_Easy-Resize.com_.jpg","jetpack_sharing_enabled":true,"_links":{"self":[{"href":"https:\/\/www.tribunanf.com.br\/blogdoralfereis\/wp-json\/wp\/v2\/posts\/14988","targetHints":{"allow":["GET"]}}],"collection":[{"href":"https:\/\/www.tribunanf.com.br\/blogdoralfereis\/wp-json\/wp\/v2\/posts"}],"about":[{"href":"https:\/\/www.tribunanf.com.br\/blogdoralfereis\/wp-json\/wp\/v2\/types\/post"}],"author":[{"embeddable":true,"href":"https:\/\/www.tribunanf.com.br\/blogdoralfereis\/wp-json\/wp\/v2\/users\/2"}],"replies":[{"embeddable":true,"href":"https:\/\/www.tribunanf.com.br\/blogdoralfereis\/wp-json\/wp\/v2\/comments?post=14988"}],"version-history":[{"count":2,"href":"https:\/\/www.tribunanf.com.br\/blogdoralfereis\/wp-json\/wp\/v2\/posts\/14988\/revisions"}],"predecessor-version":[{"id":14990,"href":"https:\/\/www.tribunanf.com.br\/blogdoralfereis\/wp-json\/wp\/v2\/posts\/14988\/revisions\/14990"}],"wp:featuredmedia":[{"embeddable":true,"href":"https:\/\/www.tribunanf.com.br\/blogdoralfereis\/wp-json\/wp\/v2\/media\/9192"}],"wp:attachment":[{"href":"https:\/\/www.tribunanf.com.br\/blogdoralfereis\/wp-json\/wp\/v2\/media?parent=14988"}],"wp:term":[{"taxonomy":"category","embeddable":true,"href":"https:\/\/www.tribunanf.com.br\/blogdoralfereis\/wp-json\/wp\/v2\/categories?post=14988"},{"taxonomy":"post_tag","embeddable":true,"href":"https:\/\/www.tribunanf.com.br\/blogdoralfereis\/wp-json\/wp\/v2\/tags?post=14988"}],"curies":[{"name":"wp","href":"https:\/\/api.w.org\/{rel}","templated":true}]}}