{"id":14985,"date":"2025-10-21T19:21:37","date_gmt":"2025-10-21T22:21:37","guid":{"rendered":"https:\/\/www.tribunanf.com.br\/blogdoralfereis\/?p=14985"},"modified":"2025-10-21T19:21:37","modified_gmt":"2025-10-21T22:21:37","slug":"tre-rj-cria-grupo-de-elite-contra-crimes-ciberneticos-e-mapeamento-de-secoes-sob-influencia-do-crime-organizado","status":"publish","type":"post","link":"https:\/\/www.tribunanf.com.br\/blogdoralfereis\/2025\/10\/21\/tre-rj-cria-grupo-de-elite-contra-crimes-ciberneticos-e-mapeamento-de-secoes-sob-influencia-do-crime-organizado\/","title":{"rendered":"TRE-RJ cria grupo de elite contra crimes cibern\u00e9ticos e mapeamento de se\u00e7\u00f5es sob influ\u00eancia do crime organizado"},"content":{"rendered":"<p><img loading=\"lazy\" decoding=\"async\" class=\"aligncenter size-large wp-image-14986\" src=\"https:\/\/www.tribunanf.com.br\/blogdoralfereis\/wp-content\/uploads\/sites\/11\/2025\/10\/381686b5-7e83-4645-bfd1-418c8eaa1859_Easy-Resize.com_-1024x495.jpg\" alt=\"\" width=\"800\" height=\"387\" srcset=\"https:\/\/www.tribunanf.com.br\/blogdoralfereis\/wp-content\/uploads\/sites\/11\/2025\/10\/381686b5-7e83-4645-bfd1-418c8eaa1859_Easy-Resize.com_-1024x495.jpg 1024w, https:\/\/www.tribunanf.com.br\/blogdoralfereis\/wp-content\/uploads\/sites\/11\/2025\/10\/381686b5-7e83-4645-bfd1-418c8eaa1859_Easy-Resize.com_-300x145.jpg 300w, https:\/\/www.tribunanf.com.br\/blogdoralfereis\/wp-content\/uploads\/sites\/11\/2025\/10\/381686b5-7e83-4645-bfd1-418c8eaa1859_Easy-Resize.com_-768x371.jpg 768w, https:\/\/www.tribunanf.com.br\/blogdoralfereis\/wp-content\/uploads\/sites\/11\/2025\/10\/381686b5-7e83-4645-bfd1-418c8eaa1859_Easy-Resize.com_.jpg 1280w\" sizes=\"auto, (max-width: 800px) 100vw, 800px\" \/><\/p>\n<p style=\"text-align: justify;\">O Tribunal Regional Eleitoral do Rio de Janeiro (TRE-RJ) participou nesta segunda-feira (20), no audit\u00f3rio Desembargador Ant\u00f4nio Carlos Amorim do Tribunal de Justi\u00e7a do Rio de Janeiro (TJRJ), do painel &#8220;Organiza\u00e7\u00f5es Criminosas e Elei\u00e7\u00f5es&#8221;, que debateu quest\u00f5es processuais envolvendo a interfer\u00eancia do crime organizado no processo eleitoral fluminense.<\/p>\n<p style=\"text-align: justify;\">O evento, que reuniu autoridades da Justi\u00e7a Eleitoral, do Minist\u00e9rio P\u00fablico e das for\u00e7as de Seguran\u00e7a P\u00fablica, foi promovido pelo F\u00f3rum Permanente de Direito Eleitoral e Pol\u00edtico Desembargador Ant\u00f4nio Jayme Boente, da Escola da Magistratura do Estado do Rio de Janeiro (Emerj), em parceria com a Escola Judici\u00e1ria Eleitoral Desembargador Roberto Felinto (EJE do TRE-RJ) e o F\u00f3rum Permanente de Seguran\u00e7a P\u00fablica e Execu\u00e7\u00e3o Penal da Emerj.<\/p>\n<p style=\"text-align: justify;\">Durante o encontro, o vice-presidente e corregedor regional eleitoral, desembargador Claudio de Mello Tavares, anunciou medidas para enfrentamento \u00e0 criminalidade nas elei\u00e7\u00f5es.<\/p>\n<p style=\"text-align: justify;\">ARTICULA\u00c7\u00c3O INTERINSTITUCIONAL SEM PRECEDENTES<\/p>\n<p style=\"text-align: justify;\">Em sua fala, o desembargador Claudio de Mello Tavares classificou a infiltra\u00e7\u00e3o do crime organizado nas elei\u00e7\u00f5es como &#8220;uma das mais graves e insidiosas amea\u00e7as \u00e0 funda\u00e7\u00e3o da nossa Rep\u00fablica&#8221; e anunciou a forma\u00e7\u00e3o de uma articula\u00e7\u00e3o in\u00e9dita entre as institui\u00e7\u00f5es de seguran\u00e7a e Justi\u00e7a do estado.<\/p>\n<p style=\"text-align: justify;\">&#8220;Unimos o que h\u00e1 de melhor em nossas institui\u00e7\u00f5es de intelig\u00eancia e seguran\u00e7a. Pol\u00edcia Federal, Pol\u00edcia Civil, Pol\u00edcia Militar, Minist\u00e9rio P\u00fablico Federal e Minist\u00e9rio P\u00fablico do Rio de Janeiro, lado a lado com a Justi\u00e7a Eleitoral. N\u00e3o estamos mais em silos. Somos uma frente unida&#8221;, afirmou o corregedor.<\/p>\n<p style=\"text-align: justify;\">Segundo Cl\u00e1udio Mello, o objetivo da for\u00e7a-tarefa \u00e9 mapear, identificar e impedir qualquer candidatura que tenha v\u00ednculos com o tr\u00e1fico de drogas ou mil\u00edcias. &#8220;Estamos agindo antes, durante e agiremos depois, de modo implac\u00e1vel&#8221;, declarou.<\/p>\n<p style=\"text-align: justify;\">COMBATE AOS CRIMES CIBERN\u00c9TICOS<\/p>\n<p style=\"text-align: justify;\">Entre as medidas anunciadas est\u00e1 a cria\u00e7\u00e3o de um grupo de elite dedicado ao combate de crimes cibern\u00e9ticos, fake news e deep fakes no contexto eleitoral. &#8220;A guerra pela verdade \u00e9 travada no mundo digital. N\u00e3o permitiremos que a mentira digital envenene a vontade popular&#8221;, destacou o desembargador.<\/p>\n<p style=\"text-align: justify;\">O corregedor tamb\u00e9m informou que ser\u00e1 realizado um mapeamento detalhado de todas as se\u00e7\u00f5es eleitorais que possam sofrer interfer\u00eancia externa. Onde houver risco de coa\u00e7\u00e3o ou presen\u00e7a do crime organizado, medidas ser\u00e3o tomadas, incluindo a altera\u00e7\u00e3o de locais de vota\u00e7\u00e3o.<\/p>\n<p style=\"text-align: justify;\">&#8220;Onde a presen\u00e7a do crime for uma amea\u00e7a, n\u00f3s agiremos. Alteraremos locais de vota\u00e7\u00e3o, construiremos fortalezas de cidadania e garantiremos que cada eleitor possa exercer seu direito com a paz e a liberdade que a Constitui\u00e7\u00e3o Federal lhes assegura&#8221;, afirmou Claudio de Mello Tavares.<\/p>\n<p style=\"text-align: justify;\">RIGOR LEGAL<\/p>\n<p style=\"text-align: justify;\">O presidente do TRE-RJ, desembargador Peterson Barroso Sim\u00e3o, refor\u00e7ou o compromisso da Justi\u00e7a Eleitoral com a lisura do processo democr\u00e1tico. &#8220;Aqueles que transgredirem as normas certamente ter\u00e3o um encontro marcado com a Justi\u00e7a Eleitoral&#8221;, garantiu.<\/p>\n<p style=\"text-align: justify;\">O desembargador Claudio de Mello Tavares encerrou sua fala com uma mensagem contundente: &#8220;O poder do crime n\u00e3o subsistir\u00e1 ao poder do voto no Rio de Janeiro. A democracia n\u00e3o est\u00e1 \u00e0 venda, a soberania do povo n\u00e3o ser\u00e1 leiloada&#8221;.<\/p>\n<p style=\"text-align: justify;\">PAINEL DE DEBATES<\/p>\n<p style=\"text-align: justify;\">O evento contou com a participa\u00e7\u00e3o de autoridades como o presidente do TJRJ, desembargador Ricardo Couto de Castro; a segunda vice-presidente do TJRJ, desembargadora Maria Ang\u00e9lica Guedes; o corregedor-geral do TJRJ, desembargador Claudio Brand\u00e3o de Oliveira; e o procurador-geral de Justi\u00e7a, Antonio Jos\u00e9 Campos Moreira.<\/p>\n<p style=\"text-align: justify;\">O painel intitulado &#8220;Organiza\u00e7\u00f5es Criminosas e Elei\u00e7\u00f5es: Quest\u00f5es Processuais&#8221;, foi presidido pelo desembargador Fernando Cerqueira Chagas, presidente do F\u00f3rum Permanente de Direito Eleitoral e Pol\u00edtico, com media\u00e7\u00e3o da ju\u00edza Ana Paula Monte Figueiredo Pena Barros.<\/p>\n<p style=\"text-align: justify;\">Participaram do debate o coordenador do Grupo de Atua\u00e7\u00e3o Especializada em Seguran\u00e7a P\u00fablica do Minist\u00e9rio P\u00fablico do Estado do Rio de Janeiro (GAESP\/MPRJ), promotor Fabio Corr\u00eaa de Matos Souza; o promotor Bruno Gaspar de Oliveira Correa; o desembargador Luiz M\u00e1rcio Victor Alves Pereira; e a subprocuradora-geral da Rep\u00fablica Silvana Batini.<\/p>\n<p style=\"text-align: justify;\">Fonte: Ascom TRE-RJ<\/p>\n","protected":false},"excerpt":{"rendered":"<p>O Tribunal Regional Eleitoral do Rio de Janeiro (TRE-RJ) participou nesta segunda-feira (20), no audit\u00f3rio Desembargador Ant\u00f4nio Carlos Amorim do&#8230;<\/p>\n","protected":false},"author":2,"featured_media":14986,"comment_status":"open","ping_status":"open","sticky":false,"template":"","format":"standard","meta":{"colormag_page_container_layout":"default_layout","colormag_page_sidebar_layout":"default_layout","jetpack_post_was_ever_published":false,"_jetpack_newsletter_access":"","_jetpack_dont_email_post_to_subs":false,"_jetpack_newsletter_tier_id":0,"_jetpack_memberships_contains_paywalled_content":false,"_jetpack_memberships_contains_paid_content":false,"footnotes":""},"categories":[2],"tags":[],"class_list":["post-14985","post","type-post","status-publish","format-standard","has-post-thumbnail","hentry","category-politica"],"jetpack_featured_media_url":"https:\/\/www.tribunanf.com.br\/blogdoralfereis\/wp-content\/uploads\/sites\/11\/2025\/10\/381686b5-7e83-4645-bfd1-418c8eaa1859_Easy-Resize.com_.jpg","jetpack_sharing_enabled":true,"_links":{"self":[{"href":"https:\/\/www.tribunanf.com.br\/blogdoralfereis\/wp-json\/wp\/v2\/posts\/14985","targetHints":{"allow":["GET"]}}],"collection":[{"href":"https:\/\/www.tribunanf.com.br\/blogdoralfereis\/wp-json\/wp\/v2\/posts"}],"about":[{"href":"https:\/\/www.tribunanf.com.br\/blogdoralfereis\/wp-json\/wp\/v2\/types\/post"}],"author":[{"embeddable":true,"href":"https:\/\/www.tribunanf.com.br\/blogdoralfereis\/wp-json\/wp\/v2\/users\/2"}],"replies":[{"embeddable":true,"href":"https:\/\/www.tribunanf.com.br\/blogdoralfereis\/wp-json\/wp\/v2\/comments?post=14985"}],"version-history":[{"count":1,"href":"https:\/\/www.tribunanf.com.br\/blogdoralfereis\/wp-json\/wp\/v2\/posts\/14985\/revisions"}],"predecessor-version":[{"id":14987,"href":"https:\/\/www.tribunanf.com.br\/blogdoralfereis\/wp-json\/wp\/v2\/posts\/14985\/revisions\/14987"}],"wp:featuredmedia":[{"embeddable":true,"href":"https:\/\/www.tribunanf.com.br\/blogdoralfereis\/wp-json\/wp\/v2\/media\/14986"}],"wp:attachment":[{"href":"https:\/\/www.tribunanf.com.br\/blogdoralfereis\/wp-json\/wp\/v2\/media?parent=14985"}],"wp:term":[{"taxonomy":"category","embeddable":true,"href":"https:\/\/www.tribunanf.com.br\/blogdoralfereis\/wp-json\/wp\/v2\/categories?post=14985"},{"taxonomy":"post_tag","embeddable":true,"href":"https:\/\/www.tribunanf.com.br\/blogdoralfereis\/wp-json\/wp\/v2\/tags?post=14985"}],"curies":[{"name":"wp","href":"https:\/\/api.w.org\/{rel}","templated":true}]}}