{"id":14980,"date":"2025-10-19T14:32:09","date_gmt":"2025-10-19T17:32:09","guid":{"rendered":"https:\/\/www.tribunanf.com.br\/blogdoralfereis\/?p=14980"},"modified":"2025-10-19T14:32:09","modified_gmt":"2025-10-19T17:32:09","slug":"eleitor-em-dia-titulo-cancelado-pode-ser-regularizado-sem-sair-de-casa-veja-como-regularizar","status":"publish","type":"post","link":"https:\/\/www.tribunanf.com.br\/blogdoralfereis\/2025\/10\/19\/eleitor-em-dia-titulo-cancelado-pode-ser-regularizado-sem-sair-de-casa-veja-como-regularizar\/","title":{"rendered":"Eleitor em Dia: t\u00edtulo cancelado pode ser regularizado sem sair de casa. Veja como regularizar"},"content":{"rendered":"<p><img loading=\"lazy\" decoding=\"async\" class=\"aligncenter size-full wp-image-3596\" src=\"https:\/\/www.tribunanf.com.br\/blogdoralfereis\/wp-content\/uploads\/sites\/11\/2020\/03\/urna-eletronica.jpg\" alt=\"\" width=\"940\" height=\"520\" srcset=\"https:\/\/www.tribunanf.com.br\/blogdoralfereis\/wp-content\/uploads\/sites\/11\/2020\/03\/urna-eletronica.jpg 940w, https:\/\/www.tribunanf.com.br\/blogdoralfereis\/wp-content\/uploads\/sites\/11\/2020\/03\/urna-eletronica-300x166.jpg 300w, https:\/\/www.tribunanf.com.br\/blogdoralfereis\/wp-content\/uploads\/sites\/11\/2020\/03\/urna-eletronica-768x425.jpg 768w\" sizes=\"auto, (max-width: 940px) 100vw, 940px\" \/><\/p>\n<p style=\"text-align: justify;\">Eleitoras e eleitores ausentes \u00e0s\u00a0\u00faltimas tr\u00eas elei\u00e7\u00f5es podem regularizar a situa\u00e7\u00e3o eleitoral com tranquilidade pela internet. Fazer a regulariza\u00e7\u00e3o do t\u00edtulo de eleitor \u00e9 pr\u00e1tico e seguro, por meio do sistema de\u202f<a href=\"https:\/\/www.tse.jus.br\/servicos-eleitorais\/autoatendimento-eleitoral#\/atendimento-eleitor\" target=\"_blank\" rel=\"noopener\">Autoatendimento Eleitoral<\/a>, acess\u00edvel tanto no site do Tribunal Superior Eleitoral (TSE) quanto\u00a0nas p\u00e1ginas dos tribunais regionais eleitorais (TREs), com redirecionamento unificado ao Portal do TSE. O atendimento tamb\u00e9m pode ser feito presencialmente nos cart\u00f3rios eleitorais.<\/p>\n<p style=\"text-align: justify;\">A Justi\u00e7a Eleitoral refor\u00e7a a import\u00e2ncia de o eleitor manter a situa\u00e7\u00e3o eleitoral em dia para, al\u00e9m de\u00a0poder votar\u00a0nas pr\u00f3ximas elei\u00e7\u00f5es,\u00a0poder assumir cargos p\u00fablicos, renovar documentos e obter passaporte, entre outros.<\/p>\n<p id=\"titulo-0\" style=\"text-align: justify;\">Pela internet<\/p>\n<p style=\"text-align: justify;\">A consulta \u00e0 situa\u00e7\u00e3o do t\u00edtulo pode ser feita no\u00a0<a href=\"https:\/\/www.tse.jus.br\/servicos-eleitorais\/autoatendimento-eleitoral#\/atendimento-eleitor\" target=\"_blank\" rel=\"noopener\">Autoatendimento Eleitoral.<\/a>\u00a0Para isso, \u00e9 necess\u00e1rio informar o n\u00famero do CPF ou do t\u00edtulo. O eleitor poder\u00e1 verificar se seu documento est\u00e1 regular, cancelado ou suspenso e, assim, dar in\u00edcio \u00e0 regulariza\u00e7\u00e3o, se necess\u00e1rio.<\/p>\n<p style=\"text-align: justify;\">Confira o passo a passo para requerer a regulariza\u00e7\u00e3o pela internet:<\/p>\n<ul style=\"text-align: justify;\">\n<li>Acesse o\u00a0<a href=\"https:\/\/www.tse.jus.br\/servicos-eleitorais\/autoatendimento-eleitoral#\/\" target=\"_blank\" rel=\"noopener\">Autoatendimento Eleitoral<\/a>, no Portal do TSE.<\/li>\n<li>Clique em \u201cT\u00edtulo Eleitoral\u201d.<\/li>\n<li>V\u00e1 at\u00e9 a op\u00e7\u00e3o \u201cRegularize seu t\u00edtulo eleitoral cancelado\u201d.<\/li>\n<li>Preencha o formul\u00e1rio e envie os documentos solicitados.<\/li>\n<li>Pague as multas.<\/li>\n<li>Anote o n\u00famero do protocolo e acompanhe o andamento do pedido tamb\u00e9m pelo Autoatendimento Eleitoral, na op\u00e7\u00e3o \u201cAcompanhe uma solicita\u00e7\u00e3o\u201d.<\/li>\n<\/ul>\n<p style=\"text-align: justify;\">Caso o eleitor ainda n\u00e3o tenha dados biom\u00e9tricos cadastrados, o sistema informar\u00e1 a necessidade de comparecer ao cart\u00f3rio eleitoral em at\u00e9 30 dias ap\u00f3s o pedido para realizar a coleta. Se a biometria j\u00e1 estiver registrada e v\u00e1lida, o processo pode ser conclu\u00eddo integralmente pela internet.<\/p>\n<p style=\"text-align: justify;\">Conforme a\u202f<a href=\"https:\/\/www.tse.jus.br\/legislacao\/compilada\/res\/2024\/resolucao-no-23-737-de-27-de-fevereiro-de-2024\" target=\"_blank\" rel=\"noopener\">Resolu\u00e7\u00e3o TSE n\u00ba 23.737\/2024<\/a>, ser\u00e1 exigida nova coleta biom\u00e9trica nos casos em que os dados tenham sido capturados h\u00e1 mais de dez anos e n\u00e3o tenham sido utilizados para validar a identidade do eleitor no mesmo intervalo.<\/p>\n<p style=\"text-align: justify;\">Eleitora ou eleitor menor de 18 anos, maior de 70 anos ou analfabeto tem o exerc\u00edcio do voto facultativo. Mesmo se n\u00e3o votar, estar\u00e1 quite com a Justi\u00e7a Eleitoral. Esses eleitores n\u00e3o dever\u00e3o ser identificados nas rela\u00e7\u00f5es de faltosos.<\/p>\n<p id=\"titulo-1\" style=\"text-align: justify;\">Cancelamentos<\/p>\n<p style=\"text-align: justify;\">De 30 de maio a 2 de junho de 2025, a Justi\u00e7a Eleitoral cancelou 5 milh\u00f5es de t\u00edtulos de eleitor em todo o pa\u00eds por aus\u00eancia n\u00e3o justificada em tr\u00eas elei\u00e7\u00f5es consecutivas \u2014 incluindo cada turno e as elei\u00e7\u00f5es suplementares.\u00a0O n\u00famero representa cerca de 3,17% do total de eleitoras e eleitores brasileiros aptos naquele per\u00edodo.<\/p>\n<p style=\"text-align: justify;\">Os cancelamentos atingiram eleitores que n\u00e3o votaram, n\u00e3o justificaram a aus\u00eancia nem regularizaram a situa\u00e7\u00e3o por meio do pagamento de multa no prazo legal, que venceu no dia 19 de maio. Ao todo, foram identificados 5.308.871 eleitores faltosos, dos quais 223.211 (4,2%) acertaram a situa\u00e7\u00e3o dentro do prazo.<\/p>\n<p style=\"text-align: justify;\"><em>Fonte:TSE<\/em><\/p>\n","protected":false},"excerpt":{"rendered":"<p>Eleitoras e eleitores ausentes \u00e0s\u00a0\u00faltimas tr\u00eas elei\u00e7\u00f5es podem regularizar a situa\u00e7\u00e3o eleitoral com tranquilidade pela internet. Fazer a regulariza\u00e7\u00e3o do&#8230;<\/p>\n","protected":false},"author":2,"featured_media":3596,"comment_status":"open","ping_status":"open","sticky":false,"template":"","format":"standard","meta":{"colormag_page_container_layout":"default_layout","colormag_page_sidebar_layout":"default_layout","jetpack_post_was_ever_published":false,"_jetpack_newsletter_access":"","_jetpack_dont_email_post_to_subs":false,"_jetpack_newsletter_tier_id":0,"_jetpack_memberships_contains_paywalled_content":false,"_jetpack_memberships_contains_paid_content":false,"footnotes":""},"categories":[2],"tags":[],"class_list":["post-14980","post","type-post","status-publish","format-standard","has-post-thumbnail","hentry","category-politica"],"jetpack_featured_media_url":"https:\/\/www.tribunanf.com.br\/blogdoralfereis\/wp-content\/uploads\/sites\/11\/2020\/03\/urna-eletronica.jpg","jetpack_sharing_enabled":true,"_links":{"self":[{"href":"https:\/\/www.tribunanf.com.br\/blogdoralfereis\/wp-json\/wp\/v2\/posts\/14980","targetHints":{"allow":["GET"]}}],"collection":[{"href":"https:\/\/www.tribunanf.com.br\/blogdoralfereis\/wp-json\/wp\/v2\/posts"}],"about":[{"href":"https:\/\/www.tribunanf.com.br\/blogdoralfereis\/wp-json\/wp\/v2\/types\/post"}],"author":[{"embeddable":true,"href":"https:\/\/www.tribunanf.com.br\/blogdoralfereis\/wp-json\/wp\/v2\/users\/2"}],"replies":[{"embeddable":true,"href":"https:\/\/www.tribunanf.com.br\/blogdoralfereis\/wp-json\/wp\/v2\/comments?post=14980"}],"version-history":[{"count":1,"href":"https:\/\/www.tribunanf.com.br\/blogdoralfereis\/wp-json\/wp\/v2\/posts\/14980\/revisions"}],"predecessor-version":[{"id":14981,"href":"https:\/\/www.tribunanf.com.br\/blogdoralfereis\/wp-json\/wp\/v2\/posts\/14980\/revisions\/14981"}],"wp:featuredmedia":[{"embeddable":true,"href":"https:\/\/www.tribunanf.com.br\/blogdoralfereis\/wp-json\/wp\/v2\/media\/3596"}],"wp:attachment":[{"href":"https:\/\/www.tribunanf.com.br\/blogdoralfereis\/wp-json\/wp\/v2\/media?parent=14980"}],"wp:term":[{"taxonomy":"category","embeddable":true,"href":"https:\/\/www.tribunanf.com.br\/blogdoralfereis\/wp-json\/wp\/v2\/categories?post=14980"},{"taxonomy":"post_tag","embeddable":true,"href":"https:\/\/www.tribunanf.com.br\/blogdoralfereis\/wp-json\/wp\/v2\/tags?post=14980"}],"curies":[{"name":"wp","href":"https:\/\/api.w.org\/{rel}","templated":true}]}}