{"id":14944,"date":"2025-10-09T16:52:31","date_gmt":"2025-10-09T19:52:31","guid":{"rendered":"https:\/\/www.tribunanf.com.br\/blogdoralfereis\/?p=14944"},"modified":"2025-10-09T16:52:31","modified_gmt":"2025-10-09T19:52:31","slug":"exclusivo-tce-rj-suspende-licitacao-de-r-55-milhoes-da-prefeitura-de-macae-para-contratacao-de-empresa-de-projetos-de-engenharia-e-arquitetura","status":"publish","type":"post","link":"https:\/\/www.tribunanf.com.br\/blogdoralfereis\/2025\/10\/09\/exclusivo-tce-rj-suspende-licitacao-de-r-55-milhoes-da-prefeitura-de-macae-para-contratacao-de-empresa-de-projetos-de-engenharia-e-arquitetura\/","title":{"rendered":"Exclusivo: TCE-RJ suspende licita\u00e7\u00e3o de R$ 55 milh\u00f5es da Prefeitura de Maca\u00e9 para contrata\u00e7\u00e3o de empresa de projetos de engenharia e arquitetura"},"content":{"rendered":"<p><img loading=\"lazy\" decoding=\"async\" class=\"aligncenter size-large wp-image-12911\" src=\"https:\/\/www.tribunanf.com.br\/blogdoralfereis\/wp-content\/uploads\/sites\/11\/2024\/04\/prefeitura-de-macae_Easy-Resize.com_-1024x683.jpg\" alt=\"\" width=\"800\" height=\"534\" srcset=\"https:\/\/www.tribunanf.com.br\/blogdoralfereis\/wp-content\/uploads\/sites\/11\/2024\/04\/prefeitura-de-macae_Easy-Resize.com_-1024x683.jpg 1024w, https:\/\/www.tribunanf.com.br\/blogdoralfereis\/wp-content\/uploads\/sites\/11\/2024\/04\/prefeitura-de-macae_Easy-Resize.com_-300x200.jpg 300w, https:\/\/www.tribunanf.com.br\/blogdoralfereis\/wp-content\/uploads\/sites\/11\/2024\/04\/prefeitura-de-macae_Easy-Resize.com_-768x512.jpg 768w, https:\/\/www.tribunanf.com.br\/blogdoralfereis\/wp-content\/uploads\/sites\/11\/2024\/04\/prefeitura-de-macae_Easy-Resize.com_.jpg 1280w\" sizes=\"auto, (max-width: 800px) 100vw, 800px\" \/><\/p>\n<p style=\"text-align: justify;\">O Tribunal de Contas do Estado do Rio de Janeiro suspendeu, nesta quinta-feira (9), uma licita\u00e7\u00e3o para contrata\u00e7\u00e3o de empresa especializada em engenharia consultiva para a presta\u00e7\u00e3o de servi\u00e7os de coordena\u00e7\u00e3o, apoio t\u00e9cnico, elabora\u00e7\u00e3o de projetos de engenharia e arquitetura e apoio \u00e0 fiscaliza\u00e7\u00e3o e supervis\u00e3o de obras\u201d, pelo valor estimado de <strong>R$ 55.529.752,68<\/strong> (cinquenta e cinco milh\u00f5es quinhentos e vinte e nove mil setecentos e cinquenta e dois reais e sessenta e oito centavos).<\/p>\n<p style=\"text-align: justify;\">A decis\u00e3o \u00e9 do Conselheiro Christiano Lacerda Ghurren.<\/p>\n<p style=\"text-align: justify;\">A Representa\u00e7\u00e3o alega afronta \u00e0 Lei 14.133\/2021 pelos termos do Edital da Concorr\u00eancia Eletr\u00f4nica n\u00ba 013\/2025 (Processo Administrativo n\u00ba 75.330\/2025), em raz\u00e3o das seguintes irregularidades supostamente ocorridas:<\/p>\n<p style=\"text-align: justify;\">&#8220;Atribui\u00e7\u00e3o de pontua\u00e7\u00e3o diferenciada para empresas que comprovem experi\u00eancia em sustentabilidade ambiental e em audi\u00eancias p\u00fablicas; Exig\u00eancia de 15 a 20 anos de forma\u00e7\u00e3o acad\u00eamica para arquitetos e engenheiros vinculados \u00e0s licitantes; Exig\u00eancia de comprova\u00e7\u00e3o de experi\u00eancia em gerenciamento de projetos de acordo com a metodologia do Guia PMBOK \u2013 6\u00aa edi\u00e7\u00e3o; e Composi\u00e7\u00e3o do BDI com al\u00edquota de ISS em desconformidade com a legisla\u00e7\u00e3o municipal.&#8221;.<\/p>\n<p style=\"text-align: justify;\">E sua decis\u00e3o, o Conselheiro verificou a exist\u00eancia de exig\u00eancia que extrapolam a Lei n\u00ba 14.133\/2021.<\/p>\n<p style=\"text-align: justify;\">&#8220;&#8230;considerando que as irregularidades apontadas nesta Representa\u00e7\u00e3o, referentes \u00e0 exig\u00eancia de qualifica\u00e7\u00f5es t\u00e9cnicas sem a demonstra\u00e7\u00e3o de sua imprescindibilidade para a adequada execu\u00e7\u00e3o do objeto licitado, violam diretamente dispositivos legais expressos e princ\u00edpios constitucionais da Administra\u00e7\u00e3o P\u00fablica, como legalidade, isonomia e competitividade, entendo estar presente o fumus boni iuris, essencial \u00e0 concess\u00e3o da cautelar requerida, bem como o periculum in mora, <strong>motivo pelo qual reputo necess\u00e1ria, com fundamento no poder geral de cautela, a concess\u00e3o da tutela provis\u00f3ria a fim de que seja suspensa a Concorr\u00eancia Eletr\u00f4nica n\u00ba 013\/2025, at\u00e9 o julgamento de m\u00e9rito da presente Representa\u00e7\u00e3o<\/strong>.&#8221;, decidiu Ghuerren.<\/p>\n","protected":false},"excerpt":{"rendered":"<p>O Tribunal de Contas do Estado do Rio de Janeiro suspendeu, nesta quinta-feira (9), uma licita\u00e7\u00e3o para contrata\u00e7\u00e3o de empresa&#8230;<\/p>\n","protected":false},"author":2,"featured_media":12911,"comment_status":"open","ping_status":"open","sticky":false,"template":"","format":"standard","meta":{"colormag_page_container_layout":"default_layout","colormag_page_sidebar_layout":"default_layout","jetpack_post_was_ever_published":false,"_jetpack_newsletter_access":"","_jetpack_dont_email_post_to_subs":false,"_jetpack_newsletter_tier_id":0,"_jetpack_memberships_contains_paywalled_content":false,"_jetpack_memberships_contains_paid_content":false,"footnotes":""},"categories":[2],"tags":[],"class_list":["post-14944","post","type-post","status-publish","format-standard","has-post-thumbnail","hentry","category-politica"],"jetpack_featured_media_url":"https:\/\/www.tribunanf.com.br\/blogdoralfereis\/wp-content\/uploads\/sites\/11\/2024\/04\/prefeitura-de-macae_Easy-Resize.com_.jpg","jetpack_sharing_enabled":true,"_links":{"self":[{"href":"https:\/\/www.tribunanf.com.br\/blogdoralfereis\/wp-json\/wp\/v2\/posts\/14944","targetHints":{"allow":["GET"]}}],"collection":[{"href":"https:\/\/www.tribunanf.com.br\/blogdoralfereis\/wp-json\/wp\/v2\/posts"}],"about":[{"href":"https:\/\/www.tribunanf.com.br\/blogdoralfereis\/wp-json\/wp\/v2\/types\/post"}],"author":[{"embeddable":true,"href":"https:\/\/www.tribunanf.com.br\/blogdoralfereis\/wp-json\/wp\/v2\/users\/2"}],"replies":[{"embeddable":true,"href":"https:\/\/www.tribunanf.com.br\/blogdoralfereis\/wp-json\/wp\/v2\/comments?post=14944"}],"version-history":[{"count":3,"href":"https:\/\/www.tribunanf.com.br\/blogdoralfereis\/wp-json\/wp\/v2\/posts\/14944\/revisions"}],"predecessor-version":[{"id":14947,"href":"https:\/\/www.tribunanf.com.br\/blogdoralfereis\/wp-json\/wp\/v2\/posts\/14944\/revisions\/14947"}],"wp:featuredmedia":[{"embeddable":true,"href":"https:\/\/www.tribunanf.com.br\/blogdoralfereis\/wp-json\/wp\/v2\/media\/12911"}],"wp:attachment":[{"href":"https:\/\/www.tribunanf.com.br\/blogdoralfereis\/wp-json\/wp\/v2\/media?parent=14944"}],"wp:term":[{"taxonomy":"category","embeddable":true,"href":"https:\/\/www.tribunanf.com.br\/blogdoralfereis\/wp-json\/wp\/v2\/categories?post=14944"},{"taxonomy":"post_tag","embeddable":true,"href":"https:\/\/www.tribunanf.com.br\/blogdoralfereis\/wp-json\/wp\/v2\/tags?post=14944"}],"curies":[{"name":"wp","href":"https:\/\/api.w.org\/{rel}","templated":true}]}}