{"id":14858,"date":"2025-09-07T10:07:36","date_gmt":"2025-09-07T13:07:36","guid":{"rendered":"https:\/\/www.tribunanf.com.br\/blogdoralfereis\/?p=14858"},"modified":"2025-09-07T10:07:36","modified_gmt":"2025-09-07T13:07:36","slug":"projeto-quer-regulamentar-roupas-de-profissionais-da-educacao-nas-escolas-do-estado-do-rio-sepe-repudia","status":"publish","type":"post","link":"https:\/\/www.tribunanf.com.br\/blogdoralfereis\/2025\/09\/07\/projeto-quer-regulamentar-roupas-de-profissionais-da-educacao-nas-escolas-do-estado-do-rio-sepe-repudia\/","title":{"rendered":"Projeto quer regulamentar roupas de profissionais da Educa\u00e7\u00e3o nas escolas do Estado do Rio. Sepe repudia"},"content":{"rendered":"<figure id=\"attachment_4684\" aria-describedby=\"caption-attachment-4684\" style=\"width: 700px\" class=\"wp-caption aligncenter\"><img loading=\"lazy\" decoding=\"async\" class=\"size-full wp-image-4684\" src=\"https:\/\/www.tribunanf.com.br\/blogdoralfereis\/wp-content\/uploads\/sites\/11\/2020\/08\/alunos-escola.jpg\" alt=\"\" width=\"700\" height=\"394\" srcset=\"https:\/\/www.tribunanf.com.br\/blogdoralfereis\/wp-content\/uploads\/sites\/11\/2020\/08\/alunos-escola.jpg 700w, https:\/\/www.tribunanf.com.br\/blogdoralfereis\/wp-content\/uploads\/sites\/11\/2020\/08\/alunos-escola-300x169.jpg 300w\" sizes=\"auto, (max-width: 700px) 100vw, 700px\" \/><figcaption id=\"caption-attachment-4684\" class=\"wp-caption-text\">Foto: arquivo<\/figcaption><\/figure>\n<p style=\"text-align: justify;\">As roupas usadas por profissionais da Educa\u00e7\u00e3o nas escolas das redes p\u00fablica e privada do Estado do Rio viraram alvo de um projeto de lei apresentado pelo deputado estadual Renan Jordy (PL-RJ) na Assembleia Legislativa (Alerj), no fim de agosto. A proposta pretende regulamentar o uso de vestimentas, estabelecendo normas sobre a adequa\u00e7\u00e3o das roupas ao ambiente escolar.<\/p>\n<p style=\"text-align: justify;\">O Projeto de Lei (PL) 6.091\/2025 pro\u00edbe os profissionais de ministrarem aulas \u201cutilizando roupas incompat\u00edveis com a liturgia do cargo, que enfatizem a op\u00e7\u00e3o sexual privada do docente ou que atentem contra a moral e os bons costumes\u201d. A proposta cita roupas que chamem a aten\u00e7\u00e3o para a sexualidade do docente, que destaquem o corpo do professor em detrimento de sua fun\u00e7\u00e3o educacional ou que desviem a aten\u00e7\u00e3o do ambiente pedag\u00f3gico, prejudicando o foco no aprendizado ou causando desconforto.<\/p>\n<p style=\"text-align: justify;\">\u201cOs professores e demais profissionais da Educa\u00e7\u00e3o dever\u00e3o adotar vestimenta compat\u00edvel com a seriedade da fun\u00e7\u00e3o que exercem, respeitando os valores institucionais da Educa\u00e7\u00e3o e mantendo a dignidade do cargo, sem que suas vestimentas envolvam ou reforcem prefer\u00eancias pessoais, especialmente as de ordem sexual ou de identidade de g\u00eanero\u201d, diz um trecho do projeto.<\/p>\n<p style=\"text-align: justify;\">Sindicato repudia proposta<\/p>\n<p style=\"text-align: justify;\">O Sindicato Estadual dos Profissionais da Educa\u00e7\u00e3o do Rio de Janeiro (Sepe-RJ), por exemplo, divulgou uma nota p\u00fablica em que repudia a proposta, destacando que ela tem car\u00e1ter moralista e autorit\u00e1rio.<\/p>\n<p style=\"text-align: justify;\">Helenita Beserra, coordenadora da entidade, avalia que a proposta desvia o foco dos reais problemas da Educa\u00e7\u00e3o, como quest\u00f5es pedag\u00f3gicas, de estrutura e falta de valoriza\u00e7\u00e3o da profiss\u00e3o. Para ela, a vestimenta do professor n\u00e3o interfere na qualidade do ensino.<\/p>\n<p style=\"text-align: justify;\">\u2014 A vestimenta do professor n\u00e3o \u00e9 a raz\u00e3o pela qual o aluno aprende mais ou menos. N\u00e3o \u00e9 a roupa que o professor veste que muda a qualidade do ensino; isso n\u00e3o tem correla\u00e7\u00e3o. O que realmente prejudica s\u00e3o as condi\u00e7\u00f5es de trabalho \u2014 afirma a coordenadora do Sepe.<\/p>\n<p style=\"text-align: justify;\">Projeto passar\u00e1 por revis\u00e3o<\/p>\n<p style=\"text-align: justify;\">Ap\u00f3s a repercuss\u00e3o, a assessoria do deputado informou que o texto passaria por uma revis\u00e3o. Na noite de sexta-feira, a coluna n\u00e3o encontrou mais o projeto no site da Alerj. O EXTRA tentou contato com Jordy para entender seus argumentos para a elabora\u00e7\u00e3o da proposta, mas sua equipe informou que ele s\u00f3 se pronunciaria ap\u00f3s a revis\u00e3o.<\/p>\n<p style=\"text-align: justify;\">Na justificativa do projeto inicial, o deputado destaca que os professores devem \u201cpriorizar o ensino de forma objetiva e respeitosa\u201d.<\/p>\n<p style=\"text-align: justify;\">\u201cEste projeto visa preservar o ambiente escolar como um espa\u00e7o dedicado ao aprendizado, sem desvios para quest\u00f5es pessoais que n\u00e3o pertencem \u00e0 esfera educacional\u201d, diz parte do texto.<\/p>\n<p style=\"text-align: justify;\">Com informa\u00e7\u00f5es Extra.<\/p>\n","protected":false},"excerpt":{"rendered":"<p>As roupas usadas por profissionais da Educa\u00e7\u00e3o nas escolas das redes p\u00fablica e privada do Estado do Rio viraram alvo&#8230;<\/p>\n","protected":false},"author":2,"featured_media":4684,"comment_status":"open","ping_status":"open","sticky":false,"template":"","format":"standard","meta":{"colormag_page_container_layout":"default_layout","colormag_page_sidebar_layout":"default_layout","jetpack_post_was_ever_published":false,"_jetpack_newsletter_access":"","_jetpack_dont_email_post_to_subs":false,"_jetpack_newsletter_tier_id":0,"_jetpack_memberships_contains_paywalled_content":false,"_jetpack_memberships_contains_paid_content":false,"footnotes":""},"categories":[2],"tags":[],"class_list":["post-14858","post","type-post","status-publish","format-standard","has-post-thumbnail","hentry","category-politica"],"jetpack_featured_media_url":"https:\/\/www.tribunanf.com.br\/blogdoralfereis\/wp-content\/uploads\/sites\/11\/2020\/08\/alunos-escola.jpg","jetpack_sharing_enabled":true,"_links":{"self":[{"href":"https:\/\/www.tribunanf.com.br\/blogdoralfereis\/wp-json\/wp\/v2\/posts\/14858","targetHints":{"allow":["GET"]}}],"collection":[{"href":"https:\/\/www.tribunanf.com.br\/blogdoralfereis\/wp-json\/wp\/v2\/posts"}],"about":[{"href":"https:\/\/www.tribunanf.com.br\/blogdoralfereis\/wp-json\/wp\/v2\/types\/post"}],"author":[{"embeddable":true,"href":"https:\/\/www.tribunanf.com.br\/blogdoralfereis\/wp-json\/wp\/v2\/users\/2"}],"replies":[{"embeddable":true,"href":"https:\/\/www.tribunanf.com.br\/blogdoralfereis\/wp-json\/wp\/v2\/comments?post=14858"}],"version-history":[{"count":2,"href":"https:\/\/www.tribunanf.com.br\/blogdoralfereis\/wp-json\/wp\/v2\/posts\/14858\/revisions"}],"predecessor-version":[{"id":14860,"href":"https:\/\/www.tribunanf.com.br\/blogdoralfereis\/wp-json\/wp\/v2\/posts\/14858\/revisions\/14860"}],"wp:featuredmedia":[{"embeddable":true,"href":"https:\/\/www.tribunanf.com.br\/blogdoralfereis\/wp-json\/wp\/v2\/media\/4684"}],"wp:attachment":[{"href":"https:\/\/www.tribunanf.com.br\/blogdoralfereis\/wp-json\/wp\/v2\/media?parent=14858"}],"wp:term":[{"taxonomy":"category","embeddable":true,"href":"https:\/\/www.tribunanf.com.br\/blogdoralfereis\/wp-json\/wp\/v2\/categories?post=14858"},{"taxonomy":"post_tag","embeddable":true,"href":"https:\/\/www.tribunanf.com.br\/blogdoralfereis\/wp-json\/wp\/v2\/tags?post=14858"}],"curies":[{"name":"wp","href":"https:\/\/api.w.org\/{rel}","templated":true}]}}