{"id":14855,"date":"2025-09-04T09:07:20","date_gmt":"2025-09-04T12:07:20","guid":{"rendered":"https:\/\/www.tribunanf.com.br\/blogdoralfereis\/?p=14855"},"modified":"2025-09-04T09:07:20","modified_gmt":"2025-09-04T12:07:20","slug":"mprj-aponta-deterioracao-nas-escolas-e-requer-providencias-a-seeduc","status":"publish","type":"post","link":"https:\/\/www.tribunanf.com.br\/blogdoralfereis\/2025\/09\/04\/mprj-aponta-deterioracao-nas-escolas-e-requer-providencias-a-seeduc\/","title":{"rendered":"MPRJ aponta deteriora\u00e7\u00e3o nas escolas e requer provid\u00eancias \u00e0 SEEDUC"},"content":{"rendered":"<p><img loading=\"lazy\" decoding=\"async\" class=\"aligncenter size-large wp-image-14102\" src=\"https:\/\/www.tribunanf.com.br\/blogdoralfereis\/wp-content\/uploads\/sites\/11\/2025\/03\/castro-e-roberta_Easy-Resize.com_-1024x674.jpg\" alt=\"\" width=\"800\" height=\"527\" srcset=\"https:\/\/www.tribunanf.com.br\/blogdoralfereis\/wp-content\/uploads\/sites\/11\/2025\/03\/castro-e-roberta_Easy-Resize.com_-1024x674.jpg 1024w, https:\/\/www.tribunanf.com.br\/blogdoralfereis\/wp-content\/uploads\/sites\/11\/2025\/03\/castro-e-roberta_Easy-Resize.com_-300x198.jpg 300w, https:\/\/www.tribunanf.com.br\/blogdoralfereis\/wp-content\/uploads\/sites\/11\/2025\/03\/castro-e-roberta_Easy-Resize.com_-768x506.jpg 768w, https:\/\/www.tribunanf.com.br\/blogdoralfereis\/wp-content\/uploads\/sites\/11\/2025\/03\/castro-e-roberta_Easy-Resize.com_.jpg 1280w\" sizes=\"auto, (max-width: 800px) 100vw, 800px\" \/><\/p>\n<p style=\"text-align: justify;\">O Minist\u00e9rio P\u00fablico do Estado do Rio de Janeiro (MPRJ), por meio da 2\u00aa Promotoria de Justi\u00e7a de Tutela Coletiva da Educa\u00e7\u00e3o, requisitou informa\u00e7\u00f5es \u00e0 Secretaria de Estado de Educa\u00e7\u00e3o (SEEDUC) acerca de ind\u00edcios apurados em investiga\u00e7\u00f5es, den\u00fancias de cidad\u00e3os e a\u00e7\u00f5es judiciais que revelam defici\u00eancias da infraestrutura da rede estadual de ensino. De acordo com a Promotoria, entre os problemas recorrentes, foram constatados: climatiza\u00e7\u00e3o inadequada, rachaduras, infiltra\u00e7\u00f5es, sistemas el\u00e9tricos obsoletos e equipamentos pedag\u00f3gicos deteriorados.<\/p>\n<p style=\"text-align: justify;\">Segundo a apura\u00e7\u00e3o, esses problemas, presentes em diversas unidades, indicam defici\u00eancias sist\u00eamicas nas pol\u00edticas de manuten\u00e7\u00e3o do patrim\u00f4nio escolar, afetando o ambiente de aprendizagem e a seguran\u00e7a da comunidade escolar. A Promotoria de Justi\u00e7a contou com o suporte do Laborat\u00f3rio de Inova\u00e7\u00e3o (Inova_MPRJ), que utilizou ferramentas de intelig\u00eancia artificial para processar os dados de inqu\u00e9ritos, a\u00e7\u00f5es judiciais e den\u00fancias. A tecnologia permitiu mapear a dimens\u00e3o dos problemas e identificar indicadores essenciais para monitoramento. Os dados que embasam a requisi\u00e7\u00e3o destacam:<\/p>\n<p style=\"text-align: justify;\">&gt; Falta de climatiza\u00e7\u00e3o: presente em 62,5% das den\u00fancias recebidas pelo MPRJ, com registros de desmaios de estudantes e libera\u00e7\u00e3o antecipada de turmas em raz\u00e3o do calor excessivo, agravado pela inadequa\u00e7\u00e3o da rede el\u00e9trica.<br \/>\n&gt; Problemas estruturais: aproximadamente 30% dos relatos mencionam infiltra\u00e7\u00f5es, riscos de desabamento e interdi\u00e7\u00f5es desrespeitadas. Em um caso, per\u00edcia judicial apontou \u201crisco de colapso estrutural\u201d em uma escola, com quadra poliesportiva interditada por anos.<br \/>\n&gt; Equipamentos inoperantes: identificados em 22,5% dos casos reportados, incluindo falhas em elevadores e ventiladores, comprometendo a acessibilidade e a rotina escolar.<br \/>\n&gt; Problemas sanit\u00e1rios e de seguran\u00e7a: infesta\u00e7\u00f5es de pombos, baratas e ratos, al\u00e9m de extintores vencidos e falhas em sistemas de seguran\u00e7a, expondo alunos e servidores a riscos.<\/p>\n<p style=\"text-align: justify;\">A an\u00e1lise da Promotoria suspeita que as falhas podem decorrer de problemas administrativos estruturais, como subfinanciamento, m\u00e1 gest\u00e3o de contratos e processos licitat\u00f3rios falhos, al\u00e9m da lentid\u00e3o na ado\u00e7\u00e3o de medidas corretivas, mesmo diante de laudos t\u00e9cnicos.<\/p>\n<p style=\"text-align: justify;\">O MPRJ solicitou informa\u00e7\u00f5es e documentos relativos a: Estrat\u00e9gia de Manuten\u00e7\u00e3o Predial (planos, contratos e cronogramas de vistorias), Ferramentas de Gest\u00e3o e Monitoramento (sistemas utilizados e relat\u00f3rios de desempenho dos \u00faltimos 24 meses), Execu\u00e7\u00e3o Or\u00e7ament\u00e1ria (crit\u00e9rios que orientam a aplica\u00e7\u00e3o de recursos em reparos e manuten\u00e7\u00e3o). Prioriza\u00e7\u00e3o de Investimentos (crit\u00e9rios utilizados na destina\u00e7\u00e3o de recursos para reformas e obras) e Gest\u00e3o Democr\u00e1tica e Participa\u00e7\u00e3o Social (estrutura de Conselhos Escolares, Gr\u00eamios e Associa\u00e7\u00f5es de Pais e Mestres). Tamb\u00e9m foram requisitadas quatro bases de dados em formato CSV, incluindo invent\u00e1rio de todas as unidades da infraestrutura escolar, registros de manuten\u00e7\u00e3o entre 2022 e 2025, execu\u00e7\u00e3o or\u00e7ament\u00e1ria no per\u00edodo e informa\u00e7\u00f5es sobre gest\u00e3o escolar e \u00f3rg\u00e3os colegiados.<\/p>\n<p style=\"text-align: justify;\">O MPRJ concedeu \u00e0 SEEDUC prazo de 10 dias \u00fateis para manifesta\u00e7\u00e3o sobre o atendimento integral \u00e0s requisi\u00e7\u00f5es, com proposta de cronograma de atendimento, por meio de uma solu\u00e7\u00e3o consensual via Termo de Ajustamento de Conduta (TAC). Com base no cumprimento dos prazos e analise das informa\u00e7\u00f5es prestadas pela SEEDUC ser\u00e3o definidas medidas extrajudiciais ou judiciais necess\u00e1rias \u00e0 solu\u00e7\u00e3o dos problemas.<\/p>\n<p style=\"text-align: justify;\"><em>Por MPRJ<\/em><\/p>\n","protected":false},"excerpt":{"rendered":"<p>O Minist\u00e9rio P\u00fablico do Estado do Rio de Janeiro (MPRJ), por meio da 2\u00aa Promotoria de Justi\u00e7a de Tutela Coletiva&#8230;<\/p>\n","protected":false},"author":2,"featured_media":14102,"comment_status":"open","ping_status":"open","sticky":false,"template":"","format":"standard","meta":{"colormag_page_container_layout":"default_layout","colormag_page_sidebar_layout":"default_layout","jetpack_post_was_ever_published":false,"_jetpack_newsletter_access":"","_jetpack_dont_email_post_to_subs":false,"_jetpack_newsletter_tier_id":0,"_jetpack_memberships_contains_paywalled_content":false,"_jetpack_memberships_contains_paid_content":false,"footnotes":""},"categories":[2],"tags":[],"class_list":["post-14855","post","type-post","status-publish","format-standard","has-post-thumbnail","hentry","category-politica"],"jetpack_featured_media_url":"https:\/\/www.tribunanf.com.br\/blogdoralfereis\/wp-content\/uploads\/sites\/11\/2025\/03\/castro-e-roberta_Easy-Resize.com_.jpg","jetpack_sharing_enabled":true,"_links":{"self":[{"href":"https:\/\/www.tribunanf.com.br\/blogdoralfereis\/wp-json\/wp\/v2\/posts\/14855","targetHints":{"allow":["GET"]}}],"collection":[{"href":"https:\/\/www.tribunanf.com.br\/blogdoralfereis\/wp-json\/wp\/v2\/posts"}],"about":[{"href":"https:\/\/www.tribunanf.com.br\/blogdoralfereis\/wp-json\/wp\/v2\/types\/post"}],"author":[{"embeddable":true,"href":"https:\/\/www.tribunanf.com.br\/blogdoralfereis\/wp-json\/wp\/v2\/users\/2"}],"replies":[{"embeddable":true,"href":"https:\/\/www.tribunanf.com.br\/blogdoralfereis\/wp-json\/wp\/v2\/comments?post=14855"}],"version-history":[{"count":2,"href":"https:\/\/www.tribunanf.com.br\/blogdoralfereis\/wp-json\/wp\/v2\/posts\/14855\/revisions"}],"predecessor-version":[{"id":14857,"href":"https:\/\/www.tribunanf.com.br\/blogdoralfereis\/wp-json\/wp\/v2\/posts\/14855\/revisions\/14857"}],"wp:featuredmedia":[{"embeddable":true,"href":"https:\/\/www.tribunanf.com.br\/blogdoralfereis\/wp-json\/wp\/v2\/media\/14102"}],"wp:attachment":[{"href":"https:\/\/www.tribunanf.com.br\/blogdoralfereis\/wp-json\/wp\/v2\/media?parent=14855"}],"wp:term":[{"taxonomy":"category","embeddable":true,"href":"https:\/\/www.tribunanf.com.br\/blogdoralfereis\/wp-json\/wp\/v2\/categories?post=14855"},{"taxonomy":"post_tag","embeddable":true,"href":"https:\/\/www.tribunanf.com.br\/blogdoralfereis\/wp-json\/wp\/v2\/tags?post=14855"}],"curies":[{"name":"wp","href":"https:\/\/api.w.org\/{rel}","templated":true}]}}