{"id":14850,"date":"2025-09-03T18:14:35","date_gmt":"2025-09-03T21:14:35","guid":{"rendered":"https:\/\/www.tribunanf.com.br\/blogdoralfereis\/?p=14850"},"modified":"2025-09-03T18:14:35","modified_gmt":"2025-09-03T21:14:35","slug":"tce-rj-mantem-suspensao-de-licitacao-de-r-425-milhoes-da-secretaria-de-habitacao-do-governo-claudio-castro","status":"publish","type":"post","link":"https:\/\/www.tribunanf.com.br\/blogdoralfereis\/2025\/09\/03\/tce-rj-mantem-suspensao-de-licitacao-de-r-425-milhoes-da-secretaria-de-habitacao-do-governo-claudio-castro\/","title":{"rendered":"TCE-RJ mant\u00e9m suspens\u00e3o de licita\u00e7\u00e3o de R$ 425 milh\u00f5es da Secretaria de Habita\u00e7\u00e3o do governo Cl\u00e1udio Castro"},"content":{"rendered":"<p><img loading=\"lazy\" decoding=\"async\" class=\"aligncenter size-large wp-image-13233\" src=\"https:\/\/www.tribunanf.com.br\/blogdoralfereis\/wp-content\/uploads\/sites\/11\/2024\/07\/bruno-e-castro_Easy-Resize.com_-996x1024.jpg\" alt=\"\" width=\"800\" height=\"822\" srcset=\"https:\/\/www.tribunanf.com.br\/blogdoralfereis\/wp-content\/uploads\/sites\/11\/2024\/07\/bruno-e-castro_Easy-Resize.com_-996x1024.jpg 996w, https:\/\/www.tribunanf.com.br\/blogdoralfereis\/wp-content\/uploads\/sites\/11\/2024\/07\/bruno-e-castro_Easy-Resize.com_-292x300.jpg 292w, https:\/\/www.tribunanf.com.br\/blogdoralfereis\/wp-content\/uploads\/sites\/11\/2024\/07\/bruno-e-castro_Easy-Resize.com_-768x790.jpg 768w, https:\/\/www.tribunanf.com.br\/blogdoralfereis\/wp-content\/uploads\/sites\/11\/2024\/07\/bruno-e-castro_Easy-Resize.com_.jpg 1245w\" sizes=\"auto, (max-width: 800px) 100vw, 800px\" \/><\/p>\n<p style=\"text-align: justify;\">O Tribunal de Contas do Estado do Rio de Janeiro decidiu, nesta quarta-feira (3), pela manuten\u00e7\u00e3o da suspens\u00e3o da licita\u00e7\u00e3o da Secretaria de Estado de Habita\u00e7\u00e3o de Interesse Social \u2013 SEHIS, para Presta\u00e7\u00e3o de Servi\u00e7os de Manuten\u00e7\u00e3o Preventiva, Corretiva e Preditiva, incluindo, quando necess\u00e1rio, adequa\u00e7\u00f5es e moderniza\u00e7\u00f5es sob demanda, dos Conjuntos Habitacionais abrangidos pela pol\u00edtica Habitacional de Interesse Social, dividido em 11 lotes. O valor estimado \u00e9 de\u00a0<strong>R$ 425.685.319,93<\/strong>\u00a0(quatrocentos e vinte e cinco milh\u00f5es, seiscentos e oitenta e cinco mil, trezentos e dezenove reais e noventa e tr\u00eas centavos.<\/p>\n<p style=\"text-align: justify;\">Os conselheiros referendaram a decis\u00e3o do relator Marcelo Verdini Maia, que havia suspendido a licita\u00e7\u00e3o em maio, conforme revelou o blog \u00e0 \u00e9poca (<a href=\"https:\/\/www.tribunanf.com.br\/blogdoralfereis\/2025\/05\/30\/tce-rj-suspende-licitacao-de-r-425-milhoes-da-secretaria-de-habitacao-do-governo-claudio-castro\/\" target=\"_blank\" rel=\"noopener\">AQUI)<\/a>. A Representa\u00e7\u00e3o foi proposta pela Secretaria de Controle Externo da Corte de Contas.<\/p>\n<p style=\"text-align: justify;\">Na ocasi\u00e3o, o corpo t\u00e9cnico apontou potenciais irregularidades no certame, referentes aos pontos (1) Aus\u00eancia de publica\u00e7\u00e3o do edital e anexos no Portal Nacional de Contrata\u00e7\u00f5es P\u00fablicas \u2013 PNCP; (2) Inconsist\u00eancias nos elementos do Projeto B\u00e1sico; (3) Falhas nas exig\u00eancias de Qualifica\u00e7\u00e3o T\u00e9cnica; (4) Diverg\u00eancia sobre a possibilidade de subcontrata\u00e7\u00e3o.<\/p>\n<p style=\"text-align: justify;\">Em atendimento \u00e0 decis\u00e3o anterior, o Sr. Bruno Felgueira Dauaire, Secret\u00e1rio de Estado de Habita\u00e7\u00e3o e Interesse Social, encaminhou resposta pela qual defendeu a regularidade da contrata\u00e7\u00e3o e solicitou a revoga\u00e7\u00e3o da medida cautelar que havia determinado a suspens\u00e3o do certame1.<\/p>\n<p style=\"text-align: justify;\">Ap\u00f3s resposta do secret\u00e1rio Bruno Felgueira Dauaire, o corpo t\u00e9cnico aponta v\u00e1rias determina\u00e7\u00f5es n\u00e3o atendidas, o que levou o Conselheiro a votar pela manuten\u00e7\u00e3o da suspens\u00e3o da licita\u00e7\u00e3o:<\/p>\n<p style=\"text-align: justify;\">&#8220;Em raz\u00e3o do exposto, constata-se que o feito carece de elementos para subsidiar a an\u00e1lise de m\u00e9rito, motivo pelo qual se faz necess\u00e1rio que o Jurisdicionado preste esclarecimentos a respeito das inconsist\u00eancias descritas no exame proposto pelo Corpo T\u00e9cnico, notadamente aquelas presentes no Projeto B\u00e1sico, que comprometem o perfeito conhecimento do objeto, a consolida\u00e7\u00e3o das quantidades estimadas e compatibiliza\u00e7\u00e3o dos pre\u00e7os or\u00e7ados, pelo que persiste a necessidade de manuten\u00e7\u00e3o da suspens\u00e3o do certame.<\/p>\n<p style=\"text-align: justify;\">Desse modo, em observ\u00e2ncia ao contradit\u00f3rio e \u00e0 ampla defesa, bem como para que se possa avan\u00e7ar na an\u00e1lise de m\u00e9rito da Representa\u00e7\u00e3o, cumpre promover o chamamento do Jurisdicionado para que se manifeste acerca dos aspectos salientados pelas inst\u00e2ncias instrutivas. Isto posto, posiciono-me DE ACORDO com o Corpo T\u00e9cnico e DE ACORDO com o Minist\u00e9rio P\u00fablico de Contas.<\/p>\n<p style=\"text-align: justify;\">VOTO:<\/p>\n<p style=\"text-align: justify;\">1. Por MANUTEN\u00c7\u00c3O DA TUTELA PROVIS\u00d3RIA deferida em decis\u00e3o monocr\u00e1tica de 30\/05\/2025, pela qual foi determinada a suspens\u00e3o do Preg\u00e3o Eletr\u00f4nico &#8211; SRP n.\u00ba 004\/2025.<\/p>\n<p style=\"text-align: justify;\">Por CONHECIMENTO da Representa\u00e7\u00e3o.<\/p>\n<p style=\"text-align: justify;\">Por COMUNICA\u00c7\u00c3O ao Sr. Bruno Felgueira Dauaire, Secret\u00e1rio de Estado de Habita\u00e7\u00e3o e Interesse Social, nos termos do art. 15, inciso I do Regimento Interno, para que, no prazo de 15 (quinze) dias, se manifeste de forma exauriente acerca das seguintes impropriedades e da necessidade de informa\u00e7\u00f5es complementares, sem preju\u00edzo de, voluntariamente e em id\u00eantico prazo, revisar o instrumento convocat\u00f3rio adotando as provid\u00eancias julgadas cab\u00edveis para o adequado saneamento deste processo.&#8221;, decidiu.<\/p>\n<p style=\"text-align: justify;\">Confira \u00e0 \u00edntegra do voto: <a href=\"https:\/\/www.tribunanf.com.br\/blogdoralfereis\/wp-content\/uploads\/sites\/11\/2025\/09\/TCE-RJ-suspende-licitacao-de-R-425-milhoes-da-Secretaria-de-Habitacao-do-governo-Claudio-Castro.pdf\">TCE-RJ suspende licita\u00e7\u00e3o de R$ 425 milh\u00f5es da Secretaria de Habita\u00e7\u00e3o do governo Cl\u00e1udio Castro<\/a><\/p>\n<p>Relembre:<\/p>\n<blockquote class=\"wp-embedded-content\" data-secret=\"ywzjiQ6gXP\"><p><a href=\"https:\/\/www.tribunanf.com.br\/blogdoralfereis\/2025\/05\/30\/tce-rj-suspende-licitacao-de-r-425-milhoes-da-secretaria-de-habitacao-do-governo-claudio-castro\/\">TCE-RJ suspende licita\u00e7\u00e3o de R$ 425 milh\u00f5es da Secretaria de Habita\u00e7\u00e3o do governo Cl\u00e1udio Castro<\/a><\/p><\/blockquote>\n<p><iframe loading=\"lazy\" class=\"wp-embedded-content\" sandbox=\"allow-scripts\" security=\"restricted\" style=\"position: absolute; visibility: hidden;\" title=\"&#8220;TCE-RJ suspende licita\u00e7\u00e3o de R$ 425 milh\u00f5es da Secretaria de Habita\u00e7\u00e3o do governo Cl\u00e1udio Castro&#8221; &#8212; Blog do Ralfe Reis\" src=\"https:\/\/www.tribunanf.com.br\/blogdoralfereis\/2025\/05\/30\/tce-rj-suspende-licitacao-de-r-425-milhoes-da-secretaria-de-habitacao-do-governo-claudio-castro\/embed\/#?secret=S5yAuNzIdI#?secret=ywzjiQ6gXP\" data-secret=\"ywzjiQ6gXP\" width=\"600\" height=\"338\" frameborder=\"0\" marginwidth=\"0\" marginheight=\"0\" scrolling=\"no\"><\/iframe><\/p>\n","protected":false},"excerpt":{"rendered":"<p>O Tribunal de Contas do Estado do Rio de Janeiro decidiu, nesta quarta-feira (3), pela manuten\u00e7\u00e3o da suspens\u00e3o da licita\u00e7\u00e3o&#8230;<\/p>\n","protected":false},"author":2,"featured_media":13233,"comment_status":"open","ping_status":"open","sticky":false,"template":"","format":"standard","meta":{"colormag_page_container_layout":"default_layout","colormag_page_sidebar_layout":"default_layout","jetpack_post_was_ever_published":false,"_jetpack_newsletter_access":"","_jetpack_dont_email_post_to_subs":false,"_jetpack_newsletter_tier_id":0,"_jetpack_memberships_contains_paywalled_content":false,"_jetpack_memberships_contains_paid_content":false,"footnotes":""},"categories":[2],"tags":[],"class_list":["post-14850","post","type-post","status-publish","format-standard","has-post-thumbnail","hentry","category-politica"],"jetpack_featured_media_url":"https:\/\/www.tribunanf.com.br\/blogdoralfereis\/wp-content\/uploads\/sites\/11\/2024\/07\/bruno-e-castro_Easy-Resize.com_.jpg","jetpack_sharing_enabled":true,"_links":{"self":[{"href":"https:\/\/www.tribunanf.com.br\/blogdoralfereis\/wp-json\/wp\/v2\/posts\/14850","targetHints":{"allow":["GET"]}}],"collection":[{"href":"https:\/\/www.tribunanf.com.br\/blogdoralfereis\/wp-json\/wp\/v2\/posts"}],"about":[{"href":"https:\/\/www.tribunanf.com.br\/blogdoralfereis\/wp-json\/wp\/v2\/types\/post"}],"author":[{"embeddable":true,"href":"https:\/\/www.tribunanf.com.br\/blogdoralfereis\/wp-json\/wp\/v2\/users\/2"}],"replies":[{"embeddable":true,"href":"https:\/\/www.tribunanf.com.br\/blogdoralfereis\/wp-json\/wp\/v2\/comments?post=14850"}],"version-history":[{"count":2,"href":"https:\/\/www.tribunanf.com.br\/blogdoralfereis\/wp-json\/wp\/v2\/posts\/14850\/revisions"}],"predecessor-version":[{"id":14854,"href":"https:\/\/www.tribunanf.com.br\/blogdoralfereis\/wp-json\/wp\/v2\/posts\/14850\/revisions\/14854"}],"wp:featuredmedia":[{"embeddable":true,"href":"https:\/\/www.tribunanf.com.br\/blogdoralfereis\/wp-json\/wp\/v2\/media\/13233"}],"wp:attachment":[{"href":"https:\/\/www.tribunanf.com.br\/blogdoralfereis\/wp-json\/wp\/v2\/media?parent=14850"}],"wp:term":[{"taxonomy":"category","embeddable":true,"href":"https:\/\/www.tribunanf.com.br\/blogdoralfereis\/wp-json\/wp\/v2\/categories?post=14850"},{"taxonomy":"post_tag","embeddable":true,"href":"https:\/\/www.tribunanf.com.br\/blogdoralfereis\/wp-json\/wp\/v2\/tags?post=14850"}],"curies":[{"name":"wp","href":"https:\/\/api.w.org\/{rel}","templated":true}]}}