{"id":14839,"date":"2025-09-02T09:43:33","date_gmt":"2025-09-02T12:43:33","guid":{"rendered":"https:\/\/www.tribunanf.com.br\/blogdoralfereis\/?p=14839"},"modified":"2025-09-02T09:46:32","modified_gmt":"2025-09-02T12:46:32","slug":"mais-de-74-do-eleitorado-nao-tem-candidato-a-governador-no-rio-de-janeiro","status":"publish","type":"post","link":"https:\/\/www.tribunanf.com.br\/blogdoralfereis\/2025\/09\/02\/mais-de-74-do-eleitorado-nao-tem-candidato-a-governador-no-rio-de-janeiro\/","title":{"rendered":"Mais de 74% do eleitorado n\u00e3o tem candidato a governador no Rio de Janeiro, aponta pesquisa"},"content":{"rendered":"<p><img loading=\"lazy\" decoding=\"async\" class=\"aligncenter size-large wp-image-11756\" src=\"https:\/\/www.tribunanf.com.br\/blogdoralfereis\/wp-content\/uploads\/sites\/11\/2023\/10\/a_palacio_guanabara_Easy-Resize.com_-1024x590.jpg\" alt=\"\" width=\"800\" height=\"461\" srcset=\"https:\/\/www.tribunanf.com.br\/blogdoralfereis\/wp-content\/uploads\/sites\/11\/2023\/10\/a_palacio_guanabara_Easy-Resize.com_-1024x590.jpg 1024w, https:\/\/www.tribunanf.com.br\/blogdoralfereis\/wp-content\/uploads\/sites\/11\/2023\/10\/a_palacio_guanabara_Easy-Resize.com_-300x173.jpg 300w, https:\/\/www.tribunanf.com.br\/blogdoralfereis\/wp-content\/uploads\/sites\/11\/2023\/10\/a_palacio_guanabara_Easy-Resize.com_-768x443.jpg 768w, https:\/\/www.tribunanf.com.br\/blogdoralfereis\/wp-content\/uploads\/sites\/11\/2023\/10\/a_palacio_guanabara_Easy-Resize.com_.jpg 1280w\" sizes=\"auto, (max-width: 800px) 100vw, 800px\" \/><\/p>\n<p style=\"text-align: justify;\">O levantamento realizado pelo instituto Paran\u00e1 Pesquisa sobre as elei\u00e7\u00f5es do Rio de Janeiro traz um dado relevante. Ali\u00e1s, o mais importante.<\/p>\n<p style=\"text-align: justify;\">74,6% dos entrevistados, na espont\u00e2nea, n\u00e3o tem candidato a governador, faltando um ano para o pleito.<\/p>\n<p style=\"text-align: justify;\">Com esses n\u00fameros, o pr\u00f3ximo governador do Rio pode nem ter se lan\u00e7ado.<\/p>\n<p style=\"text-align: justify;\">Apesar da pesquisa apontar o prefeito do Rio Eduardo Paes liderando, vale lembrar que o mesmo j\u00e1 foi derrotado duas vezes na disputa pelo governo do estado.<\/p>\n<p style=\"text-align: justify;\">Em 2018, Paes buscava levar a elei\u00e7\u00e3o por W.O, e tinha apenas o ex-governador Garotinho como candidato competitivo, que acabou sendo tirado da disputa pela justi\u00e7a eleitoral.<\/p>\n<p style=\"text-align: justify;\">O W.O n\u00e3o deu certo. O vision\u00e1rio pastor Everaldo Dias, sempre no palanque vencedor, lan\u00e7ou naquela elei\u00e7\u00e3o os desconhecidos Wilson Witzel e Cl\u00e1udio Castro, com apoio da direita evang\u00e9lica, e do bolsonarismo, virando a elei\u00e7\u00e3o duas semanas antes do pleito.<\/p>\n<p>Leia mais sobre a pesquisa no link abaixo da imagem.<\/p>\n<p><img loading=\"lazy\" decoding=\"async\" class=\"aligncenter size-full wp-image-14840\" src=\"https:\/\/www.tribunanf.com.br\/blogdoralfereis\/wp-content\/uploads\/sites\/11\/2025\/09\/pesq.png\" alt=\"\" width=\"896\" height=\"652\" srcset=\"https:\/\/www.tribunanf.com.br\/blogdoralfereis\/wp-content\/uploads\/sites\/11\/2025\/09\/pesq.png 896w, https:\/\/www.tribunanf.com.br\/blogdoralfereis\/wp-content\/uploads\/sites\/11\/2025\/09\/pesq-300x218.png 300w, https:\/\/www.tribunanf.com.br\/blogdoralfereis\/wp-content\/uploads\/sites\/11\/2025\/09\/pesq-768x559.png 768w\" sizes=\"auto, (max-width: 896px) 100vw, 896px\" \/><\/p>\n<blockquote class=\"wp-embedded-content\" data-secret=\"Dw0yRjlnN4\"><p><a href=\"https:\/\/www.tribunanf.com.br\/blogdoralfereis\/2025\/09\/01\/paes-lidera-e-washington-reis-aparece-em-segundo-no-rj-aponta-parana-pesquisas\/\">Paes lidera e Washington Reis aparece em segundo no RJ, aponta Paran\u00e1 Pesquisas<\/a><\/p><\/blockquote>\n<p><iframe loading=\"lazy\" class=\"wp-embedded-content\" sandbox=\"allow-scripts\" security=\"restricted\" style=\"position: absolute; visibility: hidden;\" title=\"&#8220;Paes lidera e Washington Reis aparece em segundo no RJ, aponta Paran\u00e1 Pesquisas&#8221; &#8212; Blog do Ralfe Reis\" src=\"https:\/\/www.tribunanf.com.br\/blogdoralfereis\/2025\/09\/01\/paes-lidera-e-washington-reis-aparece-em-segundo-no-rj-aponta-parana-pesquisas\/embed\/#?secret=P8WpjTHYAO#?secret=Dw0yRjlnN4\" data-secret=\"Dw0yRjlnN4\" width=\"600\" height=\"338\" frameborder=\"0\" marginwidth=\"0\" marginheight=\"0\" scrolling=\"no\"><\/iframe><\/p>\n","protected":false},"excerpt":{"rendered":"<p>O levantamento realizado pelo instituto Paran\u00e1 Pesquisa sobre as elei\u00e7\u00f5es do Rio de Janeiro traz um dado relevante. Ali\u00e1s, o&#8230;<\/p>\n","protected":false},"author":2,"featured_media":11756,"comment_status":"open","ping_status":"open","sticky":false,"template":"","format":"standard","meta":{"colormag_page_container_layout":"default_layout","colormag_page_sidebar_layout":"default_layout","jetpack_post_was_ever_published":false,"_jetpack_newsletter_access":"","_jetpack_dont_email_post_to_subs":false,"_jetpack_newsletter_tier_id":0,"_jetpack_memberships_contains_paywalled_content":false,"_jetpack_memberships_contains_paid_content":false,"footnotes":""},"categories":[2],"tags":[],"class_list":["post-14839","post","type-post","status-publish","format-standard","has-post-thumbnail","hentry","category-politica"],"jetpack_featured_media_url":"https:\/\/www.tribunanf.com.br\/blogdoralfereis\/wp-content\/uploads\/sites\/11\/2023\/10\/a_palacio_guanabara_Easy-Resize.com_.jpg","jetpack_sharing_enabled":true,"_links":{"self":[{"href":"https:\/\/www.tribunanf.com.br\/blogdoralfereis\/wp-json\/wp\/v2\/posts\/14839","targetHints":{"allow":["GET"]}}],"collection":[{"href":"https:\/\/www.tribunanf.com.br\/blogdoralfereis\/wp-json\/wp\/v2\/posts"}],"about":[{"href":"https:\/\/www.tribunanf.com.br\/blogdoralfereis\/wp-json\/wp\/v2\/types\/post"}],"author":[{"embeddable":true,"href":"https:\/\/www.tribunanf.com.br\/blogdoralfereis\/wp-json\/wp\/v2\/users\/2"}],"replies":[{"embeddable":true,"href":"https:\/\/www.tribunanf.com.br\/blogdoralfereis\/wp-json\/wp\/v2\/comments?post=14839"}],"version-history":[{"count":2,"href":"https:\/\/www.tribunanf.com.br\/blogdoralfereis\/wp-json\/wp\/v2\/posts\/14839\/revisions"}],"predecessor-version":[{"id":14843,"href":"https:\/\/www.tribunanf.com.br\/blogdoralfereis\/wp-json\/wp\/v2\/posts\/14839\/revisions\/14843"}],"wp:featuredmedia":[{"embeddable":true,"href":"https:\/\/www.tribunanf.com.br\/blogdoralfereis\/wp-json\/wp\/v2\/media\/11756"}],"wp:attachment":[{"href":"https:\/\/www.tribunanf.com.br\/blogdoralfereis\/wp-json\/wp\/v2\/media?parent=14839"}],"wp:term":[{"taxonomy":"category","embeddable":true,"href":"https:\/\/www.tribunanf.com.br\/blogdoralfereis\/wp-json\/wp\/v2\/categories?post=14839"},{"taxonomy":"post_tag","embeddable":true,"href":"https:\/\/www.tribunanf.com.br\/blogdoralfereis\/wp-json\/wp\/v2\/tags?post=14839"}],"curies":[{"name":"wp","href":"https:\/\/api.w.org\/{rel}","templated":true}]}}