{"id":14836,"date":"2025-09-01T18:37:29","date_gmt":"2025-09-01T21:37:29","guid":{"rendered":"https:\/\/www.tribunanf.com.br\/blogdoralfereis\/?p=14836"},"modified":"2025-09-01T18:37:29","modified_gmt":"2025-09-01T21:37:29","slug":"prefeitos-e-controladores-gerais-tem-ate-13-de-setembro-para-responder-questionario-do-iegm","status":"publish","type":"post","link":"https:\/\/www.tribunanf.com.br\/blogdoralfereis\/2025\/09\/01\/prefeitos-e-controladores-gerais-tem-ate-13-de-setembro-para-responder-questionario-do-iegm\/","title":{"rendered":"Prefeitos e controladores-gerais t\u00eam at\u00e9 13 de setembro para responder question\u00e1rio do IEGM"},"content":{"rendered":"<figure id=\"attachment_13014\" aria-describedby=\"caption-attachment-13014\" style=\"width: 800px\" class=\"wp-caption aligncenter\"><img loading=\"lazy\" decoding=\"async\" class=\"size-large wp-image-13014\" src=\"https:\/\/www.tribunanf.com.br\/blogdoralfereis\/wp-content\/uploads\/sites\/11\/2024\/05\/associado-titular-sede-tce-rj_Easy-Resize.com_-1024x842.jpg\" alt=\"TCE-RJ\" width=\"800\" height=\"658\" srcset=\"https:\/\/www.tribunanf.com.br\/blogdoralfereis\/wp-content\/uploads\/sites\/11\/2024\/05\/associado-titular-sede-tce-rj_Easy-Resize.com_-1024x842.jpg 1024w, https:\/\/www.tribunanf.com.br\/blogdoralfereis\/wp-content\/uploads\/sites\/11\/2024\/05\/associado-titular-sede-tce-rj_Easy-Resize.com_-300x247.jpg 300w, https:\/\/www.tribunanf.com.br\/blogdoralfereis\/wp-content\/uploads\/sites\/11\/2024\/05\/associado-titular-sede-tce-rj_Easy-Resize.com_-768x631.jpg 768w, https:\/\/www.tribunanf.com.br\/blogdoralfereis\/wp-content\/uploads\/sites\/11\/2024\/05\/associado-titular-sede-tce-rj_Easy-Resize.com_.jpg 1280w\" sizes=\"auto, (max-width: 800px) 100vw, 800px\" \/><figcaption id=\"caption-attachment-13014\" class=\"wp-caption-text\">Tribunal de Constas do Estado do Rio de Janeiro<\/figcaption><\/figure>\n<p style=\"text-align: justify;\">Os prefeitos e controladores-gerais dos munic\u00edpios fluminenses t\u00eam at\u00e9 o dia 13 de setembro para responder aos question\u00e1rios do \u00cdndice de Efetividade da Gest\u00e3o Municipal (IEGM), indicador idealizado pelo Instituto Rui Barbosa (IRB) e disponibilizado aos Tribunais de Contas de todo o pa\u00eds desde 2015.<\/p>\n<p style=\"text-align: justify;\">O IEGM, que integra a Rede Nacional de Indicadores P\u00fablicos (Rede Indicon), tem como objetivo avaliar a efetividade das pol\u00edticas p\u00fablicas municipais e a qualidade dos servi\u00e7os oferecidos \u00e0 popula\u00e7\u00e3o. Os dados coletados permitem subsidiar a\u00e7\u00f5es de controle externo, aperfei\u00e7oar a gest\u00e3o governamental, informar os cidad\u00e3os sobre a administra\u00e7\u00e3o local e fomentar estudos e pesquisas sobre pol\u00edticas p\u00fablicas.<\/p>\n<p style=\"text-align: justify;\">Os question\u00e1rios, com links espec\u00edficos para cada munic\u00edpio, foram enviados pelo Sistema de Comunica\u00e7\u00e3o Digital (SICODI) diretamente aos gestores municipais. As informa\u00e7\u00f5es prestadas ser\u00e3o utilizadas para compor os indicadores referentes ao exerc\u00edcio de 2024.<\/p>\n<p style=\"text-align: justify;\">Em caso de d\u00favidas sobre o preenchimento, os munic\u00edpios podem entrar em contato com a Secretaria-Geral de Controle Externo (SGE) do TCE-RJ pelo e-mail sge@tcerj.tc.br, informando no assunto \u201cIEGM\/2025\u201d.<\/p>\n<p style=\"text-align: justify;\">O prazo final para envio das respostas \u00e9 13 de setembro, quando os links ser\u00e3o desativados.<\/p>\n<p style=\"text-align: justify;\">Ascom*<\/p>\n","protected":false},"excerpt":{"rendered":"<p>Os prefeitos e controladores-gerais dos munic\u00edpios fluminenses t\u00eam at\u00e9 o dia 13 de setembro para responder aos question\u00e1rios do \u00cdndice&#8230;<\/p>\n","protected":false},"author":2,"featured_media":13014,"comment_status":"open","ping_status":"open","sticky":false,"template":"","format":"standard","meta":{"colormag_page_container_layout":"default_layout","colormag_page_sidebar_layout":"default_layout","jetpack_post_was_ever_published":false,"_jetpack_newsletter_access":"","_jetpack_dont_email_post_to_subs":false,"_jetpack_newsletter_tier_id":0,"_jetpack_memberships_contains_paywalled_content":false,"_jetpack_memberships_contains_paid_content":false,"footnotes":""},"categories":[2],"tags":[],"class_list":["post-14836","post","type-post","status-publish","format-standard","has-post-thumbnail","hentry","category-politica"],"jetpack_featured_media_url":"https:\/\/www.tribunanf.com.br\/blogdoralfereis\/wp-content\/uploads\/sites\/11\/2024\/05\/associado-titular-sede-tce-rj_Easy-Resize.com_.jpg","jetpack_sharing_enabled":true,"_links":{"self":[{"href":"https:\/\/www.tribunanf.com.br\/blogdoralfereis\/wp-json\/wp\/v2\/posts\/14836","targetHints":{"allow":["GET"]}}],"collection":[{"href":"https:\/\/www.tribunanf.com.br\/blogdoralfereis\/wp-json\/wp\/v2\/posts"}],"about":[{"href":"https:\/\/www.tribunanf.com.br\/blogdoralfereis\/wp-json\/wp\/v2\/types\/post"}],"author":[{"embeddable":true,"href":"https:\/\/www.tribunanf.com.br\/blogdoralfereis\/wp-json\/wp\/v2\/users\/2"}],"replies":[{"embeddable":true,"href":"https:\/\/www.tribunanf.com.br\/blogdoralfereis\/wp-json\/wp\/v2\/comments?post=14836"}],"version-history":[{"count":2,"href":"https:\/\/www.tribunanf.com.br\/blogdoralfereis\/wp-json\/wp\/v2\/posts\/14836\/revisions"}],"predecessor-version":[{"id":14838,"href":"https:\/\/www.tribunanf.com.br\/blogdoralfereis\/wp-json\/wp\/v2\/posts\/14836\/revisions\/14838"}],"wp:featuredmedia":[{"embeddable":true,"href":"https:\/\/www.tribunanf.com.br\/blogdoralfereis\/wp-json\/wp\/v2\/media\/13014"}],"wp:attachment":[{"href":"https:\/\/www.tribunanf.com.br\/blogdoralfereis\/wp-json\/wp\/v2\/media?parent=14836"}],"wp:term":[{"taxonomy":"category","embeddable":true,"href":"https:\/\/www.tribunanf.com.br\/blogdoralfereis\/wp-json\/wp\/v2\/categories?post=14836"},{"taxonomy":"post_tag","embeddable":true,"href":"https:\/\/www.tribunanf.com.br\/blogdoralfereis\/wp-json\/wp\/v2\/tags?post=14836"}],"curies":[{"name":"wp","href":"https:\/\/api.w.org\/{rel}","templated":true}]}}