{"id":14830,"date":"2025-09-01T11:04:56","date_gmt":"2025-09-01T14:04:56","guid":{"rendered":"https:\/\/www.tribunanf.com.br\/blogdoralfereis\/?p=14830"},"modified":"2025-09-01T11:04:56","modified_gmt":"2025-09-01T14:04:56","slug":"paes-lidera-e-washington-reis-aparece-em-segundo-no-rj-aponta-parana-pesquisas","status":"publish","type":"post","link":"https:\/\/www.tribunanf.com.br\/blogdoralfereis\/2025\/09\/01\/paes-lidera-e-washington-reis-aparece-em-segundo-no-rj-aponta-parana-pesquisas\/","title":{"rendered":"Paes lidera e Washington Reis aparece em segundo no RJ, aponta Paran\u00e1 Pesquisas"},"content":{"rendered":"<p><img loading=\"lazy\" decoding=\"async\" class=\"aligncenter size-full wp-image-14832\" src=\"https:\/\/www.tribunanf.com.br\/blogdoralfereis\/wp-content\/uploads\/sites\/11\/2025\/09\/paes-bacellar-reis_Easy-Resize.com_-1024x577-1.jpg\" alt=\"\" width=\"1024\" height=\"577\" srcset=\"https:\/\/www.tribunanf.com.br\/blogdoralfereis\/wp-content\/uploads\/sites\/11\/2025\/09\/paes-bacellar-reis_Easy-Resize.com_-1024x577-1.jpg 1024w, https:\/\/www.tribunanf.com.br\/blogdoralfereis\/wp-content\/uploads\/sites\/11\/2025\/09\/paes-bacellar-reis_Easy-Resize.com_-1024x577-1-300x169.jpg 300w, https:\/\/www.tribunanf.com.br\/blogdoralfereis\/wp-content\/uploads\/sites\/11\/2025\/09\/paes-bacellar-reis_Easy-Resize.com_-1024x577-1-768x433.jpg 768w\" sizes=\"auto, (max-width: 1024px) 100vw, 1024px\" \/><\/p>\n<p style=\"text-align: justify;\">A disputa eleitoral de 2026 no Estado do Rio de Janeiro j\u00e1 come\u00e7a a ganhar contornos definidos. Segundo a mais recente pesquisa eleitoral divulgada nesta segunda-feira (1\u00ba) pelo Instituto Paran\u00e1 Pesquisas, o prefeito do Rio, Eduardo Paes (PSD), larga na frente para o governo estadual, vencendo com folga em todos os cen\u00e1rios apresentados.<\/p>\n<p style=\"text-align: justify;\">No primeiro cen\u00e1rio testado, Eduardo Paes atinge 54,8% das inten\u00e7\u00f5es de voto. Em segundo lugar aparece o ex-prefeito de Caxias e ex-secret\u00e1rio estadual de Transportes, Washington Reis (MDB), com 10,6%. Rodrigo Bacellar (Uni\u00e3o Brasil), atual presidente da Alerj, marca 7,8%, enquanto a vereadora carioca Monica Benicio (PSOL) registra 4,4%. \u00cdtalo Marsili, m\u00e9dico que ganhou notoriedade nas redes sociais, soma 1%. N\u00e3o sabem ou n\u00e3o opinaram 7,6% dos entrevistados, enquanto 13,9% afirmaram que n\u00e3o votariam em nenhum dos candidatos.<\/p>\n<p style=\"text-align: justify;\">No segundo cen\u00e1rio, sem Bacellar, a vantagem de Paes aumenta: ele chega a 56,8% contra 13,3% de Washington Reis. Monica Benicio aparece com 5,2% e \u00cdtalo Marsili mant\u00e9m 1,3%. Entres os eleitores ouvidos, 8,3% n\u00e3o sabem e n\u00e3o opinaram e 15,1% disseram que n\u00e3o escolheriam nenhum dos nomes apresentados.<\/p>\n<p style=\"text-align: justify;\">J\u00e1 no cen\u00e1rio em que surge Fl\u00e1vio Bolsonaro como advers\u00e1rio direto, Paes mant\u00e9m a dianteira, mas a dist\u00e2ncia cai. O prefeito atinge 50,6% das inten\u00e7\u00f5es, enquanto o senador tem 30,5%. Monica Benicio repete desempenho em torno de 5,3%. N\u00e3o sabem ou n\u00e3o opinaram somam 6%, enquanto os que n\u00e3o votariam em nenhum dos candidatos s\u00e3o 7,5%.<\/p>\n<p style=\"text-align: justify;\">Metodologia<\/p>\n<p style=\"text-align: justify;\">A pesquisa foi feita por meio de entrevistas pessoais, com margem de erro de 2,2 pontos percentuais e grau de confian\u00e7a de 95%. A amostra de dois mil eleitores foi estratificada por g\u00eanero, idade, escolaridade e n\u00edvel econ\u00f4mico, cobrindo 66 munic\u00edpios fluminenses.<\/p>\n<p style=\"text-align: justify;\">Confira a pesquisa: <a href=\"https:\/\/www.tribunanf.com.br\/blogdoralfereis\/wp-content\/uploads\/sites\/11\/2025\/09\/RJ_Ago25-Midia.pdf\">RJ_Ago25-Midia<\/a><\/p>\n","protected":false},"excerpt":{"rendered":"<p>A disputa eleitoral de 2026 no Estado do Rio de Janeiro j\u00e1 come\u00e7a a ganhar contornos definidos. Segundo a mais&#8230;<\/p>\n","protected":false},"author":2,"featured_media":14832,"comment_status":"open","ping_status":"open","sticky":false,"template":"","format":"standard","meta":{"colormag_page_container_layout":"default_layout","colormag_page_sidebar_layout":"default_layout","jetpack_post_was_ever_published":false,"_jetpack_newsletter_access":"","_jetpack_dont_email_post_to_subs":false,"_jetpack_newsletter_tier_id":0,"_jetpack_memberships_contains_paywalled_content":false,"_jetpack_memberships_contains_paid_content":false,"footnotes":""},"categories":[2],"tags":[],"class_list":["post-14830","post","type-post","status-publish","format-standard","has-post-thumbnail","hentry","category-politica"],"jetpack_featured_media_url":"https:\/\/www.tribunanf.com.br\/blogdoralfereis\/wp-content\/uploads\/sites\/11\/2025\/09\/paes-bacellar-reis_Easy-Resize.com_-1024x577-1.jpg","jetpack_sharing_enabled":true,"_links":{"self":[{"href":"https:\/\/www.tribunanf.com.br\/blogdoralfereis\/wp-json\/wp\/v2\/posts\/14830","targetHints":{"allow":["GET"]}}],"collection":[{"href":"https:\/\/www.tribunanf.com.br\/blogdoralfereis\/wp-json\/wp\/v2\/posts"}],"about":[{"href":"https:\/\/www.tribunanf.com.br\/blogdoralfereis\/wp-json\/wp\/v2\/types\/post"}],"author":[{"embeddable":true,"href":"https:\/\/www.tribunanf.com.br\/blogdoralfereis\/wp-json\/wp\/v2\/users\/2"}],"replies":[{"embeddable":true,"href":"https:\/\/www.tribunanf.com.br\/blogdoralfereis\/wp-json\/wp\/v2\/comments?post=14830"}],"version-history":[{"count":2,"href":"https:\/\/www.tribunanf.com.br\/blogdoralfereis\/wp-json\/wp\/v2\/posts\/14830\/revisions"}],"predecessor-version":[{"id":14834,"href":"https:\/\/www.tribunanf.com.br\/blogdoralfereis\/wp-json\/wp\/v2\/posts\/14830\/revisions\/14834"}],"wp:featuredmedia":[{"embeddable":true,"href":"https:\/\/www.tribunanf.com.br\/blogdoralfereis\/wp-json\/wp\/v2\/media\/14832"}],"wp:attachment":[{"href":"https:\/\/www.tribunanf.com.br\/blogdoralfereis\/wp-json\/wp\/v2\/media?parent=14830"}],"wp:term":[{"taxonomy":"category","embeddable":true,"href":"https:\/\/www.tribunanf.com.br\/blogdoralfereis\/wp-json\/wp\/v2\/categories?post=14830"},{"taxonomy":"post_tag","embeddable":true,"href":"https:\/\/www.tribunanf.com.br\/blogdoralfereis\/wp-json\/wp\/v2\/tags?post=14830"}],"curies":[{"name":"wp","href":"https:\/\/api.w.org\/{rel}","templated":true}]}}