{"id":14827,"date":"2025-08-27T18:34:48","date_gmt":"2025-08-27T21:34:48","guid":{"rendered":"https:\/\/www.tribunanf.com.br\/blogdoralfereis\/?p=14827"},"modified":"2025-08-27T18:34:48","modified_gmt":"2025-08-27T21:34:48","slug":"presidente-da-alerj-anuncia-assinatura-de-acordo-para-convocacao-de-concursados-da-seguranca","status":"publish","type":"post","link":"https:\/\/www.tribunanf.com.br\/blogdoralfereis\/2025\/08\/27\/presidente-da-alerj-anuncia-assinatura-de-acordo-para-convocacao-de-concursados-da-seguranca\/","title":{"rendered":"Presidente da Alerj anuncia assinatura de acordo para convoca\u00e7\u00e3o de concursados da seguran\u00e7a"},"content":{"rendered":"<p><img loading=\"lazy\" decoding=\"async\" class=\"aligncenter size-large wp-image-10878\" src=\"https:\/\/www.tribunanf.com.br\/blogdoralfereis\/wp-content\/uploads\/sites\/11\/2023\/02\/bacellar_Easy-Resize.com-1-1024x768.jpg\" alt=\"\" width=\"800\" height=\"600\" srcset=\"https:\/\/www.tribunanf.com.br\/blogdoralfereis\/wp-content\/uploads\/sites\/11\/2023\/02\/bacellar_Easy-Resize.com-1-1024x768.jpg 1024w, https:\/\/www.tribunanf.com.br\/blogdoralfereis\/wp-content\/uploads\/sites\/11\/2023\/02\/bacellar_Easy-Resize.com-1-300x225.jpg 300w, https:\/\/www.tribunanf.com.br\/blogdoralfereis\/wp-content\/uploads\/sites\/11\/2023\/02\/bacellar_Easy-Resize.com-1-768x576.jpg 768w, https:\/\/www.tribunanf.com.br\/blogdoralfereis\/wp-content\/uploads\/sites\/11\/2023\/02\/bacellar_Easy-Resize.com-1.jpg 1280w\" sizes=\"auto, (max-width: 800px) 100vw, 800px\" \/><\/p>\n<p class=\"margintop11\" style=\"text-align: justify;\">O presidente da Assembleia Legislativa do Estado do Rio de Janeiro (Alerj), deputado Rodrigo Bacellar (Uni\u00e3o), anunciou, nesta quarta-feira (26\/08), que no dia 10 de setembro ser\u00e1 assinado o acordo que garantir\u00e1 a convoca\u00e7\u00e3o de concursados da \u00e1rea de seguran\u00e7a p\u00fablica de 2014. A decis\u00e3o foi resultado de um consenso entre o Parlamento Fluminense, o Governo do Estado e o Minist\u00e9rio P\u00fablico do Rio de Janeiro (MP-RJ).<\/p>\n<p class=\"margintop11\" style=\"text-align: justify;\">A informa\u00e7\u00e3o foi dada durante a abertura da sess\u00e3o plen\u00e1ria, que contou com a presen\u00e7a de servidores p\u00fablicos e aprovados no concurso, que acompanharam a reuni\u00e3o da galeria do plen\u00e1rio. \u201cSempre defendi que o trabalho em equipe \u00e9 o que vence e, hoje, comprovamos isso. A palavra dada deve ser cumprida e assim o fizemos. No pr\u00f3ximo dia 10 ser\u00e1 assinado o acordo e os aprovados que est\u00e3o h\u00e1 anos nessa luta poder\u00e3o comemorar\u201d, afirmou Bacellar.<\/p>\n<p class=\"margintop11\" style=\"text-align: justify;\">O deputado Luiz Paulo (PSD) tamb\u00e9m comemorou a conquista e destacou o papel da Alerj na solu\u00e7\u00e3o da quest\u00e3o.\u00a0\u201cOs concursados s\u00f3 desejam servir na nossa Pol\u00edcia Militar e corrigir graves distor\u00e7\u00f5es. Agrade\u00e7o tamb\u00e9m ao procurador da Alerj, Robson Maciel, que foi decisivo nesse processo\u201d, disse o parlamentar, informando que cerca de 800 candidatos aguardam a convoca\u00e7\u00e3o.<\/p>\n<p style=\"text-align: justify;\">Ascom*<\/p>\n","protected":false},"excerpt":{"rendered":"<p>O presidente da Assembleia Legislativa do Estado do Rio de Janeiro (Alerj), deputado Rodrigo Bacellar (Uni\u00e3o), anunciou, nesta quarta-feira (26\/08),&#8230;<\/p>\n","protected":false},"author":2,"featured_media":10878,"comment_status":"open","ping_status":"open","sticky":false,"template":"","format":"standard","meta":{"colormag_page_container_layout":"default_layout","colormag_page_sidebar_layout":"default_layout","jetpack_post_was_ever_published":false,"_jetpack_newsletter_access":"","_jetpack_dont_email_post_to_subs":false,"_jetpack_newsletter_tier_id":0,"_jetpack_memberships_contains_paywalled_content":false,"_jetpack_memberships_contains_paid_content":false,"footnotes":""},"categories":[2],"tags":[],"class_list":["post-14827","post","type-post","status-publish","format-standard","has-post-thumbnail","hentry","category-politica"],"jetpack_featured_media_url":"https:\/\/www.tribunanf.com.br\/blogdoralfereis\/wp-content\/uploads\/sites\/11\/2023\/02\/bacellar_Easy-Resize.com-1.jpg","jetpack_sharing_enabled":true,"_links":{"self":[{"href":"https:\/\/www.tribunanf.com.br\/blogdoralfereis\/wp-json\/wp\/v2\/posts\/14827","targetHints":{"allow":["GET"]}}],"collection":[{"href":"https:\/\/www.tribunanf.com.br\/blogdoralfereis\/wp-json\/wp\/v2\/posts"}],"about":[{"href":"https:\/\/www.tribunanf.com.br\/blogdoralfereis\/wp-json\/wp\/v2\/types\/post"}],"author":[{"embeddable":true,"href":"https:\/\/www.tribunanf.com.br\/blogdoralfereis\/wp-json\/wp\/v2\/users\/2"}],"replies":[{"embeddable":true,"href":"https:\/\/www.tribunanf.com.br\/blogdoralfereis\/wp-json\/wp\/v2\/comments?post=14827"}],"version-history":[{"count":2,"href":"https:\/\/www.tribunanf.com.br\/blogdoralfereis\/wp-json\/wp\/v2\/posts\/14827\/revisions"}],"predecessor-version":[{"id":14829,"href":"https:\/\/www.tribunanf.com.br\/blogdoralfereis\/wp-json\/wp\/v2\/posts\/14827\/revisions\/14829"}],"wp:featuredmedia":[{"embeddable":true,"href":"https:\/\/www.tribunanf.com.br\/blogdoralfereis\/wp-json\/wp\/v2\/media\/10878"}],"wp:attachment":[{"href":"https:\/\/www.tribunanf.com.br\/blogdoralfereis\/wp-json\/wp\/v2\/media?parent=14827"}],"wp:term":[{"taxonomy":"category","embeddable":true,"href":"https:\/\/www.tribunanf.com.br\/blogdoralfereis\/wp-json\/wp\/v2\/categories?post=14827"},{"taxonomy":"post_tag","embeddable":true,"href":"https:\/\/www.tribunanf.com.br\/blogdoralfereis\/wp-json\/wp\/v2\/tags?post=14827"}],"curies":[{"name":"wp","href":"https:\/\/api.w.org\/{rel}","templated":true}]}}