{"id":14824,"date":"2025-08-27T13:54:12","date_gmt":"2025-08-27T16:54:12","guid":{"rendered":"https:\/\/www.tribunanf.com.br\/blogdoralfereis\/?p=14824"},"modified":"2025-08-27T13:54:12","modified_gmt":"2025-08-27T16:54:12","slug":"mprj-ajuiza-acao-para-que-municipio-de-sao-fidelis-convoque-aprovados-em-concurso","status":"publish","type":"post","link":"https:\/\/www.tribunanf.com.br\/blogdoralfereis\/2025\/08\/27\/mprj-ajuiza-acao-para-que-municipio-de-sao-fidelis-convoque-aprovados-em-concurso\/","title":{"rendered":"MPRJ aju\u00edza a\u00e7\u00e3o para que munic\u00edpio de S\u00e3o Fid\u00e9lis convoque aprovados em concurso"},"content":{"rendered":"<p><img loading=\"lazy\" decoding=\"async\" class=\"aligncenter size-large wp-image-13245\" src=\"https:\/\/www.tribunanf.com.br\/blogdoralfereis\/wp-content\/uploads\/sites\/11\/2024\/07\/concurso-prefeitura-sao-fidelis-rj-maps_Easy-Resize.com_-1024x575.jpg\" alt=\"\" width=\"800\" height=\"449\" srcset=\"https:\/\/www.tribunanf.com.br\/blogdoralfereis\/wp-content\/uploads\/sites\/11\/2024\/07\/concurso-prefeitura-sao-fidelis-rj-maps_Easy-Resize.com_-1024x575.jpg 1024w, https:\/\/www.tribunanf.com.br\/blogdoralfereis\/wp-content\/uploads\/sites\/11\/2024\/07\/concurso-prefeitura-sao-fidelis-rj-maps_Easy-Resize.com_-300x169.jpg 300w, https:\/\/www.tribunanf.com.br\/blogdoralfereis\/wp-content\/uploads\/sites\/11\/2024\/07\/concurso-prefeitura-sao-fidelis-rj-maps_Easy-Resize.com_-768x431.jpg 768w, https:\/\/www.tribunanf.com.br\/blogdoralfereis\/wp-content\/uploads\/sites\/11\/2024\/07\/concurso-prefeitura-sao-fidelis-rj-maps_Easy-Resize.com_.jpg 1280w\" sizes=\"auto, (max-width: 800px) 100vw, 800px\" \/><\/p>\n<p style=\"text-align: justify;\">O Minist\u00e9rio P\u00fablico do Estado do Rio de Janeiro (MPRJ), por meio da 1\u00aa Promotoria de Justi\u00e7a de Tutela Coletiva do N\u00facleo Campos dos Goytacazes, ajuizou, nesta ter\u00e7a-feira (26\/08), a\u00e7\u00e3o civil p\u00fablica contra o munic\u00edpio de S\u00e3o Fid\u00e9lis, para que n\u00e3o realize novas contrata\u00e7\u00f5es tempor\u00e1rias e convoque os aprovados no concurso p\u00fablico 01\/2023, sobretudo quanto aos cargos de professor, cuidador escolar e mediador.<\/p>\n<p style=\"text-align: justify;\">De acordo com a ACP, a Ouvidoria\/MPRJ recebeu diversas manifesta\u00e7\u00f5es relatando a pr\u00e1tica reiterada e irregular de contrata\u00e7\u00f5es tempor\u00e1rias, por parte do munic\u00edpio, em detrimento dos candidatos aprovados que seguiam aguardando convoca\u00e7\u00e3o, especialmente na \u00e1rea da educa\u00e7\u00e3o. A medida configura viola\u00e7\u00e3o direta aos princ\u00edpios da Legalidade, Impessoalidade e Moralidade, al\u00e9m de contrariar expressamente o artigo 4\u00ba da Lei Municipal n\u00ba 1.733\/2023 que veda a contrata\u00e7\u00e3o de tempor\u00e1rios para cargos oferecidos por concurso em andamento.<\/p>\n<p style=\"text-align: justify;\">\u201cAo analisar a rela\u00e7\u00e3o de contratos tempor\u00e1rios vigentes, verificou-se que muitos dos contratados estavam exercendo fun\u00e7\u00f5es de gest\u00e3o escolar, ou atuando em unidades escolares sob a justificativa de \u2018aguardando posse de candidato\u2019, evidenciando que tais contrata\u00e7\u00f5es n\u00e3o se destinam exclusivamente a substitui\u00e7\u00f5es pontuais, mas sim ao exerc\u00edcio de cargos de natureza permanente, inclusive de dire\u00e7\u00e3o escolar, que deveriam ser ocupadas por servidores efetivos ou comissionados\u201d, diz trecho do documento.<\/p>\n<p style=\"text-align: justify;\">Processo n\u00ba 0801757-61.2025.8.19.0051<\/p>\n<p style=\"text-align: justify;\">Por MPRJ<\/p>\n","protected":false},"excerpt":{"rendered":"<p>O Minist\u00e9rio P\u00fablico do Estado do Rio de Janeiro (MPRJ), por meio da 1\u00aa Promotoria de Justi\u00e7a de Tutela Coletiva&#8230;<\/p>\n","protected":false},"author":2,"featured_media":13245,"comment_status":"open","ping_status":"open","sticky":false,"template":"","format":"standard","meta":{"colormag_page_container_layout":"default_layout","colormag_page_sidebar_layout":"default_layout","jetpack_post_was_ever_published":false,"_jetpack_newsletter_access":"","_jetpack_dont_email_post_to_subs":false,"_jetpack_newsletter_tier_id":0,"_jetpack_memberships_contains_paywalled_content":false,"_jetpack_memberships_contains_paid_content":false,"footnotes":""},"categories":[2],"tags":[],"class_list":["post-14824","post","type-post","status-publish","format-standard","has-post-thumbnail","hentry","category-politica"],"jetpack_featured_media_url":"https:\/\/www.tribunanf.com.br\/blogdoralfereis\/wp-content\/uploads\/sites\/11\/2024\/07\/concurso-prefeitura-sao-fidelis-rj-maps_Easy-Resize.com_.jpg","jetpack_sharing_enabled":true,"_links":{"self":[{"href":"https:\/\/www.tribunanf.com.br\/blogdoralfereis\/wp-json\/wp\/v2\/posts\/14824","targetHints":{"allow":["GET"]}}],"collection":[{"href":"https:\/\/www.tribunanf.com.br\/blogdoralfereis\/wp-json\/wp\/v2\/posts"}],"about":[{"href":"https:\/\/www.tribunanf.com.br\/blogdoralfereis\/wp-json\/wp\/v2\/types\/post"}],"author":[{"embeddable":true,"href":"https:\/\/www.tribunanf.com.br\/blogdoralfereis\/wp-json\/wp\/v2\/users\/2"}],"replies":[{"embeddable":true,"href":"https:\/\/www.tribunanf.com.br\/blogdoralfereis\/wp-json\/wp\/v2\/comments?post=14824"}],"version-history":[{"count":2,"href":"https:\/\/www.tribunanf.com.br\/blogdoralfereis\/wp-json\/wp\/v2\/posts\/14824\/revisions"}],"predecessor-version":[{"id":14826,"href":"https:\/\/www.tribunanf.com.br\/blogdoralfereis\/wp-json\/wp\/v2\/posts\/14824\/revisions\/14826"}],"wp:featuredmedia":[{"embeddable":true,"href":"https:\/\/www.tribunanf.com.br\/blogdoralfereis\/wp-json\/wp\/v2\/media\/13245"}],"wp:attachment":[{"href":"https:\/\/www.tribunanf.com.br\/blogdoralfereis\/wp-json\/wp\/v2\/media?parent=14824"}],"wp:term":[{"taxonomy":"category","embeddable":true,"href":"https:\/\/www.tribunanf.com.br\/blogdoralfereis\/wp-json\/wp\/v2\/categories?post=14824"},{"taxonomy":"post_tag","embeddable":true,"href":"https:\/\/www.tribunanf.com.br\/blogdoralfereis\/wp-json\/wp\/v2\/tags?post=14824"}],"curies":[{"name":"wp","href":"https:\/\/api.w.org\/{rel}","templated":true}]}}